{"id":22139,"date":"2020-06-24T13:09:27","date_gmt":"2020-06-24T11:09:27","guid":{"rendered":"https:\/\/www.vidademadrid.com\/es\/?p=22139"},"modified":"2020-06-25T11:35:56","modified_gmt":"2020-06-25T09:35:56","slug":"espacio-fundacion-telefonica-madrid-exposiciones","status":"publish","type":"post","link":"https:\/\/www.vidademadrid.com\/es\/22139\/espacio-fundacion-telefonica-madrid-exposiciones\/","title":{"rendered":"Espacio Fundaci\u00f3n Telef\u00f3nica Madrid: exposiciones a partir del 26 de junio"},"content":{"rendered":"<p>El <strong>Espacio Fundaci\u00f3n Telef\u00f3nica de Madrid<\/strong> reabrir\u00e1 sus puertas el pr\u00f3ximo <strong>viernes 26 de junio<\/strong> con el compromiso de acercar la cultura digital, el arte y el conocimiento a todos, adem\u00e1s de contribuir a la recuperaci\u00f3n econ\u00f3mica y social de la ciudad. \u00bfQu\u00e9 <strong>exposiciones<\/strong> se podr\u00e1n ver?<\/p>\n<p><script async=\"\" src=\"https:\/\/pagead2.googlesyndication.com\/pagead\/js\/adsbygoogle.js\"><\/script> <ins class=\"adsbygoogle\" style=\"display:block; text-align:center;\" data-ad-layout=\"in-article\" data-ad-format=\"fluid\" data-ad-client=\"ca-pub-7450064428034605\" data-ad-slot=\"5670045061\"><\/ins> <script>(adsbygoogle = window.adsbygoogle || []).push({});<\/script><\/p>\n<h2>Espacio Fundaci\u00f3n Telef\u00f3nica: Exposiciones<\/h2>\n<p><script async=\"\" src=\"https:\/\/pagead2.googlesyndication.com\/pagead\/js\/adsbygoogle.js\"><\/script> <ins class=\"adsbygoogle\" style=\"display:block\" data-ad-format=\"fluid\" data-ad-layout-key=\"-7f+eo+1+2-5\" data-ad-client=\"ca-pub-7450064428034605\" data-ad-slot=\"7327027071\"><\/ins><script>(adsbygoogle = window.adsbygoogle || []).push({});<\/script>Con la reapertura del espacio, se retomar\u00e1n los proyectos expositivos que quedaron aplazados estos meses por el coronavirus como <a href=\"https:\/\/espacio.fundaciontelefonica.com\/evento\/bill-viola-espejos-de-lo-invisible\/\"><em><strong>Bill Viola. Espejos de lo Invisible<\/strong><\/em><\/a>, un amplio recorrido por la trayectoria de uno de los grandes artistas pioneros del videoarte; <a href=\"https:\/\/espacio.fundaciontelefonica.com\/evento\/gila-al-aparato\/\"><em><strong>Gila al aparato<\/strong><\/em><\/a>, una muestra en homenaje al gran humorista; as\u00ed como la muestra permanente <a href=\"https:\/\/espacio.fundaciontelefonica.com\/evento\/historia-de-las-telecomunicaciones\/\"><em><strong>Historia de las Telecomunicaciones<\/strong><\/em><\/a>, una exposici\u00f3n que tiene como objetivo dar a conocer la evoluci\u00f3n de las mismas con un especial acento en la telefon\u00eda en Espa\u00f1a.&nbsp;<\/p>\n<p>Por otro lado, en septiembre se inaugurar\u00e1 <em><strong>Curiosidad radical. En la \u00f3rbita de Buckminster Fuller<\/strong><\/em>, un viaje en torno a la figura del investigador y visionario norteamericano. Adem\u00e1s, se seguir\u00e1 apostando por la <a href=\"https:\/\/espacio.fundaciontelefonica.com\/noticia\/cultura-digital-a-la-carta\/\">cultura digital<\/a> y los nuevos <a href=\"https:\/\/espacio.fundaciontelefonica.com\/evento\/repensando-el-manana\/\">espacios de debate y reflexi\u00f3n en digital<\/a> que se han creado durante estos meses de confinamiento y que han tenido y seguir\u00e1n teniendo cada vez m\u00e1s protagonismo.&nbsp;<\/p>\n<h2>Espacio Fundaci\u00f3n Telef\u00f3nica: Visitas y entradas<\/h2>\n<p><script async=\"\" src=\"https:\/\/pagead2.googlesyndication.com\/pagead\/js\/adsbygoogle.js\"><\/script> <!-- Vertical2020 --><ins class=\"adsbygoogle\" style=\"display:block\" data-ad-client=\"ca-pub-7450064428034605\" data-ad-slot=\"4377430105\" data-ad-format=\"auto\" data-full-width-responsive=\"true\"><\/ins><script>(adsbygoogle = window.adsbygoogle || []).push({});<\/script>A partir de ahora, para acceder a las exposiciones ser\u00e1 necesario <strong>reservar las entradas de manera online gratuitamente<\/strong> y <strong>escoger la franja horaria<\/strong> de visita que prefieras. Durante las visitas, el uso de mascarilla ser\u00e1 necesario y, adem\u00e1s, las instalaciones se han adaptado a las medidas de seguridad reduciendo el aforo, incrementando los protocolos de limpieza y colocando dispensadores de gel hidroalcoh\u00f3lico.&nbsp;<\/p>\n<p>Desde la organizaci\u00f3n se recomienda realizar las visitas individualmente o con las personas con las que convives, limitar la visita a un m\u00e1ximo de una hora, consultar antes de tu visita los textos y audiogu\u00eda de la exposici\u00f3n que visites y descargar las entradas en tu dispositivo m\u00f3vil o llevarlas impresas.&nbsp;<\/p>\n","protected":false},"excerpt":{"rendered":"<p>Se retomar\u00e1n los proyectos interrumpidos por la pandemia<\/p>\n","protected":false},"author":10,"featured_media":22140,"comment_status":"open","ping_status":"open","sticky":false,"template":"","format":"standard","meta":{"footnotes":""},"categories":[111],"tags":[],"class_list":{"0":"post-22139","1":"post","2":"type-post","3":"status-publish","4":"format-standard","5":"has-post-thumbnail","7":"category-exposiciones-madrid"},"_links":{"self":[{"href":"https:\/\/www.vidademadrid.com\/es\/wp-json\/wp\/v2\/posts\/22139","targetHints":{"allow":["GET"]}}],"collection":[{"href":"https:\/\/www.vidademadrid.com\/es\/wp-json\/wp\/v2\/posts"}],"about":[{"href":"https:\/\/www.vidademadrid.com\/es\/wp-json\/wp\/v2\/types\/post"}],"author":[{"embeddable":true,"href":"https:\/\/www.vidademadrid.com\/es\/wp-json\/wp\/v2\/users\/10"}],"replies":[{"embeddable":true,"href":"https:\/\/www.vidademadrid.com\/es\/wp-json\/wp\/v2\/comments?post=22139"}],"version-history":[{"count":4,"href":"https:\/\/www.vidademadrid.com\/es\/wp-json\/wp\/v2\/posts\/22139\/revisions"}],"predecessor-version":[{"id":22144,"href":"https:\/\/www.vidademadrid.com\/es\/wp-json\/wp\/v2\/posts\/22139\/revisions\/22144"}],"wp:featuredmedia":[{"embeddable":true,"href":"https:\/\/www.vidademadrid.com\/es\/wp-json\/wp\/v2\/media\/22140"}],"wp:attachment":[{"href":"https:\/\/www.vidademadrid.com\/es\/wp-json\/wp\/v2\/media?parent=22139"}],"wp:term":[{"taxonomy":"category","embeddable":true,"href":"https:\/\/www.vidademadrid.com\/es\/wp-json\/wp\/v2\/categories?post=22139"},{"taxonomy":"post_tag","embeddable":true,"href":"https:\/\/www.vidademadrid.com\/es\/wp-json\/wp\/v2\/tags?post=22139"}],"curies":[{"name":"wp","href":"https:\/\/api.w.org\/{rel}","templated":true}]}}