{"id":22101,"date":"2020-06-24T10:18:27","date_gmt":"2020-06-24T08:18:27","guid":{"rendered":"https:\/\/www.vidademadrid.com\/es\/?p=22101"},"modified":"2020-06-25T11:35:32","modified_gmt":"2020-06-25T09:35:32","slug":"cine-de-verano-conde-duque-2020","status":"publish","type":"post","link":"https:\/\/www.vidademadrid.com\/es\/22101\/cine-de-verano-conde-duque-2020\/","title":{"rendered":"\u00bfHabr\u00e1 cine de verano en Conde Duque este 2020? Informaci\u00f3n actualizada"},"content":{"rendered":"<p>Durante los \u00faltimos a\u00f1os, el cine de verano en Conde Duque ha sido uno de los eventos de la temporada en la capital: un gran espacio, en pleno centro de Madrid, para disfrutar al aire libre de pel\u00edculas con amigos o en familia. Pero \u00bfhabr\u00e1 <strong>cine de verano en Conde Duque este 2020<\/strong>? Te damos a continuaci\u00f3n la informaci\u00f3n actualizada.<\/p>\n\n\n<script async src=\"https:\/\/pagead2.googlesyndication.com\/pagead\/js\/adsbygoogle.js\"><\/script> <ins class=\"adsbygoogle\" style=\"display:block; text-align:center;\" data-ad-layout=\"in-article\" data-ad-format=\"fluid\" data-ad-client=\"ca-pub-7450064428034605\" data-ad-slot=\"5670045061\"><\/ins> <script>(adsbygoogle = window.adsbygoogle || []).push({});<\/script>\n\n\n\n<h2>\u00bfCine de verano en Conde Duque este 2020?<\/h2>\n<p>El a\u00f1o pasado cine de verano en Conde Duque arranc\u00f3 el 5 de julio para terminare el 7 de septiembre. La programaci\u00f3n, para todos los p\u00fablicos, inclu\u00eda <strong>estrenos, VOSE, cl\u00e1sicos, documentales, coloquios y sing-along<\/strong>&nbsp;con una proyecci\u00f3n al dia, a las 22 horas, a un precio de 6 \u20ac.<\/p>\n<script async=\"\" src=\"https:\/\/pagead2.googlesyndication.com\/pagead\/js\/adsbygoogle.js\"><\/script> <ins class=\"adsbygoogle\" style=\"display:block\" data-ad-format=\"fluid\" data-ad-layout-key=\"-7f+eo+1+2-5\" data-ad-client=\"ca-pub-7450064428034605\" data-ad-slot=\"7327027071\"><\/ins><script>(adsbygoogle = window.adsbygoogle || []).push({});<\/script>\n\n<p>\u00bfY este 2020? Entre las consecuencias de la crisis del coronavirus, est\u00e1 el <strong>cambio de la programaci\u00f3n de verano de los centros culturales<\/strong>. Las normas de la nueva normalidad permiten las celebraciones de cines de verano, siempre que se respeta el distanciamiento entre sillas y la limitaci\u00f3n de aforo. A\u00fan as\u00ed, de momento no ha sido confirmada la edici\u00f3n de 2020 del cine de verano en Conde Duque. Lo que sabemos es que probablemente este a\u00f1o <a href=\"https:\/\/www.vidademadrid.com\/es\/18381\/veranos-de-la-villa-agosto-2020-madrid-programacion-fechas\/\">el festival \u00abVeranos de la Villa\u00bb, que suele celebrarse en distintos lugares de Madrid, podr\u00eda tener lugar \u00fanicamente en Conde Duque<\/a>. As\u00ed que, en lugar del cine, el&nbsp; Patio Sur de Conde Duque podr\u00eda ser el escenario de conciertos y espect\u00e1culos.<\/p>\n<p>La Tropa Produce, la productora detr\u00e1s de las ediciones 2018 y 2019 del cine de verano de Conde Duque, este a\u00f1o se traslada a <a href=\"https:\/\/www.vidademadrid.com\/es\/21787\/abre-madrid-conciertos-verano-2020-ifema-cartel-entradas\/\"><strong>Abre Madrid<\/strong><\/a>, evento en dos nuevos escenarios de Ifema. Una pista m\u00e1s que nos aleja de la posibilidad de tener cine de verano en Conde Duque este 2020.<\/p>\n<p><em>Actualizaremos nuestro art\u00edculo en cuanto tengamos novedades sobre la celebraci\u00f3n del cine de verano 2020 en Conde Duque.<\/em><\/p>\n<script async=\"\" src=\"https:\/\/pagead2.googlesyndication.com\/pagead\/js\/adsbygoogle.js\"><\/script> <!-- Vertical2020 --><ins class=\"adsbygoogle\" style=\"display:block\" data-ad-client=\"ca-pub-7450064428034605\" data-ad-slot=\"4377430105\" data-ad-format=\"auto\" data-full-width-responsive=\"true\"><\/ins><script>(adsbygoogle = window.adsbygoogle || []).push({});<\/script>  \n","protected":false},"excerpt":{"rendered":"<p>El centro cultural podr\u00eda no tener este a\u00f1o su habitual evento veraniego<\/p>\n","protected":false},"author":1,"featured_media":22103,"comment_status":"open","ping_status":"open","sticky":false,"template":"","format":"standard","meta":{"footnotes":""},"categories":[1],"tags":[124],"class_list":{"0":"post-22101","1":"post","2":"type-post","3":"status-publish","4":"format-standard","5":"has-post-thumbnail","7":"category-varios","8":"tag-conde-duque"},"_links":{"self":[{"href":"https:\/\/www.vidademadrid.com\/es\/wp-json\/wp\/v2\/posts\/22101","targetHints":{"allow":["GET"]}}],"collection":[{"href":"https:\/\/www.vidademadrid.com\/es\/wp-json\/wp\/v2\/posts"}],"about":[{"href":"https:\/\/www.vidademadrid.com\/es\/wp-json\/wp\/v2\/types\/post"}],"author":[{"embeddable":true,"href":"https:\/\/www.vidademadrid.com\/es\/wp-json\/wp\/v2\/users\/1"}],"replies":[{"embeddable":true,"href":"https:\/\/www.vidademadrid.com\/es\/wp-json\/wp\/v2\/comments?post=22101"}],"version-history":[{"count":2,"href":"https:\/\/www.vidademadrid.com\/es\/wp-json\/wp\/v2\/posts\/22101\/revisions"}],"predecessor-version":[{"id":22105,"href":"https:\/\/www.vidademadrid.com\/es\/wp-json\/wp\/v2\/posts\/22101\/revisions\/22105"}],"wp:featuredmedia":[{"embeddable":true,"href":"https:\/\/www.vidademadrid.com\/es\/wp-json\/wp\/v2\/media\/22103"}],"wp:attachment":[{"href":"https:\/\/www.vidademadrid.com\/es\/wp-json\/wp\/v2\/media?parent=22101"}],"wp:term":[{"taxonomy":"category","embeddable":true,"href":"https:\/\/www.vidademadrid.com\/es\/wp-json\/wp\/v2\/categories?post=22101"},{"taxonomy":"post_tag","embeddable":true,"href":"https:\/\/www.vidademadrid.com\/es\/wp-json\/wp\/v2\/tags?post=22101"}],"curies":[{"name":"wp","href":"https:\/\/api.w.org\/{rel}","templated":true}]}}