{"id":22100,"date":"2020-07-24T10:25:49","date_gmt":"2020-07-24T08:25:49","guid":{"rendered":"https:\/\/www.vidademadrid.com\/es\/?p=22100"},"modified":"2020-07-25T10:41:40","modified_gmt":"2020-07-25T08:41:40","slug":"cine-verano-bombilla-2020","status":"publish","type":"post","link":"https:\/\/www.vidademadrid.com\/es\/22100\/cine-verano-bombilla-2020\/","title":{"rendered":"Cine de verano La Bombilla, del 31 de julio al 13 de septiembre. Programa"},"content":{"rendered":"<h2>24 de julio 2020<\/h2>\n<p>Buenas noticias: el <strong>Cine de verano de La Bombilla vuelve el 31 de julio<\/strong>. Fescinal, los organizadores del festival, han anunciado que se ha desbloqueado la situaci\u00f3n y as\u00ed ser\u00e1 posible abrir las puertas del cine de verano ya el pr\u00f3ximo fin de semana.<\/p>\n<p>El cine de verano de La Bombilla tendr\u00e1 lugar finalmente <strong>del 31 de julio al 13 de septiembre<\/strong>, con una programaci\u00f3n que comenzar\u00e1 dando un homenaje al maestro <strong>Ennio Morricone<\/strong>, con la proyecci\u00f3n de Nuovo Cinema Paradiso.<\/p>\n<p>Todos los d\u00edas habr\u00e1 proyecciones, con apertura de puerta a las 20.45 h y proyecciones a las 22.00 h.<\/p>\n<p>A continuaci\u00f3n la programaci\u00f3n ya cerrada hasta el 10 de agosto.<\/p>\n<p><img loading=\"lazy\" decoding=\"async\" class=\"aligncenter wp-image-23447 size-full\" src=\"https:\/\/www.vidademadrid.com\/es\/wp-content\/uploads\/2020\/07\/bombilla-2020.png\" alt=\"\" width=\"571\" height=\"721\" srcset=\"https:\/\/www.vidademadrid.com\/es\/wp-content\/uploads\/2020\/07\/bombilla-2020.png 571w, https:\/\/www.vidademadrid.com\/es\/wp-content\/uploads\/2020\/07\/bombilla-2020-238x300.png 238w, https:\/\/www.vidademadrid.com\/es\/wp-content\/uploads\/2020\/07\/bombilla-2020-333x420.png 333w\" sizes=\"auto, (max-width: 571px) 100vw, 571px\" \/><\/p>\n<h2>&nbsp;<\/h2>\n<h2>3 de julio 2020<\/h2>\n<p>Los organizadores del tradicional <strong>cine de Verano Fescinal La Bombilla<\/strong> informan hoy: <em>\u00abTenemos una mala noticia, puede que Fescinal no est\u00e9 en La Bombilla este a\u00f1o<\/em>\u00ab.<\/p>\n<p>Cuentan que, con la licitaci\u00f3n del pasado 1 de julio, el cine de este verano podr\u00eda abrir solo el 20 de agosto, con el cierre de temporada el 4 de octubre.&nbsp; \u00ab<em>A partir del primer domingo de septiembre es inviable mantener abierto un cine sin espectadores. Alguien no se ha dado cuenta de que hablamos de un cine de verano al aire libre, un cine de per\u00edodo de vacaciones, en el que influyen la climatolog\u00eda, los horarios, los colegios, las rutinas\u2026 \u00bfDesde cuando el cine de verano se hace en oto\u00f1o?<\/em>\u00ab,<\/p>\n<p>Los organizadores se han puesto en contacto otra vez con el Ayuntamiento, asegurando de poder comenzar las proyecciones el 20 de julio. Pod\u00e9is leer la declaraci\u00f3n completa en este <strong>hilo en Twitter<\/strong>.<\/p>\n<blockquote class=\"twitter-tweet\">\n<p><\/p>\n<p dir=\"ltr\" lang=\"es\">Queridos amigos:<\/p>\n<p>Hoy tenemos una mala noticia, puede que Fescinal no est\u00e9 en La Bombilla este a\u00f1o. <br>(ABRIMOS HILO) <a href=\"https:\/\/t.co\/xbVEn8wNA1\">pic.twitter.com\/xbVEn8wNA1<\/a><\/p>\n<p>\u2014 Fescinal La Bombilla (@Fescinal) <a href=\"https:\/\/twitter.com\/Fescinal\/status\/1279021521047093251?ref_src=twsrc%5Etfw\">July 3, 2020<\/a><\/p>\n<\/blockquote>\n<p><script async=\"\" src=\"https:\/\/platform.twitter.com\/widgets.js\" charset=\"utf-8\"><\/script><\/p>\n<p><\/p>\n<h2>24 de junio 2020<\/h2>\n<p>El festival de <strong>cine de verano La Bombilla<\/strong> celebrado cada verano en el <strong>Parque de La Bombilla<\/strong> (Avenida Valladolid) de <strong>Madrid<\/strong> se ha mudado a <strong>Ja\u00e9n,<\/strong> y podr\u00eda no celebrarse este 2020 en la capital por el <a href=\"https:\/\/www.vidademadrid.com\/es\/15626\/coronavirus-madrid\/\"><strong>coronavirus.<\/strong><\/a><\/p>\n<p><script async=\"\" src=\"\/\/pagead2.googlesyndication.com\/pagead\/js\/adsbygoogle.js\"><\/script> <!-- Vida 1 --> <ins class=\"adsbygoogle\" style=\"display: block;\" data-ad-client=\"ca-pub-7450064428034605\" data-ad-slot=\"2284573579\" data-ad-format=\"auto\"><\/ins> <script> (adsbygoogle = window.adsbygoogle || []).push({}); <\/script><\/p>\n<h2>Cine de verano La Bombilla en Ja\u00e9n<\/h2>\n<p><script async=\"\" src=\"\/\/pagead2.googlesyndication.com\/pagead\/js\/adsbygoogle.js\"><\/script> <!-- Vida 2 --> <ins class=\"adsbygoogle\" style=\"display: inline-block; width: 336px; height: 280px;\" data-ad-client=\"ca-pub-7450064428034605\" data-ad-slot=\"9336835571\"><\/ins> <script> (adsbygoogle = window.adsbygoogle || []).push({}); <\/script>En una publicaci\u00f3n en <strong>Facebook<\/strong>, los organizadores del cine de verano <strong>La Bombilla<\/strong> aseguraban que se han visto obligados a buscar alternativas y mudarse a Ja\u00e9n, de momento. En la ciudad andaluza el cine La Bombilla proyectar\u00e1 sus pel\u00edculas en el Auditorio de La Alameda en los meses de julio, agosto y septiembre.<\/p>\n<h2>Cine de verano La Bombilla 2020 en Madrid<\/h2>\n<p><script async=\"\" src=\"\/\/pagead2.googlesyndication.com\/pagead\/js\/adsbygoogle.js\"><\/script> <!-- Vida vertical --> <ins class=\"adsbygoogle\" style=\"display: inline-block; width: 300px; height: 600px;\" data-ad-client=\"ca-pub-7450064428034605\" data-ad-slot=\"7296098777\"><\/ins> <script> (adsbygoogle = window.adsbygoogle || []).push({}); <\/script>El cine de verano La Bombilla se organizaba cada verano en el <strong>Parque de la Bombilla de Madrid<\/strong>, pero la crisis sanitaria creada por el covid-19 ha obligado a retrasar su apertura, y en estos momentos es una incertidumbre si se acabar\u00e1 celebrando en la capital este 2020.<\/p>\n<p>Desde la organizaci\u00f3n han decidido mudarse a Ja\u00e9n porque aseguran que en Madrid no podr\u00e1n abrir en breve: \u00bbEste a\u00f1o hay otras prioridades, est\u00e1 siendo muy complicado&#8230;tan pronto como el Ayuntamiento de Madrid nos lo permita, estaremos tambi\u00e9n en La Bombilla\u00bb, han declarado en un post en Facebook.<\/p>\n\n\n<figure class=\"wp-block-embed-twitter wp-block-embed is-type-rich is-provider-twitter\"><div class=\"wp-block-embed__wrapper\">\n<blockquote class=\"twitter-tweet\" data-width=\"550\" data-dnt=\"true\"><p lang=\"es\" dir=\"ltr\">Nos hemos presentado en Ja\u00e9n. Si todo va bien, ah\u00ed estaremos. Y si todo va muy bien, estaremos tambi\u00e9n en Madrid, solo falta que el Ayuntamiento inicie los tr\u00e1mites. El coronavirus solo tiene la culpa del retraso. Somos una alternativa de ocio m\u00e1s que viable en este verano.<\/p>&mdash; Fescinal La Bombilla (@Fescinal) <a href=\"https:\/\/twitter.com\/Fescinal\/status\/1276053992037064706?ref_src=twsrc%5Etfw\">June 25, 2020<\/a><\/blockquote><script async src=\"https:\/\/platform.twitter.com\/widgets.js\" charset=\"utf-8\"><\/script>\n<\/div><\/figure>\n\n\n\n<figure class=\"wp-block-embed is-type-rich is-provider-vida-de-madrid\"><div class=\"wp-block-embed__wrapper\">\n<blockquote class=\"wp-embedded-content\" data-secret=\"IymQ3Re3SO\"><a href=\"https:\/\/www.vidademadrid.com\/es\/20040\/parque-bombilla\/\">Parque de la Bombilla de Madrid<\/a><\/blockquote><iframe loading=\"lazy\" class=\"wp-embedded-content\" sandbox=\"allow-scripts\" security=\"restricted\" style=\"position: absolute; clip: rect(1px, 1px, 1px, 1px);\" title=\"&#171;Parque de la Bombilla de Madrid&#187; &#8212; Vida de Madrid\" src=\"https:\/\/www.vidademadrid.com\/es\/20040\/parque-bombilla\/embed\/#?secret=IymQ3Re3SO\" data-secret=\"IymQ3Re3SO\" width=\"600\" height=\"338\" frameborder=\"0\" marginwidth=\"0\" marginheight=\"0\" scrolling=\"no\"><\/iframe>\n<\/div><\/figure>\n","protected":false},"excerpt":{"rendered":"<p>Se ha desbloqueado la situaci\u00f3n y el cine de Fescinal arrancar\u00e1 a finales de julio, con homenaje a Morricone<\/p>\n","protected":false},"author":9,"featured_media":22102,"comment_status":"open","ping_status":"open","sticky":false,"template":"","format":"standard","meta":{"footnotes":""},"categories":[85,111],"tags":[130,132],"class_list":{"0":"post-22100","1":"post","2":"type-post","3":"status-publish","4":"format-standard","5":"has-post-thumbnail","7":"category-cine-series-television","8":"category-exposiciones-madrid","9":"tag-cine-de-verano","10":"tag-parque-de-la-bombilla"},"_links":{"self":[{"href":"https:\/\/www.vidademadrid.com\/es\/wp-json\/wp\/v2\/posts\/22100","targetHints":{"allow":["GET"]}}],"collection":[{"href":"https:\/\/www.vidademadrid.com\/es\/wp-json\/wp\/v2\/posts"}],"about":[{"href":"https:\/\/www.vidademadrid.com\/es\/wp-json\/wp\/v2\/types\/post"}],"author":[{"embeddable":true,"href":"https:\/\/www.vidademadrid.com\/es\/wp-json\/wp\/v2\/users\/9"}],"replies":[{"embeddable":true,"href":"https:\/\/www.vidademadrid.com\/es\/wp-json\/wp\/v2\/comments?post=22100"}],"version-history":[{"count":8,"href":"https:\/\/www.vidademadrid.com\/es\/wp-json\/wp\/v2\/posts\/22100\/revisions"}],"predecessor-version":[{"id":23451,"href":"https:\/\/www.vidademadrid.com\/es\/wp-json\/wp\/v2\/posts\/22100\/revisions\/23451"}],"wp:featuredmedia":[{"embeddable":true,"href":"https:\/\/www.vidademadrid.com\/es\/wp-json\/wp\/v2\/media\/22102"}],"wp:attachment":[{"href":"https:\/\/www.vidademadrid.com\/es\/wp-json\/wp\/v2\/media?parent=22100"}],"wp:term":[{"taxonomy":"category","embeddable":true,"href":"https:\/\/www.vidademadrid.com\/es\/wp-json\/wp\/v2\/categories?post=22100"},{"taxonomy":"post_tag","embeddable":true,"href":"https:\/\/www.vidademadrid.com\/es\/wp-json\/wp\/v2\/tags?post=22100"}],"curies":[{"name":"wp","href":"https:\/\/api.w.org\/{rel}","templated":true}]}}