{"id":22096,"date":"2020-06-24T09:12:11","date_gmt":"2020-06-24T07:12:11","guid":{"rendered":"https:\/\/www.vidademadrid.com\/es\/?p=22096"},"modified":"2020-06-24T13:29:27","modified_gmt":"2020-06-24T11:29:27","slug":"rebajas-verano-2020-madrid","status":"publish","type":"post","link":"https:\/\/www.vidademadrid.com\/es\/22096\/rebajas-verano-2020-madrid\/","title":{"rendered":"\u00bfCu\u00e1ndo empiezan las rebajas de verano 2020 en Madrid?\u00a0"},"content":{"rendered":"<p><span style=\"font-weight: 400;\">Si pensabas que debido a la situaci\u00f3n no iba a haber <\/span><b>rebajas<\/b><span style=\"font-weight: 400;\"> este a\u00f1o en <\/span><b>Madrid<\/b><span style=\"font-weight: 400;\"> est\u00e1s de suerte, as\u00ed que sigue leyendo, descubre <\/span><b>cu\u00e1ndo empiezan<\/b><span style=\"font-weight: 400;\"> y aprovecha este <\/span><b>verano de 2020<\/b><span style=\"font-weight: 400;\"> para a\u00f1adir a tu armario esas prendas que tanto te hacen falta. \u00a1Comenzamos!<\/span><\/p>\n<p><script async=\"\" src=\"https:\/\/pagead2.googlesyndication.com\/pagead\/js\/adsbygoogle.js\"><\/script><br \/>\n<!-- Vertical2020 --><ins class=\"adsbygoogle\" style=\"display:block\" data-ad-client=\"ca-pub-7450064428034605\" data-ad-slot=\"4377430105\" data-ad-format=\"auto\" data-full-width-responsive=\"true\"><\/ins><script>(adsbygoogle = window.adsbygoogle || []).push({});<\/script><\/p>\n<h2><span style=\"font-weight: 400;\">Rebajas de verano 2020 en Madrid: Fechas&nbsp;<\/span><\/h2>\n<p><script async=\"\" src=\"https:\/\/pagead2.googlesyndication.com\/pagead\/js\/adsbygoogle.js\"><\/script><br \/>\n<ins class=\"adsbygoogle\" style=\"display:block; text-align:center;\" data-ad-layout=\"in-article\" data-ad-format=\"fluid\" data-ad-client=\"ca-pub-7450064428034605\" data-ad-slot=\"5670045061\"><\/ins><br \/>\n<script>(adsbygoogle = window.adsbygoogle || []).push({});<\/script><span style=\"font-weight: 400;\">Aunque muchas firmas no hayan confirmado a\u00fan las <\/span><b>fechas<\/b><span style=\"font-weight: 400;\"> de las <\/span><b>rebajas para este verano 2020 en Madrid<\/b><span style=\"font-weight: 400;\">, algunas decidieron adelantarse a mayo. Ya que el Gobierno tom\u00f3 la decisi\u00f3n de permitir a los comercios ofrecer art\u00edculos rebajados antes de tiempo, incluso cuando a\u00fan est\u00e1bamos<\/span><b> en la Fase 0 <\/b><span style=\"font-weight: 400;\">de la desescalada.&nbsp;<\/span><\/p>\n<p><span style=\"font-weight: 400;\">Por eso, aunque la fecha de rebajas suele ser el <\/span><b>1 de julio<\/b><span style=\"font-weight: 400;\"> algunas de las tiendas en la capital como <\/span><b>Springfield, H&amp;M y Mango<\/b><span style=\"font-weight: 400;\"> ya cuentan con productos rebajados. De momento se comenta que<\/span><b> Zara dar\u00e1 comienzo a sus rebajas los d\u00edas 24 y 25 de junio<\/b><span style=\"font-weight: 400;\">. Primero lo har\u00e1 online y al d\u00eda siguiente en sus tiendas f\u00edsicas.&nbsp;<\/span><\/p>\n<p><span style=\"font-weight: 400;\">Lo m\u00e1s probable es que el resto de tiendas del grupo Inditex como <\/span><b>Zara Home, Stradivarius, Oysho, Uterq\u00fce, Pull &amp; Bear, Bershka, Massimo Dutti y Lefties<\/b><span style=\"font-weight: 400;\">, hagan lo mismo. Por otro lado, se prev\u00e9 que el <\/span><b>Corte Ingl\u00e9s<\/b><span style=\"font-weight: 400;\"> siga la tradici\u00f3n e inicie las rebajas a <\/span><b>principios de julio<\/b><span style=\"font-weight: 400;\">. Lo m\u00e1s importante es estar pendiente de su web o redes sociales.<\/span><\/p>\n<p><span style=\"font-weight: 400;\">Se dice que<\/span><b> este a\u00f1o en las rebajas de verano habr\u00e1 mejores precios que otros a\u00f1os<\/b><span style=\"font-weight: 400;\"> y que probablemente su duraci\u00f3n sea mayor. Ya que <\/span><b>las firmas<\/b><span style=\"font-weight: 400;\"> necesitan sacar el stock que se ha quedado guardado estos meses de confinamiento.<\/span><\/p>\n<h2><span style=\"font-weight: 400;\">Rebajas de verano 2020 en Madrid: Medidas&nbsp;<\/span><\/h2>\n<p><script async=\"\" src=\"https:\/\/pagead2.googlesyndication.com\/pagead\/js\/adsbygoogle.js\"><\/script><br \/>\n<ins class=\"adsbygoogle\" style=\"display:block\" data-ad-format=\"fluid\" data-ad-layout-key=\"-7f+eo+1+2-5\" data-ad-client=\"ca-pub-7450064428034605\" data-ad-slot=\"7327027071\"><\/ins><script>(adsbygoogle = window.adsbygoogle || []).push({});<\/script><span style=\"font-weight: 400;\">Para tu seguridad toma en cuenta que en las <\/span><b>rebajas de verano 2020<\/b><span style=\"font-weight: 400;\"> todas las tiendas de <\/span><b>Madrid<\/b><span style=\"font-weight: 400;\"> tomar\u00e1n las <\/span><b>medidas<\/b><span style=\"font-weight: 400;\"> de <\/span><b>higiene y protecci\u00f3n<\/b><span style=\"font-weight: 400;\"> impuestas por Sanidad. Durante la nueva normalidad todos los comercios deber\u00e1n <\/span><b>evitar cualquier tipo de aglomeraci\u00f3n<\/b><span style=\"font-weight: 400;\">, as\u00ed como promover el <\/span><b>uso de mascarilla<\/b><span style=\"font-weight: 400;\"> y proporcionar a los clientes en la entrada gel hidroalcoh\u00f3lico.&nbsp;<\/span><\/p>\n<p><span style=\"font-weight: 400;\">En el caso de los <\/span><b>probadores<\/b> <b>el aforo ser\u00e1 controlado<\/b><span style=\"font-weight: 400;\"> y adem\u00e1s la tienda proceder\u00e1 a su <\/span><b>desinfecci\u00f3n <\/b><span style=\"font-weight: 400;\">cada vez que sean utilizados. En el caso de la <\/span><b>ropa probada<\/b><span style=\"font-weight: 400;\">, \u00e9sta se pondr\u00e1 en <\/span><b>cuarentena durante 48 horas<\/b><span style=\"font-weight: 400;\">.&nbsp;<\/span><\/p>\n<p><span style=\"font-weight: 400;\">As\u00ed que este <\/span><b>verano 2020<\/b><span style=\"font-weight: 400;\"> atr\u00e9vete a irte de <\/span><b>rebajas por Madrid<\/b><span style=\"font-weight: 400;\"> y a disfrutar de las ofertas y sorpresas que esta temporada nos ofrece. <\/span><\/p>\n","protected":false},"excerpt":{"rendered":"<p>Fechas y medidas de seguridad e higiene que se llevar\u00e1n a cabo<\/p>\n","protected":false},"author":6,"featured_media":22098,"comment_status":"open","ping_status":"open","sticky":false,"template":"","format":"standard","meta":{"footnotes":""},"categories":[114,27],"tags":[],"class_list":{"0":"post-22096","1":"post","2":"type-post","3":"status-publish","4":"format-standard","5":"has-post-thumbnail","7":"category-servicios","8":"category-tiendas-madrid"},"_links":{"self":[{"href":"https:\/\/www.vidademadrid.com\/es\/wp-json\/wp\/v2\/posts\/22096","targetHints":{"allow":["GET"]}}],"collection":[{"href":"https:\/\/www.vidademadrid.com\/es\/wp-json\/wp\/v2\/posts"}],"about":[{"href":"https:\/\/www.vidademadrid.com\/es\/wp-json\/wp\/v2\/types\/post"}],"author":[{"embeddable":true,"href":"https:\/\/www.vidademadrid.com\/es\/wp-json\/wp\/v2\/users\/6"}],"replies":[{"embeddable":true,"href":"https:\/\/www.vidademadrid.com\/es\/wp-json\/wp\/v2\/comments?post=22096"}],"version-history":[{"count":2,"href":"https:\/\/www.vidademadrid.com\/es\/wp-json\/wp\/v2\/posts\/22096\/revisions"}],"predecessor-version":[{"id":22099,"href":"https:\/\/www.vidademadrid.com\/es\/wp-json\/wp\/v2\/posts\/22096\/revisions\/22099"}],"wp:featuredmedia":[{"embeddable":true,"href":"https:\/\/www.vidademadrid.com\/es\/wp-json\/wp\/v2\/media\/22098"}],"wp:attachment":[{"href":"https:\/\/www.vidademadrid.com\/es\/wp-json\/wp\/v2\/media?parent=22096"}],"wp:term":[{"taxonomy":"category","embeddable":true,"href":"https:\/\/www.vidademadrid.com\/es\/wp-json\/wp\/v2\/categories?post=22096"},{"taxonomy":"post_tag","embeddable":true,"href":"https:\/\/www.vidademadrid.com\/es\/wp-json\/wp\/v2\/tags?post=22096"}],"curies":[{"name":"wp","href":"https:\/\/api.w.org\/{rel}","templated":true}]}}