{"id":22008,"date":"2020-06-22T14:11:40","date_gmt":"2020-06-22T12:11:40","guid":{"rendered":"https:\/\/www.vidademadrid.com\/es\/?p=22008"},"modified":"2020-06-22T14:12:25","modified_gmt":"2020-06-22T12:12:25","slug":"madrid-film-festival-2020-principe-pio-cartelera-entradas","status":"publish","type":"post","link":"https:\/\/www.vidademadrid.com\/es\/22008\/madrid-film-festival-2020-principe-pio-cartelera-entradas\/","title":{"rendered":"Madrid Film Festival 2020 en Pr\u00edncipe P\u00edo: Cartelera y entradas"},"content":{"rendered":"<p>Con la reactivaci\u00f3n social y cultural nacional, llega a <strong>Pr\u00edncipe P\u00edo<\/strong> la primera edici\u00f3n del <strong>Madrid Film Festival 2020<\/strong>, llevando a la gran pantalla pel\u00edculas consideradas grandes \u00e9xitos durante las \u00faltimas d\u00e9cadas en versi\u00f3n original subtitulada. Aqu\u00ed te contamos cu\u00e1l ser\u00e1 la <strong>cartelera<\/strong> de este ciclo y c\u00f3mo puedes conseguir tus <strong>entradas<\/strong>.<\/p>\n<p><script async=\"\" src=\"https:\/\/pagead2.googlesyndication.com\/pagead\/js\/adsbygoogle.js\"><\/script> <ins class=\"adsbygoogle\" style=\"display:block; text-align:center;\" data-ad-layout=\"in-article\" data-ad-format=\"fluid\" data-ad-client=\"ca-pub-7450064428034605\" data-ad-slot=\"5670045061\"><\/ins> <script>(adsbygoogle = window.adsbygoogle || []).push({});<\/script><\/p>\n<h2>Madrid Film Festival 2020: Entradas<\/h2>\n<p><script async=\"\" src=\"https:\/\/pagead2.googlesyndication.com\/pagead\/js\/adsbygoogle.js\"><\/script> <ins class=\"adsbygoogle\" style=\"display:block\" data-ad-format=\"fluid\" data-ad-layout-key=\"-7f+eo+1+2-5\" data-ad-client=\"ca-pub-7450064428034605\" data-ad-slot=\"7327027071\"><\/ins><script>(adsbygoogle = window.adsbygoogle || []).push({});<\/script>La primera edici\u00f3n del <strong>Madrid Film Festival<\/strong> comenz\u00f3 el pasado <strong>viernes 19 de junio<\/strong> con la proyecci\u00f3n de <em>Pulp Fiction<\/em>, la primera pel\u00edcula programada para este ciclo cinematogr\u00e1fico que se prolongar\u00e1 hasta el <strong>29 de agosto de 2020<\/strong>.<\/p>\n<p>Las sesiones comienzan siempre<strong> a las 20:00 h en el Gran Teatro Bankia Pr\u00edncipe P\u00edo<\/strong> y las entradas pueden adquirirse a trav\u00e9s de <strong><a href=\"https:\/\/laestacion.com\/project\/madrid-film-festival\">www.laestacion.com<\/a><\/strong> a un precio de 8,5\u20ac que tambi\u00e9n permitir\u00e1 el acceso a la terraza interior del recinto donde podr\u00e1s tomar algo antes o despu\u00e9s de la proyecci\u00f3n.<\/p>\n<p>El Festival garantizar\u00e1 la seguridad de todos los asistentes con un aforo limitado en las salas y la incorporaci\u00f3n de medidas especiales de higiene en todas sus instalaciones.<\/p>\n<h2>Madrid Film Festival 2020: Cartelera<\/h2>\n<p><script async=\"\" src=\"https:\/\/pagead2.googlesyndication.com\/pagead\/js\/adsbygoogle.js\"><\/script> <!-- Vertical2020 --><ins class=\"adsbygoogle\" style=\"display:block\" data-ad-client=\"ca-pub-7450064428034605\" data-ad-slot=\"4377430105\" data-ad-format=\"auto\" data-full-width-responsive=\"true\"><\/ins><script>(adsbygoogle = window.adsbygoogle || []).push({});<\/script>La <strong>cartelera<\/strong> de este cine de verano incluye diferentes g\u00e9neros cinematogr\u00e1ficos que se adaptan a los gustos de todo tipo de p\u00fablicos; una treintena de cl\u00e1sicos de todos los tiempos de los que se podr\u00e1 disfrutar en versi\u00f3n original subtitulada. La cartelera para los meses de <strong>junio y julio<\/strong> es la siguiente:<\/p>\n<ul>\n<li><strong><em>Pulp Fiction<\/em><\/strong>: 19 y 26 de junio y 3 de julio<\/li>\n<li><strong><em>Regreso al futuro<\/em><\/strong>: 20 y 27 de junio y 4 de julio<\/li>\n<li><em><strong>Tibur\u00f3n:<\/strong><\/em> 21 y 28 de junio y 5 de julio<\/li>\n<li><em><strong>El resplandor<\/strong><\/em>: 22 y 29 de junio y 6 de julio<\/li>\n<li><em><strong>El gran dictador<\/strong><\/em>: 23 y 30 de junio y 7 de julio<\/li>\n<li><em><strong>Blade Runner<\/strong><\/em>: 24 de junio y 1 y 8 de julio<\/li>\n<li><em><strong>La Dolce Vita<\/strong><\/em>: 25 de junio y 2 y 9 de julio<\/li>\n<li><em><strong>Matrix<\/strong><\/em>: 10, 17 y 24 de julio<\/li>\n<li><em><strong>La historia interminable<\/strong><\/em>: 11, 18 y 25 de julio<\/li>\n<li><em><strong>Los Goonies<\/strong><\/em>: 12, 19 y 26 de julio<\/li>\n<li><em><strong>El exorcista<\/strong><\/em>: 13, 20 y 27 de julio<\/li>\n<li><em><strong>Psicosis<\/strong><\/em>: 14, 21 y 28 de julio<\/li>\n<li><em><strong>La naranja mec\u00e1nica<\/strong><\/em>: 15, 22 y 29 de julio<\/li>\n<li><em><strong>Cantando bajo la lluvia<\/strong><\/em>: 16, 23 y 30 de julio<\/li>\n<\/ul>\n","protected":false},"excerpt":{"rendered":"<p>Los mejores cl\u00e1sicos de todos los tiempos hasta el 29 de agosto de 2020<\/p>\n","protected":false},"author":10,"featured_media":22009,"comment_status":"open","ping_status":"open","sticky":false,"template":"","format":"standard","meta":{"footnotes":""},"categories":[85,111],"tags":[],"class_list":{"0":"post-22008","1":"post","2":"type-post","3":"status-publish","4":"format-standard","5":"has-post-thumbnail","7":"category-cine-series-television","8":"category-exposiciones-madrid"},"_links":{"self":[{"href":"https:\/\/www.vidademadrid.com\/es\/wp-json\/wp\/v2\/posts\/22008","targetHints":{"allow":["GET"]}}],"collection":[{"href":"https:\/\/www.vidademadrid.com\/es\/wp-json\/wp\/v2\/posts"}],"about":[{"href":"https:\/\/www.vidademadrid.com\/es\/wp-json\/wp\/v2\/types\/post"}],"author":[{"embeddable":true,"href":"https:\/\/www.vidademadrid.com\/es\/wp-json\/wp\/v2\/users\/10"}],"replies":[{"embeddable":true,"href":"https:\/\/www.vidademadrid.com\/es\/wp-json\/wp\/v2\/comments?post=22008"}],"version-history":[{"count":3,"href":"https:\/\/www.vidademadrid.com\/es\/wp-json\/wp\/v2\/posts\/22008\/revisions"}],"predecessor-version":[{"id":22024,"href":"https:\/\/www.vidademadrid.com\/es\/wp-json\/wp\/v2\/posts\/22008\/revisions\/22024"}],"wp:featuredmedia":[{"embeddable":true,"href":"https:\/\/www.vidademadrid.com\/es\/wp-json\/wp\/v2\/media\/22009"}],"wp:attachment":[{"href":"https:\/\/www.vidademadrid.com\/es\/wp-json\/wp\/v2\/media?parent=22008"}],"wp:term":[{"taxonomy":"category","embeddable":true,"href":"https:\/\/www.vidademadrid.com\/es\/wp-json\/wp\/v2\/categories?post=22008"},{"taxonomy":"post_tag","embeddable":true,"href":"https:\/\/www.vidademadrid.com\/es\/wp-json\/wp\/v2\/tags?post=22008"}],"curies":[{"name":"wp","href":"https:\/\/api.w.org\/{rel}","templated":true}]}}