{"id":21799,"date":"2020-06-17T16:01:52","date_gmt":"2020-06-17T14:01:52","guid":{"rendered":"https:\/\/www.vidademadrid.com\/es\/?p=21799"},"modified":"2020-09-30T12:04:37","modified_gmt":"2020-09-30T10:04:37","slug":"accidente-monopatin-villaverde","status":"publish","type":"post","link":"https:\/\/www.vidademadrid.com\/es\/21799\/accidente-monopatin-villaverde\/","title":{"rendered":"Villaverde, chica de 17 a\u00f1os se cae de monopat\u00edn, trasladada grave al hospital &#8211; v\u00eddeo"},"content":{"rendered":"\n<script data-wid=\"auto\" type=\"text\/javascript\" src=\"https:\/\/content.viralize.tv\/display\/?zid=AADiaHd5cH72qFIl&amp;cid=AAYcZmGq2vRwxdU7&amp;activation=adfill&amp;vip_mode=playing&amp;vip_position=bottom-right\"><\/script>\n\n\n<p>Grave accidente hoy en el <strong>distrito Villaverde<\/strong>, cerca del skatepark Manzanares. Una chica de 17 a\u00f1os se ha ca\u00eddo de monopat\u00edn, golpeando la cabeza contra el suelo. El personal de SAMUR ha intubado y estabilizado la joven, con un traumatismo craneoencef\u00e1lico severo. La chica ha sido trasladada al <strong>Hospital 12 de Octubre con pron\u00f3stico grave<\/strong>.<\/p>\n<p>El paso subterr\u00e1neo donde se ha producido el accidente:<\/p>\n<figure id=\"attachment_21800\" aria-describedby=\"caption-attachment-21800\" style=\"width: 696px\" class=\"wp-caption alignnone\"><img loading=\"lazy\" decoding=\"async\" class=\"size-large wp-image-21800\" src=\"https:\/\/www.vidademadrid.com\/es\/wp-content\/uploads\/2020\/06\/foto_03092-1024x492.jpg\" alt=\"\" width=\"696\" height=\"334\" srcset=\"https:\/\/www.vidademadrid.com\/es\/wp-content\/uploads\/2020\/06\/foto_03092-1024x492.jpg 1024w, https:\/\/www.vidademadrid.com\/es\/wp-content\/uploads\/2020\/06\/foto_03092-300x144.jpg 300w, https:\/\/www.vidademadrid.com\/es\/wp-content\/uploads\/2020\/06\/foto_03092-768x369.jpg 768w, https:\/\/www.vidademadrid.com\/es\/wp-content\/uploads\/2020\/06\/foto_03092-696x335.jpg 696w, https:\/\/www.vidademadrid.com\/es\/wp-content\/uploads\/2020\/06\/foto_03092-1068x513.jpg 1068w, https:\/\/www.vidademadrid.com\/es\/wp-content\/uploads\/2020\/06\/foto_03092-874x420.jpg 874w, https:\/\/www.vidademadrid.com\/es\/wp-content\/uploads\/2020\/06\/foto_03092.jpg 1161w\" sizes=\"auto, (max-width: 696px) 100vw, 696px\" \/><figcaption id=\"caption-attachment-21800\" class=\"wp-caption-text\">Foto: Google Maps<\/figcaption><\/figure>","protected":false},"excerpt":{"rendered":"<p>El personal de SAMUR ha intubado y estabilizado la joven, con un traumatismo craneoencef\u00e1lico severo<\/p>\n","protected":false},"author":1,"featured_media":21801,"comment_status":"open","ping_status":"open","sticky":false,"template":"","format":"standard","meta":{"footnotes":""},"categories":[12],"tags":[46],"class_list":{"0":"post-21799","1":"post","2":"type-post","3":"status-publish","4":"format-standard","5":"has-post-thumbnail","7":"category-actualidad-noticias-madrid","8":"tag-villaverde"},"_links":{"self":[{"href":"https:\/\/www.vidademadrid.com\/es\/wp-json\/wp\/v2\/posts\/21799","targetHints":{"allow":["GET"]}}],"collection":[{"href":"https:\/\/www.vidademadrid.com\/es\/wp-json\/wp\/v2\/posts"}],"about":[{"href":"https:\/\/www.vidademadrid.com\/es\/wp-json\/wp\/v2\/types\/post"}],"author":[{"embeddable":true,"href":"https:\/\/www.vidademadrid.com\/es\/wp-json\/wp\/v2\/users\/1"}],"replies":[{"embeddable":true,"href":"https:\/\/www.vidademadrid.com\/es\/wp-json\/wp\/v2\/comments?post=21799"}],"version-history":[{"count":2,"href":"https:\/\/www.vidademadrid.com\/es\/wp-json\/wp\/v2\/posts\/21799\/revisions"}],"predecessor-version":[{"id":25495,"href":"https:\/\/www.vidademadrid.com\/es\/wp-json\/wp\/v2\/posts\/21799\/revisions\/25495"}],"wp:featuredmedia":[{"embeddable":true,"href":"https:\/\/www.vidademadrid.com\/es\/wp-json\/wp\/v2\/media\/21801"}],"wp:attachment":[{"href":"https:\/\/www.vidademadrid.com\/es\/wp-json\/wp\/v2\/media?parent=21799"}],"wp:term":[{"taxonomy":"category","embeddable":true,"href":"https:\/\/www.vidademadrid.com\/es\/wp-json\/wp\/v2\/categories?post=21799"},{"taxonomy":"post_tag","embeddable":true,"href":"https:\/\/www.vidademadrid.com\/es\/wp-json\/wp\/v2\/tags?post=21799"}],"curies":[{"name":"wp","href":"https:\/\/api.w.org\/{rel}","templated":true}]}}