{"id":21782,"date":"2020-06-17T13:35:21","date_gmt":"2020-06-17T11:35:21","guid":{"rendered":"https:\/\/www.vidademadrid.com\/es\/?p=21782"},"modified":"2020-06-17T13:43:27","modified_gmt":"2020-06-17T11:43:27","slug":"premios-talento-joven-2020-madrid","status":"publish","type":"post","link":"https:\/\/www.vidademadrid.com\/es\/21782\/premios-talento-joven-2020-madrid\/","title":{"rendered":"Premios Talento Joven 2020: nueve premios, 15 mil euros"},"content":{"rendered":"<p>A partir de ma\u00f1ana ser\u00e1 posible presentar las candidaturas para los <strong>Premios Talento Joven 2020<\/strong>, que este a\u00f1o cuentan con tres categor\u00edas, nueve premios, 15 mil euros. Sigue leyendo para toda la informaci\u00f3n sobre esta edici\u00f3n de <strong>los premios del Carn\u00e9 Joven Madrid<\/strong>.<\/p>\n\n\n<h3>Premios Talento Joven 2020: los premios<\/h3>\n<script async=\"\" src=\"https:\/\/pagead2.googlesyndication.com\/pagead\/js\/adsbygoogle.js\"><\/script> <ins class=\"adsbygoogle\" style=\"display:block\" data-ad-format=\"fluid\" data-ad-layout-key=\"-7f+eo+1+2-5\" data-ad-client=\"ca-pub-7450064428034605\" data-ad-slot=\"7327027071\"><\/ins><script>(adsbygoogle = window.adsbygoogle || []).push({});<\/script>\n\n<p>Pueden presentarse a los V Premios Talento Joven &#8211; Carn\u00e9 Joven Comunidad de Madrid 2020 todos <strong>los socios de Carn\u00e9 Joven Comunidad de Madrid -j\u00f3venes de entre 14 y 30 a\u00f1os-.<\/strong>.<\/p>\n<p>Este a\u00f1o ser\u00e1n tres las categor\u00edas premiadas: <strong>Solidaridad, Tolerancia, Superaci\u00f3n<\/strong>. Cada categor\u00eda tendr\u00e1 un <strong>premio principal de 2.500 \u20ac<\/strong>, un segundo premio de <strong>1.500 \u20ac<\/strong> y un tercer premio de <strong>1.000 \u20ac<\/strong>. En total los nueve premios ascienden a 15 mil euros para los j\u00f3venes empadronados en la Comunidad de Madrid.<\/p>\n<h3>Premios Talento Joven 2020: las categor\u00edas&nbsp;<\/h3>\n<p>Entrando m\u00e1s en detalle, <strong>la categor\u00eda Solidaridad<\/strong> premia al joven que <em>\u00abse haya distinguido por su capacidad para favorecer un desarrollo social, medio ambiental, cultural-educativo, socio-sanitario m\u00e1s equilibrado y justo a trav\u00e9s de su apoyo a causas o intereses ajenos, especialmente en situaciones comprometidas o dif\u00edciles\u00bb<\/em>. <strong>La categor\u00eda Tolerancia<\/strong> premia <em>\u00abla capacidad para favorecer la integraci\u00f3n, los comportamientos inclusivos no sexistas ni xen\u00f3fobos, la comprensi\u00f3n de la diversidad y\/o que, con su mediaci\u00f3n, haya evitado o resuelto situaciones de conflicto o violencia\u00bb<\/em>. <strong>La categor\u00eda Superaci\u00f3n<\/strong> va a premiar quien <em>\u00abse haya distinguido por su esfuerzo intelectual o\/y f\u00edsico luchando por vencer obst\u00e1culos personales, familiares o sociales y haya conseguido su objetivo a trav\u00e9s del estudio, el deporte, el arte o cualquier otra disciplina\u00bb<\/em>.<\/p>\n<h3>Premios Talento Joven 2020: c\u00f3mo participar<\/h3><script async=\"\" src=\"https:\/\/pagead2.googlesyndication.com\/pagead\/js\/adsbygoogle.js\"><\/script> <!-- Vertical2020 --><ins class=\"adsbygoogle\" style=\"display:block\" data-ad-client=\"ca-pub-7450064428034605\" data-ad-slot=\"4377430105\" data-ad-format=\"auto\" data-full-width-responsive=\"true\"><\/ins><script>(adsbygoogle = window.adsbygoogle || []).push({});<\/script>  \n\n\n<p>Cada persona se puede presentar solo en una categor\u00eda, rellenando -desde el 18 de junio al 18 de agosto 2020- la solicitud en la <a href=\"https:\/\/carnejovenmadrid.com\/\" target=\"_blank\" rel=\"noopener noreferrer\">web de Carn\u00e9 Joven Madrid<\/a>.<br>\n<script async=\"\" src=\"https:\/\/pagead2.googlesyndication.com\/pagead\/js\/adsbygoogle.js\"><\/script> <ins class=\"adsbygoogle\" style=\"display:block; text-align:center;\" data-ad-layout=\"in-article\" data-ad-format=\"fluid\" data-ad-client=\"ca-pub-7450064428034605\" data-ad-slot=\"5670045061\"><\/ins> <script>(adsbygoogle = window.adsbygoogle || []).push({});<\/script>\n<\/p>\n","protected":false},"excerpt":{"rendered":"<p>Este a\u00f1o ser\u00e1n tres las categor\u00edas premiadas: Solidaridad, Tolerancia, Superaci\u00f3n.<\/p>\n","protected":false},"author":1,"featured_media":21783,"comment_status":"open","ping_status":"open","sticky":false,"template":"","format":"standard","meta":{"footnotes":""},"categories":[12],"tags":[],"class_list":{"0":"post-21782","1":"post","2":"type-post","3":"status-publish","4":"format-standard","5":"has-post-thumbnail","7":"category-actualidad-noticias-madrid"},"_links":{"self":[{"href":"https:\/\/www.vidademadrid.com\/es\/wp-json\/wp\/v2\/posts\/21782","targetHints":{"allow":["GET"]}}],"collection":[{"href":"https:\/\/www.vidademadrid.com\/es\/wp-json\/wp\/v2\/posts"}],"about":[{"href":"https:\/\/www.vidademadrid.com\/es\/wp-json\/wp\/v2\/types\/post"}],"author":[{"embeddable":true,"href":"https:\/\/www.vidademadrid.com\/es\/wp-json\/wp\/v2\/users\/1"}],"replies":[{"embeddable":true,"href":"https:\/\/www.vidademadrid.com\/es\/wp-json\/wp\/v2\/comments?post=21782"}],"version-history":[{"count":3,"href":"https:\/\/www.vidademadrid.com\/es\/wp-json\/wp\/v2\/posts\/21782\/revisions"}],"predecessor-version":[{"id":21786,"href":"https:\/\/www.vidademadrid.com\/es\/wp-json\/wp\/v2\/posts\/21782\/revisions\/21786"}],"wp:featuredmedia":[{"embeddable":true,"href":"https:\/\/www.vidademadrid.com\/es\/wp-json\/wp\/v2\/media\/21783"}],"wp:attachment":[{"href":"https:\/\/www.vidademadrid.com\/es\/wp-json\/wp\/v2\/media?parent=21782"}],"wp:term":[{"taxonomy":"category","embeddable":true,"href":"https:\/\/www.vidademadrid.com\/es\/wp-json\/wp\/v2\/categories?post=21782"},{"taxonomy":"post_tag","embeddable":true,"href":"https:\/\/www.vidademadrid.com\/es\/wp-json\/wp\/v2\/tags?post=21782"}],"curies":[{"name":"wp","href":"https:\/\/api.w.org\/{rel}","templated":true}]}}