{"id":21377,"date":"2020-06-11T00:01:37","date_gmt":"2020-06-10T22:01:37","guid":{"rendered":"https:\/\/www.vidademadrid.com\/es\/?p=21377"},"modified":"2020-06-11T11:59:46","modified_gmt":"2020-06-11T09:59:46","slug":"palacio-real-de-madrid-reapertura-entradas-gratuitas","status":"publish","type":"post","link":"https:\/\/www.vidademadrid.com\/es\/21377\/palacio-real-de-madrid-reapertura-entradas-gratuitas\/","title":{"rendered":"El Palacio Real de Madrid reabre al p\u00fablico con entradas gratuitas hasta el domingo"},"content":{"rendered":"<p>Tras m\u00e1s de dos meses con sus puertas cerradas por la crisis sanitaria del coronavirus, el <strong>Palacio Real de Madrid<\/strong> reabre al p\u00fablico a partir de hoy, <strong>mi\u00e9rcoles 10 de junio<\/strong>, con todas las <strong>medidas de sanidad<\/strong> necesarias para evitar la propagaci\u00f3n del virus y garantizar la seguridad tanto de los trabajadores como de los visitantes. En este art\u00edculo, te contamos c\u00f3mo van a ser sus visitas durante esta primera semana con <strong>entrada gratuitas<\/strong> y sus <strong>horarios<\/strong>.<\/p>\n<h2>Reapertura Palacio Real de Madrid: Entradas gratuitas y horarios<\/h2>\n<script async=\"\" src=\"https:\/\/pagead2.googlesyndication.com\/pagead\/js\/adsbygoogle.js\"><\/script> <ins class=\"adsbygoogle\" style=\"display:block\" data-ad-format=\"fluid\" data-ad-layout-key=\"-7f+eo+1+2-5\" data-ad-client=\"ca-pub-7450064428034605\" data-ad-slot=\"7327027071\"><\/ins><script>(adsbygoogle = window.adsbygoogle || []).push({});<\/script>\n\n<p>Durante los cinco primeros d\u00edas, es decir, hasta el domingo 15, las visitas al <a href=\"https:\/\/www.patrimonionacional.es\/\"><strong>Palacio Real de Madrid<\/strong><\/a> ser\u00e1n <strong>gratuitas<\/strong> y las entradas podr\u00e1n adquirirse \u00fanicamente en taquilla. El horario de apertura se ajustar\u00e1 al habitual anterior a la crisis correspondiente con los meses de verano, es decir, entre las <strong>10:00 h y las 19:00 h de lunes a s\u00e1bados<\/strong> y <strong>de 10:00 h a 16:00 h los domingos<\/strong>.<\/p>\n<p>Una vez transcurrido este plazo, el acceso seguir\u00e1 siendo gratuito para personas en situaci\u00f3n legal de desempleo, familias numerosas, personas con discapacidad y menores de cinco a\u00f1os y para el p\u00fablico, en general, en la franja de 17:00 h a 19:00 h de lunes a jueves.<\/p>\n<h2>Reapertura Palacio Real de Madrid: Medidas de seguridad<\/h2>\n<script async=\"\" src=\"https:\/\/pagead2.googlesyndication.com\/pagead\/js\/adsbygoogle.js\"><\/script> <ins class=\"adsbygoogle\" style=\"display:block; text-align:center;\" data-ad-layout=\"in-article\" data-ad-format=\"fluid\" data-ad-client=\"ca-pub-7450064428034605\" data-ad-slot=\"5670045061\"><\/ins> <script>(adsbygoogle = window.adsbygoogle || []).push({});<\/script>\n\n<p>Las visitas gratuitas programadas para esta semana tendr\u00e1n un <strong>aforo limitado de 160 personas<\/strong> por hora y adem\u00e1s, no est\u00e1 permitido el acceso de grupos. Por el momento, <strong>tampoco se realizar\u00e1n visitas guiadas ni audiogu\u00edas<\/strong>, pero s\u00ed gu\u00edas y auxiliares de sala que indicar\u00e1n el recorrido a seguir, que ser\u00e1 pr\u00e1cticamente el habitual exceptuando las cocinas reales, cuyo acceso es demasiado peque\u00f1o como para poder garantizar la distancia de seguridad interpersonal recomendada.<\/p>\n<p>Todas las instalaciones cumplir\u00e1n con las nuevas medidas de seguridad e higiene necesarias y, adem\u00e1s, se podr\u00e1n ver los suelos de m\u00e1rmol del palacio, ya que Patrimonio Nacional ha retirado todas las alfombras del recinto.<\/p>\n\n\n<figure class=\"wp-block-embed-twitter wp-block-embed is-type-rich is-provider-twitter\"><div class=\"wp-block-embed__wrapper\">\n<blockquote class=\"twitter-tweet\" data-width=\"550\" data-dnt=\"true\"><p lang=\"es\" dir=\"ltr\">?Patrimonio Nacional reabrir\u00e1 el 10 de junio los Reales Sitios con visitas gratuitas durante cinco d\u00edas<a href=\"https:\/\/twitter.com\/hashtag\/Esperandoquevengas?src=hash&amp;ref_src=twsrc%5Etfw\">#Esperandoquevengas<\/a><a href=\"https:\/\/t.co\/Vsv5Zeshe1\">https:\/\/t.co\/Vsv5Zeshe1<\/a><a href=\"https:\/\/t.co\/SUZhWoAG7y\">https:\/\/t.co\/SUZhWoAG7y<\/a><\/p>&mdash; Patrimonio Nacional (@PatrimNacional) <a href=\"https:\/\/twitter.com\/PatrimNacional\/status\/1269992128450637828?ref_src=twsrc%5Etfw\">June 8, 2020<\/a><\/blockquote><script async src=\"https:\/\/platform.twitter.com\/widgets.js\" charset=\"utf-8\"><\/script>\n<\/div><\/figure>\n","protected":false},"excerpt":{"rendered":"<p>Durante los primeros d\u00edas las entradas podr\u00e1n adquirirse \u00fanicamente en taquilla<\/p>\n","protected":false},"author":10,"featured_media":21378,"comment_status":"open","ping_status":"open","sticky":false,"template":"","format":"standard","meta":{"footnotes":""},"categories":[111],"tags":[59],"class_list":{"0":"post-21377","1":"post","2":"type-post","3":"status-publish","4":"format-standard","5":"has-post-thumbnail","7":"category-exposiciones-madrid","8":"tag-palacio-real"},"_links":{"self":[{"href":"https:\/\/www.vidademadrid.com\/es\/wp-json\/wp\/v2\/posts\/21377","targetHints":{"allow":["GET"]}}],"collection":[{"href":"https:\/\/www.vidademadrid.com\/es\/wp-json\/wp\/v2\/posts"}],"about":[{"href":"https:\/\/www.vidademadrid.com\/es\/wp-json\/wp\/v2\/types\/post"}],"author":[{"embeddable":true,"href":"https:\/\/www.vidademadrid.com\/es\/wp-json\/wp\/v2\/users\/10"}],"replies":[{"embeddable":true,"href":"https:\/\/www.vidademadrid.com\/es\/wp-json\/wp\/v2\/comments?post=21377"}],"version-history":[{"count":6,"href":"https:\/\/www.vidademadrid.com\/es\/wp-json\/wp\/v2\/posts\/21377\/revisions"}],"predecessor-version":[{"id":21468,"href":"https:\/\/www.vidademadrid.com\/es\/wp-json\/wp\/v2\/posts\/21377\/revisions\/21468"}],"wp:featuredmedia":[{"embeddable":true,"href":"https:\/\/www.vidademadrid.com\/es\/wp-json\/wp\/v2\/media\/21378"}],"wp:attachment":[{"href":"https:\/\/www.vidademadrid.com\/es\/wp-json\/wp\/v2\/media?parent=21377"}],"wp:term":[{"taxonomy":"category","embeddable":true,"href":"https:\/\/www.vidademadrid.com\/es\/wp-json\/wp\/v2\/categories?post=21377"},{"taxonomy":"post_tag","embeddable":true,"href":"https:\/\/www.vidademadrid.com\/es\/wp-json\/wp\/v2\/tags?post=21377"}],"curies":[{"name":"wp","href":"https:\/\/api.w.org\/{rel}","templated":true}]}}