{"id":21247,"date":"2020-06-07T18:21:40","date_gmt":"2020-06-07T16:21:40","guid":{"rendered":"https:\/\/www.vidademadrid.com\/es\/?p=21247"},"modified":"2020-06-08T22:21:21","modified_gmt":"2020-06-08T20:21:21","slug":"que-podemos-hacer-fase-2-madrid","status":"publish","type":"post","link":"https:\/\/www.vidademadrid.com\/es\/21247\/que-podemos-hacer-fase-2-madrid\/","title":{"rendered":"\u00bfQu\u00e9 podemos hacer en la fase 2 en Madrid? La gu\u00eda actualizada"},"content":{"rendered":"<p>El lunes 8 de junio 2020 la capital entra en la segunda fase. <strong>\u00bfQu\u00e9 podemos hacer en la fase 2 en Madrid?<\/strong> Vamos a ver todos los detalles en la gu\u00eda actualizada publicada por el Ministerio de Sanidad.<\/p>\n\n\n<script async=\"\" src=\"https:\/\/pagead2.googlesyndication.com\/pagead\/js\/adsbygoogle.js\"><\/script> <!-- Vertical2020 --><ins class=\"adsbygoogle\" style=\"display:block\" data-ad-client=\"ca-pub-7450064428034605\" data-ad-slot=\"4377430105\" data-ad-format=\"auto\" data-full-width-responsive=\"true\"><\/ins><script>(adsbygoogle = window.adsbygoogle || []).push({});<\/script>\n\n\n<h2>Fase 2 Madrid, \u00bfqu\u00e9 podemos hacer? Salidas, actividad f\u00edsica, reuniones<\/h2>\n<p><script async=\"\" src=\"https:\/\/pagead2.googlesyndication.com\/pagead\/js\/adsbygoogle.js\"><\/script> <ins class=\"adsbygoogle\" style=\"display: block;\" data-ad-format=\"fluid\" data-ad-layout-key=\"-7f+eo+1+2-5\" data-ad-client=\"ca-pub-7450064428034605\" data-ad-slot=\"7327027071\"><\/ins><script>(adsbygoogle = window.adsbygoogle || []).push({});<\/script><\/p>\n<p>Entre las nuevas medidas en vigor en Madrid desde el 8 de junio, la eliminaci\u00f3n de muchas de las franjas horarias. Ahora se puede <strong>pasear y circular en cualquier momento del d\u00eda<\/strong> y tambi\u00e9n se puede salir del radio de 1 km desde casa, ya que el nuevo l\u00edmite para todas las actividades es la unidad territorial, es decir, toda la Comunidad de Madrid.<\/p>\n<p>Sobre la actividad f\u00edsica, como <strong>salir a correr<\/strong>, se eliminan el limite de una salida al d\u00eda y se eliminan casi todas las franjas horarias: la \u00fanica excepci\u00f3n es son las franjas 10-12 h y 19-20 h, cuando no se puede correr, ya que esos horarios se quedan exclusivos de los mayores de 70 a\u00f1os.<\/p>\n<p>Las <strong>reuniones<\/strong> ahora pueden ser para grupos de hasta 15 personas. Siguen activas todas las medidas de distanciamiento (dos metros) e higiene.<\/p>\n<h2>Fase 2 Madrid, \u00bfqu\u00e9 podemos hacer? Bares y restaurantes<\/h2>\n<p>Reabren <strong>bares y restaurantes<\/strong> para consumo en el local, con aforo limitado y consumo \u00fanicamente en mesa. Prohibido estar en barra. No cambia el aforo de las terrazas.<\/p>\n<h2>Fase 2 Madrid, \u00bfqu\u00e9 podemos hacer? Tiendas<\/h2>\n<p>Todas las <strong>tiendas<\/strong> pueden abrir con 40% de aforo en el local (o 40% de aforo en cada planta).<\/p>\n<p>Reabren los <strong>centros comerciales<\/strong>, donde ser\u00e1 prohibido permanecer en las zonas comunes. El aforo es del 30% en el centro comercial y del 40% en cada una de las tiendas.<\/p>\n<h2>Fase 2 Madrid, \u00bfqu\u00e9 podemos hacer? Cines y teatros<\/h2>\n<p>Tambi\u00e9n pueden abrir <strong>cines y teatros<\/strong>, con butacas preasignadas y aforo m\u00e1ximo de un tercio, adem\u00e1s del l\u00edmite de 50 personas para lugares cerrados y 400 para lugares al aire libre (siempre con el p\u00fablico sentado).<\/p>\n<p>\u00a0<\/p>\n<p>M\u00e1s medidas de la Fase 2 en la gu\u00eda publicada por el Ministerio de Salud, pincha aqu\u00ed para <a href=\"https:\/\/www.mscbs.gob.es\/profesionales\/saludPublica\/ccayes\/alertasActual\/nCov-China\/documentos\/Plan_Transicion_Guia_Fase_2.pdf\">descargar el PDF<\/a>.<br \/><script async=\"\" src=\"https:\/\/pagead2.googlesyndication.com\/pagead\/js\/adsbygoogle.js\"><\/script> <ins class=\"adsbygoogle\" style=\"display: block; text-align: center;\" data-ad-layout=\"in-article\" data-ad-format=\"fluid\" data-ad-client=\"ca-pub-7450064428034605\" data-ad-slot=\"5670045061\"><\/ins> <script>(adsbygoogle = window.adsbygoogle || []).push({});<\/script><\/p>\n\n\n<figure class=\"wp-block-embed is-type-rich is-provider-vida-de-madrid\"><div class=\"wp-block-embed__wrapper\">\n<blockquote class=\"wp-embedded-content\" data-secret=\"0MySHB8uQR\"><a href=\"https:\/\/www.vidademadrid.com\/es\/20956\/horario-cierre-metro-madrid-fase-2\/\">\u00bfA qu\u00e9 hora cierra Metro de Madrid en la fase 2?<\/a><\/blockquote><iframe loading=\"lazy\" class=\"wp-embedded-content\" sandbox=\"allow-scripts\" security=\"restricted\" style=\"position: absolute; clip: rect(1px, 1px, 1px, 1px);\" src=\"https:\/\/www.vidademadrid.com\/es\/20956\/horario-cierre-metro-madrid-fase-2\/embed\/#?secret=0MySHB8uQR\" data-secret=\"0MySHB8uQR\" width=\"600\" height=\"338\" title=\"&#171;\u00bfA qu\u00e9 hora cierra Metro de Madrid en la fase 2?&#187; &#8212; Vida de Madrid\" frameborder=\"0\" marginwidth=\"0\" marginheight=\"0\" scrolling=\"no\"><\/iframe>\n<\/div><\/figure>\n\n\n\n<figure class=\"wp-block-embed is-type-rich is-provider-vida-de-madrid\"><div class=\"wp-block-embed__wrapper\">\n<blockquote class=\"wp-embedded-content\" data-secret=\"pfMJjWDj79\"><a href=\"https:\/\/www.vidademadrid.com\/es\/20989\/reapertura-bibliotecas-publicas-madrid-fase-1-2-y-3\/\">Bibliotecas p\u00fablicas de Madrid en fase 2 y 3: horarios y medidas<\/a><\/blockquote><iframe loading=\"lazy\" class=\"wp-embedded-content\" sandbox=\"allow-scripts\" security=\"restricted\" style=\"position: absolute; clip: rect(1px, 1px, 1px, 1px);\" src=\"https:\/\/www.vidademadrid.com\/es\/20989\/reapertura-bibliotecas-publicas-madrid-fase-1-2-y-3\/embed\/#?secret=pfMJjWDj79\" data-secret=\"pfMJjWDj79\" width=\"600\" height=\"338\" title=\"&#171;Bibliotecas p\u00fablicas de Madrid en fase 2 y 3: horarios y medidas&#187; &#8212; Vida de Madrid\" frameborder=\"0\" marginwidth=\"0\" marginheight=\"0\" scrolling=\"no\"><\/iframe>\n<\/div><\/figure>\n","protected":false},"excerpt":{"rendered":"<p>Nuevas franjas horarias para deporte, novedades importantes para bares y tiendas, y m\u00e1s<\/p>\n","protected":false},"author":1,"featured_media":21248,"comment_status":"open","ping_status":"open","sticky":false,"template":"","format":"standard","meta":{"footnotes":""},"categories":[12,2],"tags":[54],"class_list":{"0":"post-21247","1":"post","2":"type-post","3":"status-publish","4":"format-standard","5":"has-post-thumbnail","7":"category-actualidad-noticias-madrid","8":"category-restaurantes-planes-foodie-madrid","9":"tag-coronavirus"},"_links":{"self":[{"href":"https:\/\/www.vidademadrid.com\/es\/wp-json\/wp\/v2\/posts\/21247","targetHints":{"allow":["GET"]}}],"collection":[{"href":"https:\/\/www.vidademadrid.com\/es\/wp-json\/wp\/v2\/posts"}],"about":[{"href":"https:\/\/www.vidademadrid.com\/es\/wp-json\/wp\/v2\/types\/post"}],"author":[{"embeddable":true,"href":"https:\/\/www.vidademadrid.com\/es\/wp-json\/wp\/v2\/users\/1"}],"replies":[{"embeddable":true,"href":"https:\/\/www.vidademadrid.com\/es\/wp-json\/wp\/v2\/comments?post=21247"}],"version-history":[{"count":4,"href":"https:\/\/www.vidademadrid.com\/es\/wp-json\/wp\/v2\/posts\/21247\/revisions"}],"predecessor-version":[{"id":21253,"href":"https:\/\/www.vidademadrid.com\/es\/wp-json\/wp\/v2\/posts\/21247\/revisions\/21253"}],"wp:featuredmedia":[{"embeddable":true,"href":"https:\/\/www.vidademadrid.com\/es\/wp-json\/wp\/v2\/media\/21248"}],"wp:attachment":[{"href":"https:\/\/www.vidademadrid.com\/es\/wp-json\/wp\/v2\/media?parent=21247"}],"wp:term":[{"taxonomy":"category","embeddable":true,"href":"https:\/\/www.vidademadrid.com\/es\/wp-json\/wp\/v2\/categories?post=21247"},{"taxonomy":"post_tag","embeddable":true,"href":"https:\/\/www.vidademadrid.com\/es\/wp-json\/wp\/v2\/tags?post=21247"}],"curies":[{"name":"wp","href":"https:\/\/api.w.org\/{rel}","templated":true}]}}