{"id":2112,"date":"2016-02-21T20:22:53","date_gmt":"2016-02-21T19:22:53","guid":{"rendered":"http:\/\/www.vidademadrid.com\/es\/?p=2112"},"modified":"2016-02-21T21:06:47","modified_gmt":"2016-02-21T20:06:47","slug":"donde-desayunar-en-madrid-centro-las-mejores-cafeterias-del-2016","status":"publish","type":"post","link":"https:\/\/www.vidademadrid.com\/es\/2112\/donde-desayunar-en-madrid-centro-las-mejores-cafeterias-del-2016\/","title":{"rendered":"Donde desayunar en Madrid centro: las mejores cafeter\u00edas del 2016"},"content":{"rendered":"<p>Con el art\u00edculo de hoy inauguro una nueva secci\u00f3n en <a href=\"http:\/\/www.vidademadrid.com\">Vida de Madrid<\/a>, un espacio donde recopilo los sitios m\u00e1s interesantes para quien busque algo espec\u00edfico: en este caso doy mi respuesta a la pregunta <strong>\u00bfd\u00f3nde desayunar en Madrid centro?<\/strong><\/p>\n<p>Esta p\u00e1gina va a ser actualizada a media que vaya descubriendo nuevas cafeter\u00edas bonitas en el <a href=\"http:\/\/www.vidademadrid.com\/es\/donde\/centro-de-madrid\/\">Distrito Centro<\/a>, lo que intento es indicar todo lo mejor del 2016, con fotos para que pod\u00e1is elegir. Entonces, no olvid\u00e9is volver aqu\u00ed para descubrir los \u00faltimos locales a\u00f1adidos.<\/p>\n<p>De momento os propongo dos cafeter\u00edas-pasteler\u00edas muy interesantes, las dos en el <strong>barrio Justicia<\/strong> del <strong>distrito Centro<\/strong> de Madrid y de reci\u00e9n apertura en el 2016.<\/p>\n<hr \/>\n<h2>Desayunar en la cafeter\u00eda belga: Pelican Rouge Belgian Coffee Shop<\/h2>\n<p><em><a href=\"https:\/\/www.google.es\/maps\/place\/Plaza+Sta.+B%C3%A1rbara,+4,+28004+Madrid\/@40.4274553,-3.6985891,17z\/data=!3m1!4b1!4m2!3m1!1s0xd42288e968b240f:0x5a651d5db0b312e5\" target=\"_blank\">Plaza Santa B\u00e1rbara 4, Madrid (mapa)<\/a><\/em><\/p>\n<p>Ha llegado en febrero 2016 en Madrid la primera <strong>cafeter\u00eda de la compa\u00f1\u00eda belga Pelican Rouge<\/strong>. Fui ah\u00ed el d\u00eda de la inauguraci\u00f3n: el local es muy acogedor, una carta muy interesante que une caf\u00e9s de excelencia (precio: a partir de <strong>1,60\u20ac<\/strong>) con gofres, chocolate belgas y otros dulces riqu\u00edsimos. Es el lugar perfecto para los <strong>amantes del caf\u00e9<\/strong> , que aqu\u00ed pueden probar &#8211; entre muchos &#8211; los cuatro caf\u00e9s top: Santa Clara (Nicaragua), Shakisso (Ethiopia), Joseph (Etiopia, Nicaragua, Brasil) y Heritage (Etiopia, Nicaragua y Brasil).<\/p>\n<p>La cafeter\u00eda belga El Pelican Rouge est\u00e1 en plena <strong>Plaza Santa B\u00e1rbara<\/strong>, en el numero 4, al lado del metro Alonso Martinez (distrito Centro, al limite con el distrito Chamber\u00ed). Totalmente recomendada para desayunar pero tambi\u00e9n para meriendas o momentos de dulce relax durante el d\u00eda, mirando el incre\u00edble mostrador con dulces espectaculares.<\/p>\n<blockquote class=\"instagram-media\" style=\"background: #FFF; border: 0; border-radius: 3px; box-shadow: 0 0 1px 0 rgba(0,0,0,0.5),0 1px 10px 0 rgba(0,0,0,0.15); margin: 1px; max-width: 658px; padding: 0; width: calc(100% - 2px);\" data-instgrm-captioned=\"\" data-instgrm-version=\"6\">\n<div style=\"padding: 8px;\">\n<div style=\"background: #F8F8F8; line-height: 0; margin-top: 40px; padding: 58.2407407407% 0; text-align: center; width: 100%;\"><\/div>\n<p style=\"margin: 8px 0 0 0; padding: 0 4px;\"><a style=\"color: #000; font-family: Arial,sans-serif; font-size: 14px; font-style: normal; font-weight: normal; line-height: 17px; text-decoration: none; word-wrap: break-word;\" href=\"https:\/\/www.instagram.com\/p\/BBp3Mzrr_Jl\/\" target=\"_blank\">\u00a1Ahora visitando el nuevo @pelicanrougecoffeeshop en Alonso Martinez! Caf\u00e9 muy rico y sitio acogedor #madrid #espa\u00f1a #spagna #instamadrid #instapic #madridgram #igersmadrid #igersespa\u00f1a #ig_madrid #ig_madrid_city #cool #spain #bar #caf\u00e9 #caff\u00e8 #pelicanrouge #alonsomartinez #cafebelga #belgium #ristretto #choco #chocolate #merienda #coffee #sweet #dulce #chocolovers<\/a><\/p>\n<p style=\"color: #c9c8cd; font-family: Arial,sans-serif; font-size: 14px; line-height: 17px; margin-bottom: 0; margin-top: 8px; overflow: hidden; padding: 8px 0 7px; text-align: center; text-overflow: ellipsis; white-space: nowrap;\">Una foto pubblicata da Vida de Madrid (@vidademadrid) in data: <time style=\"font-family: Arial,sans-serif; font-size: 14px; line-height: 17px;\" datetime=\"2016-02-11T17:18:51+00:00\">11 Feb 2016 alle ore 09:18 PST<\/time><\/p>\n<\/div>\n<\/blockquote>\n<p><script src=\"\/\/platform.instagram.com\/en_US\/embeds.js\" async=\"\" defer=\"defer\"><\/script><\/p>\n<div id='gallery-1' class='gallery galleryid-2112 gallery-columns-2 gallery-size-full'><figure class='gallery-item'>\n\t\t\t<div class='gallery-icon landscape'>\n\t\t\t\t<img loading=\"lazy\" decoding=\"async\" width=\"350\" height=\"259\" src=\"https:\/\/www.vidademadrid.com\/es\/wp-content\/uploads\/2016\/02\/pelican-rouge-madrid-01.jpg\" class=\"attachment-full size-full\" alt=\"\" srcset=\"https:\/\/www.vidademadrid.com\/es\/wp-content\/uploads\/2016\/02\/pelican-rouge-madrid-01.jpg 350w, https:\/\/www.vidademadrid.com\/es\/wp-content\/uploads\/2016\/02\/pelican-rouge-madrid-01-300x222.jpg 300w\" sizes=\"auto, (max-width: 350px) 100vw, 350px\" \/>\n\t\t\t<\/div><\/figure><figure class='gallery-item'>\n\t\t\t<div class='gallery-icon landscape'>\n\t\t\t\t<img loading=\"lazy\" decoding=\"async\" width=\"350\" height=\"259\" src=\"https:\/\/www.vidademadrid.com\/es\/wp-content\/uploads\/2016\/02\/pelican-rouge-madrid-03.jpg\" class=\"attachment-full size-full\" alt=\"\" srcset=\"https:\/\/www.vidademadrid.com\/es\/wp-content\/uploads\/2016\/02\/pelican-rouge-madrid-03.jpg 350w, https:\/\/www.vidademadrid.com\/es\/wp-content\/uploads\/2016\/02\/pelican-rouge-madrid-03-300x222.jpg 300w\" sizes=\"auto, (max-width: 350px) 100vw, 350px\" \/>\n\t\t\t<\/div><\/figure><figure class='gallery-item'>\n\t\t\t<div class='gallery-icon landscape'>\n\t\t\t\t<img loading=\"lazy\" decoding=\"async\" width=\"350\" height=\"259\" src=\"https:\/\/www.vidademadrid.com\/es\/wp-content\/uploads\/2016\/02\/pelican-rouge-madrid-29.jpg\" class=\"attachment-full size-full\" alt=\"\" srcset=\"https:\/\/www.vidademadrid.com\/es\/wp-content\/uploads\/2016\/02\/pelican-rouge-madrid-29.jpg 350w, https:\/\/www.vidademadrid.com\/es\/wp-content\/uploads\/2016\/02\/pelican-rouge-madrid-29-300x222.jpg 300w\" sizes=\"auto, (max-width: 350px) 100vw, 350px\" \/>\n\t\t\t<\/div><\/figure><figure class='gallery-item'>\n\t\t\t<div class='gallery-icon landscape'>\n\t\t\t\t<img loading=\"lazy\" decoding=\"async\" width=\"350\" height=\"259\" src=\"https:\/\/www.vidademadrid.com\/es\/wp-content\/uploads\/2016\/02\/pelican-rouge-madrid-07.jpg\" class=\"attachment-full size-full\" alt=\"\" srcset=\"https:\/\/www.vidademadrid.com\/es\/wp-content\/uploads\/2016\/02\/pelican-rouge-madrid-07.jpg 350w, https:\/\/www.vidademadrid.com\/es\/wp-content\/uploads\/2016\/02\/pelican-rouge-madrid-07-300x222.jpg 300w\" sizes=\"auto, (max-width: 350px) 100vw, 350px\" \/>\n\t\t\t<\/div><\/figure><figure class='gallery-item'>\n\t\t\t<div class='gallery-icon portrait'>\n\t\t\t\t<img loading=\"lazy\" decoding=\"async\" width=\"350\" height=\"473\" src=\"https:\/\/www.vidademadrid.com\/es\/wp-content\/uploads\/2016\/02\/pelican-rouge-madrid-15.jpg\" class=\"attachment-full size-full\" alt=\"\" srcset=\"https:\/\/www.vidademadrid.com\/es\/wp-content\/uploads\/2016\/02\/pelican-rouge-madrid-15.jpg 350w, https:\/\/www.vidademadrid.com\/es\/wp-content\/uploads\/2016\/02\/pelican-rouge-madrid-15-222x300.jpg 222w\" sizes=\"auto, (max-width: 350px) 100vw, 350px\" \/>\n\t\t\t<\/div><\/figure><figure class='gallery-item'>\n\t\t\t<div class='gallery-icon portrait'>\n\t\t\t\t<img loading=\"lazy\" decoding=\"async\" width=\"350\" height=\"473\" src=\"https:\/\/www.vidademadrid.com\/es\/wp-content\/uploads\/2016\/02\/pelican-rouge-madrid-20.jpg\" class=\"attachment-full size-full\" alt=\"\" srcset=\"https:\/\/www.vidademadrid.com\/es\/wp-content\/uploads\/2016\/02\/pelican-rouge-madrid-20.jpg 350w, https:\/\/www.vidademadrid.com\/es\/wp-content\/uploads\/2016\/02\/pelican-rouge-madrid-20-222x300.jpg 222w\" sizes=\"auto, (max-width: 350px) 100vw, 350px\" \/>\n\t\t\t<\/div><\/figure><figure class='gallery-item'>\n\t\t\t<div class='gallery-icon portrait'>\n\t\t\t\t<img loading=\"lazy\" decoding=\"async\" width=\"350\" height=\"473\" src=\"https:\/\/www.vidademadrid.com\/es\/wp-content\/uploads\/2016\/02\/pelican-rouge-madrid-28.jpg\" class=\"attachment-full size-full\" alt=\"\" srcset=\"https:\/\/www.vidademadrid.com\/es\/wp-content\/uploads\/2016\/02\/pelican-rouge-madrid-28.jpg 350w, https:\/\/www.vidademadrid.com\/es\/wp-content\/uploads\/2016\/02\/pelican-rouge-madrid-28-222x300.jpg 222w\" sizes=\"auto, (max-width: 350px) 100vw, 350px\" \/>\n\t\t\t<\/div><\/figure><figure class='gallery-item'>\n\t\t\t<div class='gallery-icon portrait'>\n\t\t\t\t<img loading=\"lazy\" decoding=\"async\" width=\"350\" height=\"473\" src=\"https:\/\/www.vidademadrid.com\/es\/wp-content\/uploads\/2016\/02\/pelican-rouge-madrid-06.jpg\" class=\"attachment-full size-full\" alt=\"\" srcset=\"https:\/\/www.vidademadrid.com\/es\/wp-content\/uploads\/2016\/02\/pelican-rouge-madrid-06.jpg 350w, https:\/\/www.vidademadrid.com\/es\/wp-content\/uploads\/2016\/02\/pelican-rouge-madrid-06-222x300.jpg 222w\" sizes=\"auto, (max-width: 350px) 100vw, 350px\" \/>\n\t\t\t<\/div><\/figure>\n\t\t<\/div>\n\n<hr \/>\n<h2>Desayunar en la pasteler\u00eda de autor: La Duquesita<\/h2>\n<p><em><a href=\"https:\/\/www.google.es\/maps\/place\/Pasteler%C3%ADa+La+Duquesita\/@40.4256994,-3.6991618,17z\/data=!3m1!4b1!4m2!3m1!1s0xd42288ed8a63027:0xe4731ea8954b8d2f\" target=\"_blank\">Calle de Fernando VI 2, Madrid (mapa)<\/a><\/em><\/p>\n<p>Puede parecer raro hablar de este local reci\u00e9n abierto si el a\u00f1o de fundaci\u00f3n es el 1914. Pero as\u00ed es: despu\u00e9s de un tiempo cerrado, una de las m\u00edticas confiter\u00edas-reposter\u00edas de Madrid ha abierto sus puertas otra vez. Es <strong>La Duquesita<\/strong>, en calle Fernando VI (distrito Centro, barrio Justicia, en Las Salesas, al lado de calle Hortaleza). El gran repostero Oriol Balaguer ha tomado el testigo de esta pasteler\u00eda, que ha abierto otra vez para el 2016. Super recomendada la boller\u00eda (y b\u00e1sicamente todo lo que se puede comer aqu\u00ed). El imprescindible es el <strong>croissant<\/strong> (<strong>1,80\u20ac<\/strong>), reconocido como el <strong>mejor de Espa\u00f1a<\/strong>. El hist\u00f3rico local es peque\u00f1o pero merece le pena pararse aqu\u00ed para desayunar o simplemente llevarse un croissant para com\u00e9rselo en la oficina. <\/p>\n<blockquote class=\"instagram-media\" style=\"background: #FFF; border: 0; border-radius: 3px; box-shadow: 0 0 1px 0 rgba(0,0,0,0.5),0 1px 10px 0 rgba(0,0,0,0.15); margin: 1px; max-width: 658px; padding: 0; width: calc(100% - 2px);\" data-instgrm-captioned=\"\" data-instgrm-version=\"6\">\n<div style=\"padding: 8px;\">\n<div style=\"background: #F8F8F8; line-height: 0; margin-top: 40px; padding: 50.0% 0; text-align: center; width: 100%;\"><\/div>\n<p><a style=\"color: #000; font-family: Arial,sans-serif; font-size: 14px; font-style: normal; font-weight: normal; line-height: 17px; text-decoration: none; word-wrap: break-word;\" href=\"https:\/\/www.instagram.com\/p\/BBZaHqJL_IX\/\" target=\"_blank\">\u00a1Buenos d\u00edas&#8230; con el \u00abmejor croissant artesano de Espa\u00f1a\u00bb! #madrid #espa\u00f1a #spagna #instamadrid #instapic #madridgram #igersmadrid #igersespa\u00f1a #ig_madrid #ig_madrid_city #cool #spain #foodie #food #comida #yummy #pornfood #desayuno #breakfast #croissant #petitdejeuner #cornetto #bolleria #laduquesita #sweet #dulce #buenosdias #desayunosaludable<\/a><\/p>\n<p>Una foto pubblicata da Vida de Madrid (@vidademadrid) in data: <time style=\"font-family: Arial,sans-serif; font-size: 14px; line-height: 17px;\" datetime=\"2016-02-05T07:56:53+00:00\">4 Feb 2016 alle ore 23:56 PST<\/time>\n<\/div>\n<\/blockquote>\n<p><script src=\"\/\/platform.instagram.com\/en_US\/embeds.js\" async=\"\" defer=\"defer\"><\/script><\/p>\n<div id='gallery-2' class='gallery galleryid-2112 gallery-columns-2 gallery-size-full'><figure class='gallery-item'>\n\t\t\t<div class='gallery-icon landscape'>\n\t\t\t\t<img loading=\"lazy\" decoding=\"async\" width=\"350\" height=\"259\" src=\"https:\/\/www.vidademadrid.com\/es\/wp-content\/uploads\/2016\/02\/la-duquesita-madrid-08.jpg\" class=\"attachment-full size-full\" alt=\"\" srcset=\"https:\/\/www.vidademadrid.com\/es\/wp-content\/uploads\/2016\/02\/la-duquesita-madrid-08.jpg 350w, https:\/\/www.vidademadrid.com\/es\/wp-content\/uploads\/2016\/02\/la-duquesita-madrid-08-300x222.jpg 300w\" sizes=\"auto, (max-width: 350px) 100vw, 350px\" \/>\n\t\t\t<\/div><\/figure><figure class='gallery-item'>\n\t\t\t<div class='gallery-icon landscape'>\n\t\t\t\t<img loading=\"lazy\" decoding=\"async\" width=\"350\" height=\"259\" src=\"https:\/\/www.vidademadrid.com\/es\/wp-content\/uploads\/2016\/02\/la-duquesita-madrid-06.jpg\" class=\"attachment-full size-full\" alt=\"\" srcset=\"https:\/\/www.vidademadrid.com\/es\/wp-content\/uploads\/2016\/02\/la-duquesita-madrid-06.jpg 350w, https:\/\/www.vidademadrid.com\/es\/wp-content\/uploads\/2016\/02\/la-duquesita-madrid-06-300x222.jpg 300w\" sizes=\"auto, (max-width: 350px) 100vw, 350px\" \/>\n\t\t\t<\/div><\/figure><figure class='gallery-item'>\n\t\t\t<div class='gallery-icon portrait'>\n\t\t\t\t<img loading=\"lazy\" decoding=\"async\" width=\"350\" height=\"473\" src=\"https:\/\/www.vidademadrid.com\/es\/wp-content\/uploads\/2016\/02\/la-duquesita-madrid-04.jpg\" class=\"attachment-full size-full\" alt=\"\" srcset=\"https:\/\/www.vidademadrid.com\/es\/wp-content\/uploads\/2016\/02\/la-duquesita-madrid-04.jpg 350w, https:\/\/www.vidademadrid.com\/es\/wp-content\/uploads\/2016\/02\/la-duquesita-madrid-04-222x300.jpg 222w\" sizes=\"auto, (max-width: 350px) 100vw, 350px\" \/>\n\t\t\t<\/div><\/figure><figure class='gallery-item'>\n\t\t\t<div class='gallery-icon portrait'>\n\t\t\t\t<img loading=\"lazy\" decoding=\"async\" width=\"350\" height=\"473\" src=\"https:\/\/www.vidademadrid.com\/es\/wp-content\/uploads\/2016\/02\/la-duquesita-madrid-05.jpg\" class=\"attachment-full size-full\" alt=\"\" srcset=\"https:\/\/www.vidademadrid.com\/es\/wp-content\/uploads\/2016\/02\/la-duquesita-madrid-05.jpg 350w, https:\/\/www.vidademadrid.com\/es\/wp-content\/uploads\/2016\/02\/la-duquesita-madrid-05-222x300.jpg 222w\" sizes=\"auto, (max-width: 350px) 100vw, 350px\" \/>\n\t\t\t<\/div><\/figure><figure class='gallery-item'>\n\t\t\t<div class='gallery-icon landscape'>\n\t\t\t\t<img loading=\"lazy\" decoding=\"async\" width=\"350\" height=\"259\" src=\"https:\/\/www.vidademadrid.com\/es\/wp-content\/uploads\/2016\/02\/la-duquesita-madrid-07.jpg\" class=\"attachment-full size-full\" alt=\"\" srcset=\"https:\/\/www.vidademadrid.com\/es\/wp-content\/uploads\/2016\/02\/la-duquesita-madrid-07.jpg 350w, https:\/\/www.vidademadrid.com\/es\/wp-content\/uploads\/2016\/02\/la-duquesita-madrid-07-300x222.jpg 300w\" sizes=\"auto, (max-width: 350px) 100vw, 350px\" \/>\n\t\t\t<\/div><\/figure><figure class='gallery-item'>\n\t\t\t<div class='gallery-icon landscape'>\n\t\t\t\t<img loading=\"lazy\" decoding=\"async\" width=\"350\" height=\"259\" src=\"https:\/\/www.vidademadrid.com\/es\/wp-content\/uploads\/2016\/02\/la-duquesita-madrid-09.jpg\" class=\"attachment-full size-full\" alt=\"\" srcset=\"https:\/\/www.vidademadrid.com\/es\/wp-content\/uploads\/2016\/02\/la-duquesita-madrid-09.jpg 350w, https:\/\/www.vidademadrid.com\/es\/wp-content\/uploads\/2016\/02\/la-duquesita-madrid-09-300x222.jpg 300w\" sizes=\"auto, (max-width: 350px) 100vw, 350px\" \/>\n\t\t\t<\/div><\/figure>\n\t\t<\/div>\n\n<hr \/>\n<h2>\u00bfOtros sitios donde desayunar en Madrid centro?<\/h2>\n<p>Espero vuestra ayuda: decidme vuestras cafeter\u00edas o pasteler\u00edas favoritas en los comentarios de esta p\u00e1gina o escribi\u00e9ndome a <a href=\"mailto:info@vidademadrid.com\" target=\"_blank\">info@vidademadrid.com<\/a>: voy a visitar y a\u00f1adir aqu\u00ed las m\u00e1s interesantes del 2016.<\/p>\n","protected":false},"excerpt":{"rendered":"<p>Ruta dulce en el centro de Madrid, sitios nuevos para desayunar<\/p>\n","protected":false},"author":1,"featured_media":2113,"comment_status":"open","ping_status":"open","sticky":false,"template":"","format":"standard","meta":{"footnotes":""},"categories":[1],"tags":[8],"class_list":{"0":"post-2112","1":"post","2":"type-post","3":"status-publish","4":"format-standard","5":"has-post-thumbnail","7":"category-varios","8":"tag-centro-de-madrid"},"_links":{"self":[{"href":"https:\/\/www.vidademadrid.com\/es\/wp-json\/wp\/v2\/posts\/2112","targetHints":{"allow":["GET"]}}],"collection":[{"href":"https:\/\/www.vidademadrid.com\/es\/wp-json\/wp\/v2\/posts"}],"about":[{"href":"https:\/\/www.vidademadrid.com\/es\/wp-json\/wp\/v2\/types\/post"}],"author":[{"embeddable":true,"href":"https:\/\/www.vidademadrid.com\/es\/wp-json\/wp\/v2\/users\/1"}],"replies":[{"embeddable":true,"href":"https:\/\/www.vidademadrid.com\/es\/wp-json\/wp\/v2\/comments?post=2112"}],"version-history":[{"count":25,"href":"https:\/\/www.vidademadrid.com\/es\/wp-json\/wp\/v2\/posts\/2112\/revisions"}],"predecessor-version":[{"id":2153,"href":"https:\/\/www.vidademadrid.com\/es\/wp-json\/wp\/v2\/posts\/2112\/revisions\/2153"}],"wp:featuredmedia":[{"embeddable":true,"href":"https:\/\/www.vidademadrid.com\/es\/wp-json\/wp\/v2\/media\/2113"}],"wp:attachment":[{"href":"https:\/\/www.vidademadrid.com\/es\/wp-json\/wp\/v2\/media?parent=2112"}],"wp:term":[{"taxonomy":"category","embeddable":true,"href":"https:\/\/www.vidademadrid.com\/es\/wp-json\/wp\/v2\/categories?post=2112"},{"taxonomy":"post_tag","embeddable":true,"href":"https:\/\/www.vidademadrid.com\/es\/wp-json\/wp\/v2\/tags?post=2112"}],"curies":[{"name":"wp","href":"https:\/\/api.w.org\/{rel}","templated":true}]}}