{"id":20732,"date":"2020-06-02T13:02:50","date_gmt":"2020-06-02T11:02:50","guid":{"rendered":"https:\/\/www.vidademadrid.com\/es\/?p=20732"},"modified":"2020-06-18T20:12:31","modified_gmt":"2020-06-18T18:12:31","slug":"museo-thyssen-fase-1-2-y-3-horarios-exposiciones-entradas-gratuitas","status":"publish","type":"post","link":"https:\/\/www.vidademadrid.com\/es\/20732\/museo-thyssen-fase-1-2-y-3-horarios-exposiciones-entradas-gratuitas\/","title":{"rendered":"Museo Thyssen: nuevos horarios, exposiciones y entradas"},"content":{"rendered":"<p>Tras su cierre preventivo como medida de seguridad durante la crisis del Covid-19, el <strong>Museo Nacional Thyssen-Bornemisza<\/strong>\u00a0volver\u00e1 a abrir sus puertas el pr\u00f3ximo\u00a0<strong>s\u00e1bado 6 de junio<\/strong>\u00a0garantizando las m\u00e1ximas condiciones de seguridad tanto para los visitantes como para sus trabajadores. En Vida de Madrid mantendremos este post actualizado con todas las novedades que se vayan anunciando sobre su actividad durante las\u00a0<strong>fases 1, 2 y 3<\/strong>, ya sean relativas a nuevos\u00a0<strong>horarios<\/strong>,\u00a0<strong>exposiciones<\/strong>\u00a0o\u00a0<strong>entradas<\/strong>.<\/p>\n<h2>Reapertura con entrada gratuita el 6 y 7 de junio<\/h2>\n<p>Museo Nacional Thyssen-Bornemisza anuncia que <strong>la entrada ser\u00e1 gratuita<\/strong> en los primeros d\u00edas de su reapertura, <strong>el s\u00e1bado 6 y domingo 7 de junio<\/strong>. Las entradas gratuitas se pueden obtener a trav\u00e9s de la web o por tel\u00e9fono e incluyen visita a la colecci\u00f3n permanente y a las dos exposiciones temporales \u00abRembrandt y el retrato en \u00c1msterdam, 1590-1670\u00bb y \u00abJoan Jonas: Moving Off The Land II\u00bb.<\/p>\n<p><script async=\"\" src=\"https:\/\/pagead2.googlesyndication.com\/pagead\/js\/adsbygoogle.js\"><\/script> <ins class=\"adsbygoogle\" style=\"display: block;\" data-ad-format=\"fluid\" data-ad-layout-key=\"-7f+eo+1+2-5\" data-ad-client=\"ca-pub-7450064428034605\" data-ad-slot=\"7327027071\"><\/ins><script>(adsbygoogle = window.adsbygoogle || []).push({});<\/script><\/p>\n<p>La reapertura ser\u00e1 con aforo limitado y con todas las medidas de seguridad.<\/p>\n<h2>Museo Thyssen en fase 1: horarios, exposiciones y entradas<\/h2>\n<p><script async=\"\" src=\"https:\/\/pagead2.googlesyndication.com\/pagead\/js\/adsbygoogle.js\"><\/script> <!-- Vertical2020 --><ins class=\"adsbygoogle\" style=\"display: block;\" data-ad-client=\"ca-pub-7450064428034605\" data-ad-slot=\"4377430105\" data-ad-format=\"auto\" data-full-width-responsive=\"true\"><\/ins><script>(adsbygoogle = window.adsbygoogle || []).push({});<\/script>El plan espec\u00edfico elegido por el\u00a0<strong>Museo Nacional Thyssen-Bornemisza <\/strong>para gestionar la reapertura de sus puertas ha sido supervisado por el Ministerio de Cultura y Deporte, por lo que cuenta con las m\u00e1ximas garant\u00edas de eficacia contra la propagaci\u00f3n del virus.<\/p>\n<p>En cuanto a los horarios en los que se podr\u00e1 visitar, el museo mantendr\u00e1 los habituales de antes de la crisis, es decir, a partir del <strong>6 de junio<\/strong>, podr\u00e1 visitarse <strong>de martes a domingo de 10:00 h a 19:00 h<\/strong> (las exposiciones se abrir\u00e1n los s\u00e1bados hasta las 21:00 h) y los <strong>lunes, de 12:00 h a 16:00 h<\/strong>, \u00fanicamente la colecci\u00f3n permanente y con acceso gratuito.<\/p>\n<p><script async=\"\" src=\"https:\/\/pagead2.googlesyndication.com\/pagead\/js\/adsbygoogle.js\"><\/script> <ins class=\"adsbygoogle\" style=\"display: block; text-align: center;\" data-ad-layout=\"in-article\" data-ad-format=\"fluid\" data-ad-client=\"ca-pub-7450064428034605\" data-ad-slot=\"5670045061\"><\/ins> <script>(adsbygoogle = window.adsbygoogle || []).push({});<\/script>En relaci\u00f3n a las exposiciones, se reabrir\u00e1n las puertas de la <strong>Colecci\u00f3n permanente<\/strong> y de las dos exposiciones temporales prorrogadas: &#8216;<strong>Rembrandt y el retrato en \u00c1msterdam<\/strong>&#8216;, hasta el 30 de agosto, y &#8216;<strong>Joan Jonas: Moving Off The Land II<\/strong>&#8216;, hasta el 13 de septiembre. Por \u00faltimo, y al igual que en el Museo Reina Sof\u00eda, se recomienda la adquisici\u00f3n de las <strong>entradas<\/strong> a trav\u00e9s de su <strong><a href=\"https:\/\/www.museothyssen.org\/\">p\u00e1gina web<\/a><\/strong> o por <strong>tel\u00e9fono<\/strong>, aunque tambi\u00e9n se podr\u00e1n adquirir en <strong>taquilla<\/strong>.<\/p>\n\n\n<figure class=\"wp-block-embed is-type-rich is-provider-vida-de-madrid\"><div class=\"wp-block-embed__wrapper\">\n<blockquote class=\"wp-embedded-content\" data-secret=\"0qeHNurbGQ\"><a href=\"https:\/\/www.vidademadrid.com\/es\/20722\/museo-del-prado-fase-1-2-y-3-horarios-exposiciones-entradas\/\">Museo del Prado en fase 1, 2 y 3: nuevos horarios, exposiciones y entradas<\/a><\/blockquote><iframe loading=\"lazy\" class=\"wp-embedded-content\" sandbox=\"allow-scripts\" security=\"restricted\" style=\"position: absolute; clip: rect(1px, 1px, 1px, 1px);\" src=\"https:\/\/www.vidademadrid.com\/es\/20722\/museo-del-prado-fase-1-2-y-3-horarios-exposiciones-entradas\/embed\/#?secret=0qeHNurbGQ\" data-secret=\"0qeHNurbGQ\" width=\"600\" height=\"338\" title=\"&#171;Museo del Prado en fase 1, 2 y 3: nuevos horarios, exposiciones y entradas&#187; &#8212; Vida de Madrid\" frameborder=\"0\" marginwidth=\"0\" marginheight=\"0\" scrolling=\"no\"><\/iframe>\n<\/div><\/figure>\n\n\n\n<figure class=\"wp-block-embed is-type-rich is-provider-vida-de-madrid\"><div class=\"wp-block-embed__wrapper\">\n<blockquote class=\"wp-embedded-content\" data-secret=\"Uk0drw6q4y\"><a href=\"https:\/\/www.vidademadrid.com\/es\/20729\/museo-reina-sofia-fase-1-2-y-3-horarios-exposiciones-entradas\/\">Museo Reina Sof\u00eda en fase 1, 2 y 3: nuevos horarios, exposiciones y entradas<\/a><\/blockquote><iframe loading=\"lazy\" class=\"wp-embedded-content\" sandbox=\"allow-scripts\" security=\"restricted\" style=\"position: absolute; clip: rect(1px, 1px, 1px, 1px);\" src=\"https:\/\/www.vidademadrid.com\/es\/20729\/museo-reina-sofia-fase-1-2-y-3-horarios-exposiciones-entradas\/embed\/#?secret=Uk0drw6q4y\" data-secret=\"Uk0drw6q4y\" width=\"600\" height=\"338\" title=\"&#171;Museo Reina Sof\u00eda en fase 1, 2 y 3: nuevos horarios, exposiciones y entradas&#187; &#8212; Vida de Madrid\" frameborder=\"0\" marginwidth=\"0\" marginheight=\"0\" scrolling=\"no\"><\/iframe>\n<\/div><\/figure>\n","protected":false},"excerpt":{"rendered":"<p>Con todas las medidas de seguridad necesarias, ha reabierto al p\u00fablico el 6 de junio <\/p>\n","protected":false},"author":10,"featured_media":20744,"comment_status":"open","ping_status":"open","sticky":false,"template":"","format":"standard","meta":{"footnotes":""},"categories":[12,111],"tags":[106,62],"class_list":{"0":"post-20732","1":"post","2":"type-post","3":"status-publish","4":"format-standard","5":"has-post-thumbnail","7":"category-actualidad-noticias-madrid","8":"category-exposiciones-madrid","9":"tag-museo-thyssen-bornemisza","10":"tag-museos"},"_links":{"self":[{"href":"https:\/\/www.vidademadrid.com\/es\/wp-json\/wp\/v2\/posts\/20732","targetHints":{"allow":["GET"]}}],"collection":[{"href":"https:\/\/www.vidademadrid.com\/es\/wp-json\/wp\/v2\/posts"}],"about":[{"href":"https:\/\/www.vidademadrid.com\/es\/wp-json\/wp\/v2\/types\/post"}],"author":[{"embeddable":true,"href":"https:\/\/www.vidademadrid.com\/es\/wp-json\/wp\/v2\/users\/10"}],"replies":[{"embeddable":true,"href":"https:\/\/www.vidademadrid.com\/es\/wp-json\/wp\/v2\/comments?post=20732"}],"version-history":[{"count":12,"href":"https:\/\/www.vidademadrid.com\/es\/wp-json\/wp\/v2\/posts\/20732\/revisions"}],"predecessor-version":[{"id":21868,"href":"https:\/\/www.vidademadrid.com\/es\/wp-json\/wp\/v2\/posts\/20732\/revisions\/21868"}],"wp:featuredmedia":[{"embeddable":true,"href":"https:\/\/www.vidademadrid.com\/es\/wp-json\/wp\/v2\/media\/20744"}],"wp:attachment":[{"href":"https:\/\/www.vidademadrid.com\/es\/wp-json\/wp\/v2\/media?parent=20732"}],"wp:term":[{"taxonomy":"category","embeddable":true,"href":"https:\/\/www.vidademadrid.com\/es\/wp-json\/wp\/v2\/categories?post=20732"},{"taxonomy":"post_tag","embeddable":true,"href":"https:\/\/www.vidademadrid.com\/es\/wp-json\/wp\/v2\/tags?post=20732"}],"curies":[{"name":"wp","href":"https:\/\/api.w.org\/{rel}","templated":true}]}}