{"id":20643,"date":"2020-05-27T13:42:55","date_gmt":"2020-05-27T11:42:55","guid":{"rendered":"https:\/\/www.vidademadrid.com\/es\/?p=20643"},"modified":"2020-09-30T12:01:21","modified_gmt":"2020-09-30T10:01:21","slug":"nuevas-franjas-horarias-fase-1-madrid","status":"publish","type":"post","link":"https:\/\/www.vidademadrid.com\/es\/20643\/nuevas-franjas-horarias-fase-1-madrid\/","title":{"rendered":"Nuevas franjas horarias: Fase 1 en Madrid"},"content":{"rendered":"<p>La <strong>Comunidad de Madrid<\/strong> ha aprobado <strong>nuevas franjas horarias<\/strong> para las <strong>salidas de los menores <\/strong>de hasta 14 a\u00f1os durante la <strong>fase 1<\/strong> buscando una mayor libertad y comodidad para ellos, evitando as\u00ed las horas m\u00e1s calurosas del d\u00eda. El resto de las franjas se mantendr\u00e1n igual, por lo que coincidir\u00e1n algunas de ellas. A continuaci\u00f3n, te contamos las novedades.<\/p>\n<h2>Nuevas franjas horarias en Madrid fase 1: Ni\u00f1os<\/h2>\n<p>Hasta hoy, los menores de 14 a\u00f1os han podido salir a la calle entre las 12:00 h y las 19:00 horas, aunque el Gobierno central ya indic\u00f3 que las comunidades aut\u00f3nomas que lo necesitaran ten\u00edan autoridad para modificar este horario para que no coincidiera con las franjas de m\u00e1s calor, debido a las altas temperaturas que se est\u00e1n registrando en algunos puntos de Espa\u00f1a.<\/p>\n<p>Ser\u00e1 a partir de ma\u00f1ana, <strong>jueves 28 de mayo<\/strong>, cuando los ni\u00f1os de la Comunidad de Madrid podr\u00e1n salir entre las franjas horarias <strong>de las 10:00 h a las 13:00 h<\/strong> y de las <strong>17:00 h a las 21:00 h<\/strong>.\u00a0<\/p>\n\n\n<figure class=\"wp-block-embed-twitter wp-block-embed is-type-rich is-provider-twitter\"><div class=\"wp-block-embed__wrapper\">\n<blockquote class=\"twitter-tweet\" data-width=\"550\" data-dnt=\"true\"><p lang=\"es\" dir=\"ltr\">? Los ni\u00f1os en <a href=\"https:\/\/twitter.com\/ComunidadMadrid?ref_src=twsrc%5Etfw\">@comunidadmadrid<\/a> podr\u00e1n salir de 10:00h a 13:00h y de 17:00h a 21:00h a partir de este jueves 28 de mayo.<br><br>Mientras, seguiremos pidiendo al Gobierno central la eliminaci\u00f3n total de estas restricciones horarias.<\/p>&mdash; Isabel D\u00edaz Ayuso (@IdiazAyuso) <a href=\"https:\/\/twitter.com\/IdiazAyuso\/status\/1265337787856928768?ref_src=twsrc%5Etfw\">May 26, 2020<\/a><\/blockquote><script async src=\"https:\/\/platform.twitter.com\/widgets.js\" charset=\"utf-8\"><\/script>\n<\/div><\/figure>\n\n\n<h2>Nuevas franjas horarias en Madrid fase 1: Resumen<\/h2>\n<p>El resto de franjas horarias se mantendr\u00e1n igual que hasta ahora, de manera que los <strong>mayores de 70<\/strong> podr\u00e1n salir <strong>de 10:00 h a 12:00 h y de 19:00 h a 20:00 h<\/strong> y el resto de <strong>paseantes o deportistas<\/strong> lo har\u00e1n <strong>entre las 6:00 h y las 10:00 h o de 20:00 h a 23:00 horas<\/strong>.&nbsp;Con las modificaciones del horario de los menores, a partir de ahora, coincidir\u00e1n m\u00e1s de una franja.<\/p>\n<p>Puedes consultar m\u00e1s detalles en la <strong><a href=\"http:\/\/www.bocm.es\/boletin\/CM_Orden_BOCM\/2020\/05\/27\/BOCM-20200527-1.PDF\">Orden 527\/2020<\/a><\/strong> publicada hoy. Adem\u00e1s, en esta <strong>infograf\u00eda<\/strong> que hemos elaborado podr\u00e1s verlo todo mucho m\u00e1s claro:<\/p>\n\n\n<figure class=\"wp-block-image td-caption-align-https:\/\/www.vidademadrid.com\/es\/wp-content\/uploads\/2020\/05\/Nuevas-franjas-horarias.-Madrid-Fase-1.jpeg\"><img loading=\"lazy\" decoding=\"async\" width=\"1024\" height=\"1024\" src=\"https:\/\/www.vidademadrid.com\/es\/wp-content\/uploads\/2020\/05\/Nuevas-franjas-horarias.-Madrid-Fase-1-1024x1024.jpeg\" alt=\"\" class=\"wp-image-20657\" srcset=\"https:\/\/www.vidademadrid.com\/es\/wp-content\/uploads\/2020\/05\/Nuevas-franjas-horarias.-Madrid-Fase-1-1024x1024.jpeg 1024w, https:\/\/www.vidademadrid.com\/es\/wp-content\/uploads\/2020\/05\/Nuevas-franjas-horarias.-Madrid-Fase-1-150x150.jpeg 150w, https:\/\/www.vidademadrid.com\/es\/wp-content\/uploads\/2020\/05\/Nuevas-franjas-horarias.-Madrid-Fase-1-300x300.jpeg 300w, https:\/\/www.vidademadrid.com\/es\/wp-content\/uploads\/2020\/05\/Nuevas-franjas-horarias.-Madrid-Fase-1-768x768.jpeg 768w, https:\/\/www.vidademadrid.com\/es\/wp-content\/uploads\/2020\/05\/Nuevas-franjas-horarias.-Madrid-Fase-1-696x696.jpeg 696w, https:\/\/www.vidademadrid.com\/es\/wp-content\/uploads\/2020\/05\/Nuevas-franjas-horarias.-Madrid-Fase-1-1068x1068.jpeg 1068w, https:\/\/www.vidademadrid.com\/es\/wp-content\/uploads\/2020\/05\/Nuevas-franjas-horarias.-Madrid-Fase-1-420x420.jpeg 420w, https:\/\/www.vidademadrid.com\/es\/wp-content\/uploads\/2020\/05\/Nuevas-franjas-horarias.-Madrid-Fase-1.jpeg 1079w\" sizes=\"auto, (max-width: 1024px) 100vw, 1024px\" \/><figcaption>Infograf\u00eda propia: Vida de Madrid<\/figcaption><\/figure>\n\n\n\n<script data-wid=\"auto\" type=\"text\/javascript\" src=\"https:\/\/content.viralize.tv\/display\/?zid=AADienU6q_tgbRYl\"><\/script>\n\n\n\n<figure class=\"wp-block-embed is-type-rich is-provider-vida-de-madrid\"><div class=\"wp-block-embed__wrapper\">\n<blockquote class=\"wp-embedded-content\" data-secret=\"nqlDuMWdRK\"><a href=\"https:\/\/www.vidademadrid.com\/es\/20587\/madrid-fase-1-que-se-puede-hacer\/\">Madrid en fase 1: \u00bfQu\u00e9 se puede hacer?<\/a><\/blockquote><iframe loading=\"lazy\" class=\"wp-embedded-content\" sandbox=\"allow-scripts\" security=\"restricted\" style=\"position: absolute; clip: rect(1px, 1px, 1px, 1px);\" title=\"&#171;Madrid en fase 1: \u00bfQu\u00e9 se puede hacer?&#187; &#8212; Vida de Madrid\" src=\"https:\/\/www.vidademadrid.com\/es\/20587\/madrid-fase-1-que-se-puede-hacer\/embed\/#?secret=nqlDuMWdRK\" data-secret=\"nqlDuMWdRK\" width=\"600\" height=\"338\" frameborder=\"0\" marginwidth=\"0\" marginheight=\"0\" scrolling=\"no\"><\/iframe>\n<\/div><\/figure>\n","protected":false},"excerpt":{"rendered":"<p>La Comunidad de Madrid ha aprobado nuevas franjas horarias para las salidas de los menores de hasta 14 a\u00f1os <\/p>\n","protected":false},"author":10,"featured_media":20646,"comment_status":"open","ping_status":"open","sticky":false,"template":"","format":"standard","meta":{"footnotes":""},"categories":[12],"tags":[],"class_list":{"0":"post-20643","1":"post","2":"type-post","3":"status-publish","4":"format-standard","5":"has-post-thumbnail","7":"category-actualidad-noticias-madrid"},"_links":{"self":[{"href":"https:\/\/www.vidademadrid.com\/es\/wp-json\/wp\/v2\/posts\/20643","targetHints":{"allow":["GET"]}}],"collection":[{"href":"https:\/\/www.vidademadrid.com\/es\/wp-json\/wp\/v2\/posts"}],"about":[{"href":"https:\/\/www.vidademadrid.com\/es\/wp-json\/wp\/v2\/types\/post"}],"author":[{"embeddable":true,"href":"https:\/\/www.vidademadrid.com\/es\/wp-json\/wp\/v2\/users\/10"}],"replies":[{"embeddable":true,"href":"https:\/\/www.vidademadrid.com\/es\/wp-json\/wp\/v2\/comments?post=20643"}],"version-history":[{"count":6,"href":"https:\/\/www.vidademadrid.com\/es\/wp-json\/wp\/v2\/posts\/20643\/revisions"}],"predecessor-version":[{"id":25478,"href":"https:\/\/www.vidademadrid.com\/es\/wp-json\/wp\/v2\/posts\/20643\/revisions\/25478"}],"wp:featuredmedia":[{"embeddable":true,"href":"https:\/\/www.vidademadrid.com\/es\/wp-json\/wp\/v2\/media\/20646"}],"wp:attachment":[{"href":"https:\/\/www.vidademadrid.com\/es\/wp-json\/wp\/v2\/media?parent=20643"}],"wp:term":[{"taxonomy":"category","embeddable":true,"href":"https:\/\/www.vidademadrid.com\/es\/wp-json\/wp\/v2\/categories?post=20643"},{"taxonomy":"post_tag","embeddable":true,"href":"https:\/\/www.vidademadrid.com\/es\/wp-json\/wp\/v2\/tags?post=20643"}],"curies":[{"name":"wp","href":"https:\/\/api.w.org\/{rel}","templated":true}]}}