{"id":20591,"date":"2020-05-26T01:26:12","date_gmt":"2020-05-25T23:26:12","guid":{"rendered":"https:\/\/www.vidademadrid.com\/es\/?p=20591"},"modified":"2025-10-04T10:09:46","modified_gmt":"2025-10-04T08:09:46","slug":"carlos-concursante-masterchef-8","status":"publish","type":"post","link":"https:\/\/www.vidademadrid.com\/es\/20591\/carlos-concursante-masterchef-8\/","title":{"rendered":"Carlos, de C\u00e1diz, concursante de MasterChef 8: qui\u00e9n es"},"content":{"rendered":"<p><span class=\"TextRun SCXW135568948 BCX0\" lang=\"ES-ES\" xml:lang=\"ES-ES\" data-contrast=\"auto\"><span class=\"NormalTextRun SCXW135568948 BCX0\"><strong>Carlos<\/strong> es un comercial de 41 a\u00f1os de C\u00e1diz. Su chica fue la que lo anim\u00f3 a apuntarse a la octava edici\u00f3n de MasterChef 8. Tras no convencer al jurado ning\u00fan aspirante ya eliminado del programa, consideraron no repescar a ninguno de los antiguos concursantes, y contar sin embargo con alguien que se quedara en la \u00faltima ronda del casting. Y as\u00ed fue el caso de Carlos, que consigui\u00f3 el delantal blanco tras la prueba por parejas junto a <a href=\"https:\/\/www.vidademadrid.com\/es\/18210\/andy-concursante-masterchef-8\/\"><strong>Andy<\/strong><\/a>, en la que ten\u00edan que replicar un postre de la repostera <strong>Alejandra Rivas. <\/strong>Como pareja ganadora, el premio para Carlos fue entrar en las cocinas de <strong>Masterchef 8.<\/strong><\/span><\/span><\/p>\n<p><script async=\"\" src=\"\/\/pagead2.googlesyndication.com\/pagead\/js\/adsbygoogle.js\"><\/script> <!-- Vida 1 --> <ins class=\"adsbygoogle\" style=\"display: block;\" data-ad-client=\"ca-pub-7450064428034605\" data-ad-slot=\"2284573579\" data-ad-format=\"auto\"><\/ins> <script> (adsbygoogle = window.adsbygoogle || []).push({}); <\/script><\/p>\n\n\n<blockquote class=\"twitter-tweet\"><p lang=\"es\" dir=\"ltr\">\u00a1Tenemos nuevo aspirante en las cocinas! Felicidades a Carlos por conseguir su delantal blanco <a href=\"https:\/\/t.co\/5KB3O2GWnE\">https:\/\/t.co\/5KB3O2GWnE<\/a> <a href=\"https:\/\/twitter.com\/hashtag\/MasterChef?src=hash&amp;ref_src=twsrc%5Etfw\">#MasterChef<\/a> <a href=\"https:\/\/t.co\/jG0WGFwNCe\">pic.twitter.com\/jG0WGFwNCe<\/a><\/p>&mdash; MasterChef (@MasterChef_es) <a href=\"https:\/\/twitter.com\/MasterChef_es\/status\/1265061052678635527?ref_src=twsrc%5Etfw\">May 25, 2020<\/a><\/blockquote> <script async src=\"https:\/\/platform.twitter.com\/widgets.js\" charset=\"utf-8\"><\/script><blockquote class=\"twitter-tweet\"><p lang=\"es\" dir=\"ltr\">\u00a1Tenemos nuevo aspirante en las cocinas! Felicidades a Carlos por conseguir su delantal blanco <a href=\"https:\/\/t.co\/5KB3O2GWnE\">https:\/\/t.co\/5KB3O2GWnE<\/a> <a href=\"https:\/\/twitter.com\/hashtag\/MasterChef?src=hash&amp;ref_src=twsrc%5Etfw\">#MasterChef<\/a> <a href=\"https:\/\/t.co\/jG0WGFwNCe\">pic.twitter.com\/jG0WGFwNCe<\/a><\/p>&mdash; MasterChef (@MasterChef_es) <a href=\"https:\/\/twitter.com\/MasterChef_es\/status\/1265061052678635527?ref_src=twsrc%5Etfw\">May 25, 2020<\/a><\/blockquote> <script async src=\"https:\/\/platform.twitter.com\/widgets.js\" charset=\"utf-8\"><\/script>\n","protected":false},"excerpt":{"rendered":"<p>Conoce a todos los aspirantes de la octava edici\u00f3n del talent culinario <\/p>\n","protected":false},"author":9,"featured_media":20593,"comment_status":"open","ping_status":"open","sticky":false,"template":"","format":"standard","meta":{"footnotes":""},"categories":[85],"tags":[86],"class_list":{"0":"post-20591","1":"post","2":"type-post","3":"status-publish","4":"format-standard","5":"has-post-thumbnail","7":"category-cine-series-television","8":"tag-masterchef"},"_links":{"self":[{"href":"https:\/\/www.vidademadrid.com\/es\/wp-json\/wp\/v2\/posts\/20591","targetHints":{"allow":["GET"]}}],"collection":[{"href":"https:\/\/www.vidademadrid.com\/es\/wp-json\/wp\/v2\/posts"}],"about":[{"href":"https:\/\/www.vidademadrid.com\/es\/wp-json\/wp\/v2\/types\/post"}],"author":[{"embeddable":true,"href":"https:\/\/www.vidademadrid.com\/es\/wp-json\/wp\/v2\/users\/9"}],"replies":[{"embeddable":true,"href":"https:\/\/www.vidademadrid.com\/es\/wp-json\/wp\/v2\/comments?post=20591"}],"version-history":[{"count":4,"href":"https:\/\/www.vidademadrid.com\/es\/wp-json\/wp\/v2\/posts\/20591\/revisions"}],"predecessor-version":[{"id":20612,"href":"https:\/\/www.vidademadrid.com\/es\/wp-json\/wp\/v2\/posts\/20591\/revisions\/20612"}],"wp:featuredmedia":[{"embeddable":true,"href":"https:\/\/www.vidademadrid.com\/es\/wp-json\/wp\/v2\/media\/20593"}],"wp:attachment":[{"href":"https:\/\/www.vidademadrid.com\/es\/wp-json\/wp\/v2\/media?parent=20591"}],"wp:term":[{"taxonomy":"category","embeddable":true,"href":"https:\/\/www.vidademadrid.com\/es\/wp-json\/wp\/v2\/categories?post=20591"},{"taxonomy":"post_tag","embeddable":true,"href":"https:\/\/www.vidademadrid.com\/es\/wp-json\/wp\/v2\/tags?post=20591"}],"curies":[{"name":"wp","href":"https:\/\/api.w.org\/{rel}","templated":true}]}}