{"id":20565,"date":"2020-05-31T13:00:17","date_gmt":"2020-05-31T11:00:17","guid":{"rendered":"https:\/\/www.vidademadrid.com\/es\/?p=20565"},"modified":"2020-05-28T10:56:08","modified_gmt":"2020-05-28T08:56:08","slug":"estufa-fria-parque-juan-carlos-i","status":"publish","type":"post","link":"https:\/\/www.vidademadrid.com\/es\/20565\/estufa-fria-parque-juan-carlos-i\/","title":{"rendered":"Visita la Estufa Fr\u00eda del Parque Juan Carlos I"},"content":{"rendered":"<p><span style=\"font-weight: 400;\">\u00bfConoces la <\/span><b>Estufa Fr\u00eda del Parque Juan Carlos I<\/b><span style=\"font-weight: 400;\">? Si nunca has estado, o ni siquiera sabes qu\u00e9 es una estufa fr\u00eda, \u00a1sigue leyendo! Cuando termines de leer el art\u00edculo querr\u00e1s verla en tu pr\u00f3xima visita al parque.&nbsp;<\/span><\/p>\n<p><script async=\"\" src=\"https:\/\/pagead2.googlesyndication.com\/pagead\/js\/adsbygoogle.js\"><\/script><br \/>\n<!-- Vertical2020 --><ins class=\"adsbygoogle\" style=\"display:block\" data-ad-client=\"ca-pub-7450064428034605\" data-ad-slot=\"4377430105\" data-ad-format=\"auto\" data-full-width-responsive=\"true\"><\/ins><script>(adsbygoogle = window.adsbygoogle || []).push({});<\/script><\/p>\n<h2><span style=\"font-weight: 400;\">Estufa Fr\u00eda del Parque Juan Carlos I: \u00bfQu\u00e9 es?<\/span><\/h2>\n<p><script async=\"\" src=\"https:\/\/pagead2.googlesyndication.com\/pagead\/js\/adsbygoogle.js\"><\/script><br \/>\n<ins class=\"adsbygoogle\" style=\"display:block; text-align:center;\" data-ad-layout=\"in-article\" data-ad-format=\"fluid\" data-ad-client=\"ca-pub-7450064428034605\" data-ad-slot=\"5670045061\"><\/ins><br \/>\n<script>(adsbygoogle = window.adsbygoogle || []).push({});<\/script><span style=\"font-weight: 400;\">No todo el mundo ha sabe que en el <\/span><b>Parque Juan Carlos I<\/b><span style=\"font-weight: 400;\"> hay una <\/span><b>estufa fr\u00eda<\/b><span style=\"font-weight: 400;\">, y otra m\u00e1s ni siquiera sabe lo <\/span><b>que es<\/b><span style=\"font-weight: 400;\">. As\u00ed que no te preocupes si t\u00fa tampoco. Se trata de una estructura la cual hace funci\u00f3n de invernadero. En este caso se encuentra semicerrada y cuenta con un sistema de paneles que crean energ\u00eda. La estufa aprovecha este tipo de <\/span><b>sistemas de calefacci\u00f3n pasivos <\/b><span style=\"font-weight: 400;\">para lograr un microclima en su interior.&nbsp;<\/span><\/p>\n<p><span style=\"font-weight: 400;\">Fue construida en el a\u00f1o 1996, y tiene una <\/span><b>superficie de 4.000 m2<\/b><span style=\"font-weight: 400;\">. Su base tiene forma rectangular y los materiales que se utilizaron para su construcci\u00f3n fueron el <\/span><b>hormig\u00f3n y el cristal<\/b><span style=\"font-weight: 400;\">. La estufa destaca por su orientaci\u00f3n pensada para el cuidado y preservaci\u00f3n de los ejemplares. La Estufa Fr\u00eda del Parque Juan Carlos I cuenta con <\/span><b>12 espacios<\/b><span style=\"font-weight: 400;\"> los cuales se pueden visitar. \u00a1Toma nota de ellos!<\/span><\/p>\n<ul>\n<li style=\"font-weight: 400;\"><span style=\"font-weight: 400;\"><strong>Jard\u00edn japon\u00e9s:<\/strong> En el patio interior se encuentra el Jard\u00edn Japon\u00e9s, justo entre el edificio y el invern\u00e1culo. Ah\u00ed podr\u00e1s ver arces, bamb\u00faes y arbustos adem\u00e1s de varios elementos de zen y budistas, como los cl\u00e1sicos estanques, gravilla, y bloques de madera y piedra.&nbsp;<\/span><\/li>\n<li style=\"font-weight: 400;\"><span style=\"font-weight: 400;\"><strong>Estanque:<\/strong> En el estanque f\u00e1cilmente podr\u00e1s ver varias especies de plantas acu\u00e1ticas, \u00a1como los papiros!<\/span><\/li>\n<li style=\"font-weight: 400;\"><span style=\"font-weight: 400;\"><strong>Bamb\u00faes:<\/strong> En esta zona, podr\u00e1s ver las diferentes variedades de bamb\u00faes que existen, como el amarillo, el gigante, el colgante y el negro.&nbsp;<\/span><\/li>\n<li style=\"font-weight: 400;\"><span style=\"font-weight: 400;\"><strong>Suculentas, cicad\u00e1ceas y palmeras:<\/strong> Estas plantas se encuentran en la zona superior del invern\u00e1culo.&nbsp;<\/span><\/li>\n<li style=\"font-weight: 400;\"><span style=\"font-weight: 400;\"><strong>Acid\u00f3filas:<\/strong> Podr\u00e1s encontrar desde rododendros, brezos o camelias hasta azaleas y hortensias en la parte central de la Estufa Fr\u00eda.&nbsp;<\/span><\/li>\n<\/ul>\n<p><span style=\"font-weight: 400;\">Adem\u00e1s de este tipo de plantas, hay ejemplares del biotipo del <strong>bosque de ribera, trepadoras, helechos, c\u00edtricos<\/strong>, e incluso un jard\u00edn de plantas de <strong>clima mediterr\u00e1neo<\/strong>.&nbsp;<\/span><\/p>\n<h2><span style=\"font-weight: 400;\">Estufa Fr\u00eda del Parque Juan Carlos I: \u00bfD\u00f3nde est\u00e1<\/span> <span style=\"font-weight: 400;\">?<\/span><\/h2>\n<p><script async=\"\" src=\"https:\/\/pagead2.googlesyndication.com\/pagead\/js\/adsbygoogle.js\"><\/script><br \/>\n<ins class=\"adsbygoogle\" style=\"display:block\" data-ad-format=\"fluid\" data-ad-layout-key=\"-7f+eo+1+2-5\" data-ad-client=\"ca-pub-7450064428034605\" data-ad-slot=\"7327027071\"><\/ins><script>(adsbygoogle = window.adsbygoogle || []).push({});<\/script><span style=\"font-weight: 400;\">Si te preguntas <\/span><b>d\u00f3nde est\u00e1 la Estufa Fr\u00eda<\/b><span style=\"font-weight: 400;\"> dentro del <\/span><b>Parque Juan Carlos I<\/b><span style=\"font-weight: 400;\">, la respuesta correcta es: justo <\/span><b>en el centro<\/b><span style=\"font-weight: 400;\">. As\u00ed que no tendr\u00e1s ning\u00fan problema en encontrarla. Adem\u00e1s, recuerda que dentro del parque siempre hay <\/span><b>mapas y se\u00f1alizaciones<\/b><span style=\"font-weight: 400;\">, por si acaso no te aclaras.&nbsp;<\/span><\/p>\n<h2><span style=\"font-weight: 400;\">Estufa Fr\u00eda del Parque Juan Carlos I: Horario<\/span><\/h2>\n<p><span style=\"font-weight: 400;\">La <\/span><b>Estufa Fr\u00eda del Parque Juan Carlos I<\/b><span style=\"font-weight: 400;\"> de Madrid tiene un <\/span><b>horario<\/b><span style=\"font-weight: 400;\"> espec\u00edfico seg\u00fan la temporada del a\u00f1o. Toma en cuenta que su <\/span><b>horario es distinto al del parque<\/b><span style=\"font-weight: 400;\">. De junio a septiembre abre de <\/span><b>10:00 a 22:00 h<\/b><span style=\"font-weight: 400;\"> y del mes de octubre a mayo abre de <\/span><b>10:00 a 20:00 h<\/b><span style=\"font-weight: 400;\">.<\/span><\/p>\n<p><span style=\"font-weight: 400;\">\u00bfQu\u00e9 dices, te vienes a descubrir la <\/span><b>Estufa Fr\u00eda del Parque Juan Carlos I<\/b><span style=\"font-weight: 400;\">? Disfruta en un entorno muy agradable de una gran variedad de plantas que no siempre tenemos la oportunidad de ver.&nbsp;<\/span><\/p>\n","protected":false},"excerpt":{"rendered":"<p>Descubre qu\u00e9 es, d\u00f3nde est\u00e1 y si tiene horarios especiales <\/p>\n","protected":false},"author":6,"featured_media":20716,"comment_status":"open","ping_status":"open","sticky":false,"template":"","format":"standard","meta":{"footnotes":""},"categories":[101,3],"tags":[16,103],"class_list":{"0":"post-20565","1":"post","2":"type-post","3":"status-publish","4":"format-standard","5":"has-post-thumbnail","7":"category-ferias-fiestas-mercados-madrid","8":"category-visita-madrid","9":"tag-barajas-barrio-madrid","10":"tag-parque-juan-carlos-i"},"_links":{"self":[{"href":"https:\/\/www.vidademadrid.com\/es\/wp-json\/wp\/v2\/posts\/20565","targetHints":{"allow":["GET"]}}],"collection":[{"href":"https:\/\/www.vidademadrid.com\/es\/wp-json\/wp\/v2\/posts"}],"about":[{"href":"https:\/\/www.vidademadrid.com\/es\/wp-json\/wp\/v2\/types\/post"}],"author":[{"embeddable":true,"href":"https:\/\/www.vidademadrid.com\/es\/wp-json\/wp\/v2\/users\/6"}],"replies":[{"embeddable":true,"href":"https:\/\/www.vidademadrid.com\/es\/wp-json\/wp\/v2\/comments?post=20565"}],"version-history":[{"count":2,"href":"https:\/\/www.vidademadrid.com\/es\/wp-json\/wp\/v2\/posts\/20565\/revisions"}],"predecessor-version":[{"id":20567,"href":"https:\/\/www.vidademadrid.com\/es\/wp-json\/wp\/v2\/posts\/20565\/revisions\/20567"}],"wp:featuredmedia":[{"embeddable":true,"href":"https:\/\/www.vidademadrid.com\/es\/wp-json\/wp\/v2\/media\/20716"}],"wp:attachment":[{"href":"https:\/\/www.vidademadrid.com\/es\/wp-json\/wp\/v2\/media?parent=20565"}],"wp:term":[{"taxonomy":"category","embeddable":true,"href":"https:\/\/www.vidademadrid.com\/es\/wp-json\/wp\/v2\/categories?post=20565"},{"taxonomy":"post_tag","embeddable":true,"href":"https:\/\/www.vidademadrid.com\/es\/wp-json\/wp\/v2\/tags?post=20565"}],"curies":[{"name":"wp","href":"https:\/\/api.w.org\/{rel}","templated":true}]}}