{"id":20227,"date":"2020-05-28T12:00:42","date_gmt":"2020-05-28T10:00:42","guid":{"rendered":"https:\/\/www.vidademadrid.com\/es\/?p=20227"},"modified":"2020-05-28T16:42:36","modified_gmt":"2020-05-28T14:42:36","slug":"reapertura-museos-madrid-prado-reina-sofia-thyssen","status":"publish","type":"post","link":"https:\/\/www.vidademadrid.com\/es\/20227\/reapertura-museos-madrid-prado-reina-sofia-thyssen\/","title":{"rendered":"\u00bfCu\u00e1ndo reabrir\u00e1n los museos de Madrid?: Prado, Reina Sof\u00eda y Thyssen"},"content":{"rendered":"<h3>Actualizaci\u00f3n 28\/05\/20<\/h3>\n<p>Tras su cierre preventivo como medida de seguridad durante la crisis sanitaria del Covid-19, estos tres grandes museos volver\u00e1n a abrir sus puertas el <strong>s\u00e1bado 6 de junio<\/strong> con garant\u00edas sanitarias tanto para el p\u00fablico como para sus trabajadores. En Vida de Madrid mantendremos actualizada toda la informaci\u00f3n sobre las medidas y horarios de estos museos durante cada una de las fases.<\/p>\n\n\n<figure class=\"wp-block-embed is-type-rich is-provider-vida-de-madrid\"><div class=\"wp-block-embed__wrapper\">\n<blockquote class=\"wp-embedded-content\" data-secret=\"pU3LnBdh4n\"><a href=\"https:\/\/www.vidademadrid.com\/es\/20722\/museo-del-prado-fase-1-2-y-3-horarios-exposiciones-entradas\/\">Museo del Prado en fase 1, 2 y 3: nuevos horarios, exposiciones y entradas<\/a><\/blockquote><iframe loading=\"lazy\" class=\"wp-embedded-content\" sandbox=\"allow-scripts\" security=\"restricted\" style=\"position: absolute; clip: rect(1px, 1px, 1px, 1px);\" src=\"https:\/\/www.vidademadrid.com\/es\/20722\/museo-del-prado-fase-1-2-y-3-horarios-exposiciones-entradas\/embed\/#?secret=pU3LnBdh4n\" data-secret=\"pU3LnBdh4n\" width=\"600\" height=\"338\" title=\"&#171;Museo del Prado en fase 1, 2 y 3: nuevos horarios, exposiciones y entradas&#187; &#8212; Vida de Madrid\" frameborder=\"0\" marginwidth=\"0\" marginheight=\"0\" scrolling=\"no\"><\/iframe>\n<\/div><\/figure>\n\n\n\n<figure class=\"wp-block-embed is-type-rich is-provider-vida-de-madrid\"><div class=\"wp-block-embed__wrapper\">\n<blockquote class=\"wp-embedded-content\" data-secret=\"HcpH8uWf71\"><a href=\"https:\/\/www.vidademadrid.com\/es\/20729\/museo-reina-sofia-fase-1-2-y-3-horarios-exposiciones-entradas\/\">Museo Reina Sof\u00eda en fase 1, 2 y 3: nuevos horarios, exposiciones y entradas<\/a><\/blockquote><iframe loading=\"lazy\" class=\"wp-embedded-content\" sandbox=\"allow-scripts\" security=\"restricted\" style=\"position: absolute; clip: rect(1px, 1px, 1px, 1px);\" src=\"https:\/\/www.vidademadrid.com\/es\/20729\/museo-reina-sofia-fase-1-2-y-3-horarios-exposiciones-entradas\/embed\/#?secret=HcpH8uWf71\" data-secret=\"HcpH8uWf71\" width=\"600\" height=\"338\" title=\"&#171;Museo Reina Sof\u00eda en fase 1, 2 y 3: nuevos horarios, exposiciones y entradas&#187; &#8212; Vida de Madrid\" frameborder=\"0\" marginwidth=\"0\" marginheight=\"0\" scrolling=\"no\"><\/iframe>\n<\/div><\/figure>\n\n\n\n<figure class=\"wp-block-embed is-type-rich is-provider-vida-de-madrid\"><div class=\"wp-block-embed__wrapper\">\n<blockquote class=\"wp-embedded-content\" data-secret=\"7CkFAySvee\"><a href=\"https:\/\/www.vidademadrid.com\/es\/20732\/museo-thyssen-fase-1-2-y-3-horarios-exposiciones-entradas\/\">Museo Thyssen en fase 1, 2 y 3: nuevos horarios, exposiciones y entradas<\/a><\/blockquote><iframe loading=\"lazy\" class=\"wp-embedded-content\" sandbox=\"allow-scripts\" security=\"restricted\" style=\"position: absolute; clip: rect(1px, 1px, 1px, 1px);\" src=\"https:\/\/www.vidademadrid.com\/es\/20732\/museo-thyssen-fase-1-2-y-3-horarios-exposiciones-entradas\/embed\/#?secret=7CkFAySvee\" data-secret=\"7CkFAySvee\" width=\"600\" height=\"338\" title=\"&#171;Museo Thyssen en fase 1, 2 y 3: nuevos horarios, exposiciones y entradas&#187; &#8212; Vida de Madrid\" frameborder=\"0\" marginwidth=\"0\" marginheight=\"0\" scrolling=\"no\"><\/iframe>\n<\/div><\/figure>\n\n\n<h3 style=\"text-align: left;\">18\/05\/20<\/h3>\n<p><strong>Madrid<\/strong> no ha conseguido pasar a la fase 1, pero s\u00ed que ha planteado algunas medidas de alivio para que la Fase 0 sea m\u00e1s llevadera. Entre estas medidas se encuentra la <strong>apertura de museos<\/strong> con un aforo m\u00e1ximo de un tercio, pero \u00bfqu\u00e9 opinan de esto los principales museos de la capital? Hoy, <strong>D\u00eda Internacional de los Museos<\/strong>, te ponemos al d\u00eda de todas las novedades al respecto.<\/p>\n<h2>Reapertura de los museos de Madrid<\/h2>\n<p>A pesar de que los museos de la capital podr\u00edan comenzar a recibir visitas a partir de hoy mismo, lunes 18 de mayo, algunos como el <strong>Museo del Prado<\/strong>, el <strong>Reina Sof\u00eda<\/strong> o el <strong>Thyssen<\/strong> han decidido no hacerlo hasta el pr\u00f3ximo mes de junio.\u00a0<\/p>\n<p>En primer lugar, el <strong>Museo Nacional del Prado<\/strong> espera poder abrir sus puertas al p\u00fablico a <strong>principios del mes de junio<\/strong>, cuando realmente pueda garantizarse la m\u00e1xima seguridad tanto para los trabajadores como para los visitantes. As\u00ed lo han informado fuentes de la instituci\u00f3n a Europa Press.<\/p>\n<p>Por otra parte, el <strong>Museo Nacional Centro de Arte Reina Sof\u00eda<\/strong> prev\u00e9 su reapertura durante la <strong>primera quincena de junio<\/strong>. Por ahora, desde la organizaci\u00f3n se est\u00e1 trabajando en la inclusi\u00f3n a las instalaciones de todas las medidas de seguridad y se\u00f1alizaci\u00f3n necesarias y, a la espera de consensuar todos los aspectos con el Ministerio de Cultura y Deporte.<\/p>\n<p>En cuanto al <strong>Museo Nacional Thyssen-Bornemisza<\/strong>, su director gerente ha informado a Europa Press que, aunque su deseo es abrir sus puertas al p\u00fablico el mismo <strong>d\u00eda 1 de junio<\/strong>, ser\u00e1 una fecha preventiva que depender\u00e1 del desarrollo y evoluci\u00f3n de los acontecimientos.\u00a0\u00a0<\/p>\n<h2>D\u00eda Internacional de los Museos<\/h2>\n<p><script async=\"\" src=\"https:\/\/pagead2.googlesyndication.com\/pagead\/js\/adsbygoogle.js\"><\/script> <ins class=\"adsbygoogle\" style=\"display: block; text-align: center;\" data-ad-layout=\"in-article\" data-ad-format=\"fluid\" data-ad-client=\"ca-pub-7450064428034605\" data-ad-slot=\"5670045061\"><\/ins> <script>(adsbygoogle = window.adsbygoogle || []).push({});<\/script><\/p>\n<p>En medio de esta situaci\u00f3n tan at\u00edpica que impide que podamos visitar con normalidad los museos de Madrid y disfrutar de ellos con tranquilidad, se celebra hoy, 18 de mayo, el <strong>D\u00eda Internacional de los Museos<\/strong>. Aunque sea con las puertas cerradas, Internet ha permitido que podamos disfrutar de ellos de forma virtual y, es que, desde algunos de los grandes museos de Madrid se han organizado charlas, visitas y eventos especiales para que podamos vivir este d\u00eda de la mejor manera posible.<\/p>\n<p>En el caso del <strong>Museo del Prado<\/strong>, celebra la jornada con una actividad colaborativa en sus redes sociales, en concreto en Instagram, donde conectar\u00e1 en directo con m\u00e1s de 20 museos espa\u00f1oles que compartir\u00e1n algunas claves de sus colecciones. A partir de las 12:00 horas, se ir\u00e1n sumando representantes de museos como el Reina Sof\u00eda, el Thyssen, el de Bellas Artes de \u00c1lava, el de Arte Romano de M\u00e9rida, el del Greco (Toledo), el del Traje, Sorolla y el de Am\u00e9rica, entre otros.\u00a0<\/p>\n\n\n<figure class=\"wp-block-embed-twitter wp-block-embed is-type-rich is-provider-twitter\"><div class=\"wp-block-embed__wrapper\">\n<blockquote class=\"twitter-tweet\" data-width=\"550\" data-dnt=\"true\"><p lang=\"es\" dir=\"ltr\">Hoy a las 12h, por el D\u00eda de los Museos, conectaremos en directo desde Instagram con m\u00e1s de 20 museos espa\u00f1oles, que compartir\u00e1n algunas claves sobre sus colecciones. \u00a1Os esperamos! <a href=\"https:\/\/t.co\/VwRcDYwmkz\">https:\/\/t.co\/VwRcDYwmkz<\/a> <a href=\"https:\/\/twitter.com\/hashtag\/PradoContigo?src=hash&amp;ref_src=twsrc%5Etfw\">#PradoContigo<\/a> <a href=\"https:\/\/twitter.com\/hashtag\/DIM2020?src=hash&amp;ref_src=twsrc%5Etfw\">#DIM2020<\/a> <a href=\"https:\/\/t.co\/7IIYKfJvIK\">pic.twitter.com\/7IIYKfJvIK<\/a><\/p>&mdash; Museo del Prado (@museodelprado) <a href=\"https:\/\/twitter.com\/museodelprado\/status\/1262295975630077955?ref_src=twsrc%5Etfw\">May 18, 2020<\/a><\/blockquote><script async src=\"https:\/\/platform.twitter.com\/widgets.js\" charset=\"utf-8\"><\/script>\n<\/div><\/figure>\n\n\n<p>Por su parte, el <strong>Reina Sof\u00eda<\/strong>, adem\u00e1s de colaborar en la conexi\u00f3n con el Museo del Prado, propone una programaci\u00f3n basada en la idea de cuidado: \u00ab<a href=\"https:\/\/www.museoreinasofia.es\/actividades\/cuidandonos-museo-hospitalario\">Cuid\u00e1ndonos: por un museo hospitalario<\/a>\u00ab. Estas actividades ayudar\u00e1n a ver, escuchar y sentir diversas pr\u00e1cticas art\u00edsticas. Algunas de las actividades propuestas son un concierto de Jos\u00e9 Maceda, una conferencia sobre racialidad y cuidados en la disputa por otras vidas y la exposici\u00f3n y encuentro &#8216;Con tres heridas yo&#8217;.<\/p>\n\n\n<script async=\"\" src=\"https:\/\/pagead2.googlesyndication.com\/pagead\/js\/adsbygoogle.js\"><\/script> <ins class=\"adsbygoogle\" style=\"display:block\" data-ad-format=\"fluid\" data-ad-layout-key=\"-7f+eo+1+2-5\" data-ad-client=\"ca-pub-7450064428034605\" data-ad-slot=\"7327027071\"><\/ins><script>(adsbygoogle = window.adsbygoogle || []).push({});<\/script>\n\n\n\n<script async=\"\" src=\"https:\/\/pagead2.googlesyndication.com\/pagead\/js\/adsbygoogle.js\"><\/script> <ins class=\"adsbygoogle\" style=\"display:block\" data-ad-format=\"fluid\" data-ad-layout-key=\"-7f+eo+1+2-5\" data-ad-client=\"ca-pub-7450064428034605\" data-ad-slot=\"7327027071\"><\/ins><script>(adsbygoogle = window.adsbygoogle || []).push({});<\/script>\n\n\n\n<figure class=\"wp-block-embed-twitter wp-block-embed is-type-rich is-provider-twitter\"><div class=\"wp-block-embed__wrapper\">\n<blockquote class=\"twitter-tweet\" data-width=\"550\" data-dnt=\"true\"><p lang=\"es\" dir=\"ltr\">Hoy a las 12:00 del mediod\u00eda Manuel Borja-Villel, director del Museo Reina Sof\u00eda, conectar\u00e1 en directo desde nuestra cuenta de Instagram con <a href=\"https:\/\/twitter.com\/museodelprado?ref_src=twsrc%5Etfw\">@museodelprado<\/a> con motivo del <a href=\"https:\/\/twitter.com\/hashtag\/D%C3%ADaInternacionalDeLosMuseos?src=hash&amp;ref_src=twsrc%5Etfw\">#D\u00edaInternacionalDeLosMuseos<\/a><br>Os esperamos: <a href=\"https:\/\/t.co\/SIIOmPEPEU\">https:\/\/t.co\/SIIOmPEPEU<\/a><a href=\"https:\/\/twitter.com\/hashtag\/ElReinaEnCasa?src=hash&amp;ref_src=twsrc%5Etfw\">#ElReinaEnCasa<\/a> <a href=\"https:\/\/twitter.com\/hashtag\/LaCulturaEnTuCasa?src=hash&amp;ref_src=twsrc%5Etfw\">#LaCulturaEnTuCasa<\/a> <a href=\"https:\/\/twitter.com\/hashtag\/DIM2020?src=hash&amp;ref_src=twsrc%5Etfw\">#DIM2020<\/a> <a href=\"https:\/\/t.co\/OI5S3gaXfF\">pic.twitter.com\/OI5S3gaXfF<\/a><\/p>&mdash; Museo Reina Sof\u00eda (@museoreinasofia) <a href=\"https:\/\/twitter.com\/museoreinasofia\/status\/1262299451064045568?ref_src=twsrc%5Etfw\">May 18, 2020<\/a><\/blockquote><script async src=\"https:\/\/platform.twitter.com\/widgets.js\" charset=\"utf-8\"><\/script>\n<\/div><\/figure>\n\n\n<p>Por \u00faltimo, el <strong>Museo Nacional Tyssen-Bornemisza<\/strong> realizar\u00e1 encuentros virtuales, concursos y podcasts de manera online y gratuita abiertos a todos los p\u00fablicos. Entre estas actividades habr\u00e1 una charla de la jefa del \u00e1rea de Martketing en la que se hablar\u00e1 de la vida de la instituci\u00f3n durante y despu\u00e9s del confinamiento.<\/p>\n\n\n<figure class=\"wp-block-embed-twitter wp-block-embed is-type-rich is-provider-twitter\"><div class=\"wp-block-embed__wrapper\">\n<blockquote class=\"twitter-tweet\" data-width=\"550\" data-dnt=\"true\"><p lang=\"es\" dir=\"ltr\"><a href=\"https:\/\/twitter.com\/hashtag\/ThyssenDesdeCasa?src=hash&amp;ref_src=twsrc%5Etfw\">#ThyssenDesdeCasa<\/a> <a href=\"https:\/\/twitter.com\/hashtag\/DIM2020?src=hash&amp;ref_src=twsrc%5Etfw\">#DIM2020<\/a><br><br>\u00a1Recordatorio! Hoy a las 18.00h, charla en directo: El Museo despu\u00e9s del confinamiento<br><br>con Guillermo Solana, Evelio Acevedo y Carolina F\u00e1bregas<br><br>En nuestra web <a href=\"https:\/\/t.co\/fQOP4qgd5C\">https:\/\/t.co\/fQOP4qgd5C<\/a><br><br>o a trav\u00e9s de nuestro canal de YouTube:  <a href=\"https:\/\/t.co\/KgPoZrs42w\">https:\/\/t.co\/KgPoZrs42w<\/a><\/p>&mdash; Museo Thyssen (@MuseoThyssen) <a href=\"https:\/\/twitter.com\/MuseoThyssen\/status\/1262307288586559488?ref_src=twsrc%5Etfw\">May 18, 2020<\/a><\/blockquote><script async src=\"https:\/\/platform.twitter.com\/widgets.js\" charset=\"utf-8\"><\/script>\n<\/div><\/figure>\n","protected":false},"excerpt":{"rendered":"<p>\u00bfQu\u00e9 mejor momento que el D\u00eda Internacional de los Museos para hablar de la reapertura de los de Madrid tras el coronavirus? Hoy te ponemos al d\u00eda.<\/p>\n","protected":false},"author":10,"featured_media":20260,"comment_status":"open","ping_status":"open","sticky":false,"template":"","format":"standard","meta":{"footnotes":""},"categories":[12],"tags":[61,63,62],"class_list":{"0":"post-20227","1":"post","2":"type-post","3":"status-publish","4":"format-standard","5":"has-post-thumbnail","7":"category-actualidad-noticias-madrid","8":"tag-museo-del-prado","9":"tag-museo-reina-sofia","10":"tag-museos"},"_links":{"self":[{"href":"https:\/\/www.vidademadrid.com\/es\/wp-json\/wp\/v2\/posts\/20227","targetHints":{"allow":["GET"]}}],"collection":[{"href":"https:\/\/www.vidademadrid.com\/es\/wp-json\/wp\/v2\/posts"}],"about":[{"href":"https:\/\/www.vidademadrid.com\/es\/wp-json\/wp\/v2\/types\/post"}],"author":[{"embeddable":true,"href":"https:\/\/www.vidademadrid.com\/es\/wp-json\/wp\/v2\/users\/10"}],"replies":[{"embeddable":true,"href":"https:\/\/www.vidademadrid.com\/es\/wp-json\/wp\/v2\/comments?post=20227"}],"version-history":[{"count":7,"href":"https:\/\/www.vidademadrid.com\/es\/wp-json\/wp\/v2\/posts\/20227\/revisions"}],"predecessor-version":[{"id":20764,"href":"https:\/\/www.vidademadrid.com\/es\/wp-json\/wp\/v2\/posts\/20227\/revisions\/20764"}],"wp:featuredmedia":[{"embeddable":true,"href":"https:\/\/www.vidademadrid.com\/es\/wp-json\/wp\/v2\/media\/20260"}],"wp:attachment":[{"href":"https:\/\/www.vidademadrid.com\/es\/wp-json\/wp\/v2\/media?parent=20227"}],"wp:term":[{"taxonomy":"category","embeddable":true,"href":"https:\/\/www.vidademadrid.com\/es\/wp-json\/wp\/v2\/categories?post=20227"},{"taxonomy":"post_tag","embeddable":true,"href":"https:\/\/www.vidademadrid.com\/es\/wp-json\/wp\/v2\/tags?post=20227"}],"curies":[{"name":"wp","href":"https:\/\/api.w.org\/{rel}","templated":true}]}}