{"id":20129,"date":"2020-05-15T13:10:09","date_gmt":"2020-05-15T11:10:09","guid":{"rendered":"https:\/\/www.vidademadrid.com\/es\/?p=20129"},"modified":"2020-09-30T12:01:49","modified_gmt":"2020-09-30T10:01:49","slug":"pebetero-cibeles-llama-coronavirus-madrid-fotos-videos","status":"publish","type":"post","link":"https:\/\/www.vidademadrid.com\/es\/20129\/pebetero-cibeles-llama-coronavirus-madrid-fotos-videos\/","title":{"rendered":"Pebetero con llama permanente en Cibeles en honor a las v\u00edctimas del coronavirus en Madrid. V\u00eddeo"},"content":{"rendered":"<h2>Actualizaci\u00f3n 11.20 h<\/h2>\n<p>Aqu\u00ed el <strong>v\u00eddeo<\/strong> reportaje con nuestras im\u00e1genes del nuevo monumento a las v\u00edctimas del coronavirus y con el momento de la inauguraci\u00f3n.<\/p>\n<p><script data-wid=\"auto\" type=\"text\/javascript\" src=\"https:\/\/content.viralize.tv\/display\/?zid=AADiaHd5cH72qFIl&amp;cid=AAYCU0M7-5FxXi8T&amp;activation=adfill&amp;vip_mode=playing&amp;vip_position=bottom-right\"><\/script><\/p>\n<h2>Actualizaci\u00f3n 10.00 h<\/h2>\n<p>En Vida de Madrid las primeras im\u00e1genes&nbsp; del monumento a las v\u00edctimas del coronavirus.<\/p>\n<blockquote class=\"twitter-tweet\">\n<p dir=\"ltr\" lang=\"es\">? Las primeras im\u00e1genes del monumento (pebetero con llama permanente) a las v\u00edctimas del coronavirus, en Cibeles. Fotos: Vida de Madrid <a href=\"https:\/\/twitter.com\/hashtag\/madrid?src=hash&amp;ref_src=twsrc%5Etfw\">#madrid<\/a> <a href=\"https:\/\/twitter.com\/hashtag\/cibeles?src=hash&amp;ref_src=twsrc%5Etfw\">#cibeles<\/a> <a href=\"https:\/\/twitter.com\/hashtag\/coronavirus?src=hash&amp;ref_src=twsrc%5Etfw\">#coronavirus<\/a> <a href=\"https:\/\/twitter.com\/hashtag\/coronavirusmadrid?src=hash&amp;ref_src=twsrc%5Etfw\">#coronavirusmadrid<\/a> <a href=\"https:\/\/twitter.com\/hashtag\/SanIsidro2020?src=hash&amp;ref_src=twsrc%5Etfw\">#SanIsidro2020<\/a> <a href=\"https:\/\/t.co\/F4xkJxl5iC\">pic.twitter.com\/F4xkJxl5iC<\/a><\/p>\n<p>\u2014 Vida de Madrid (@VidaDeMadrid) <a href=\"https:\/\/twitter.com\/VidaDeMadrid\/status\/1261191177036070912?ref_src=twsrc%5Etfw\">May 15, 2020<\/a><\/p><\/blockquote>\n<p><script async=\"\" src=\"https:\/\/platform.twitter.com\/widgets.js\" charset=\"utf-8\"><\/script><\/p>\n<figure id=\"attachment_20136\" aria-describedby=\"caption-attachment-20136\" style=\"width: 696px\" class=\"wp-caption alignnone\"><img loading=\"lazy\" decoding=\"async\" class=\"wp-image-20136 size-large\" src=\"https:\/\/www.vidademadrid.com\/es\/wp-content\/uploads\/2020\/05\/pebetero-madrid-1-1024x512.jpg\" alt=\"\" width=\"696\" height=\"348\" srcset=\"https:\/\/www.vidademadrid.com\/es\/wp-content\/uploads\/2020\/05\/pebetero-madrid-1-1024x512.jpg 1024w, https:\/\/www.vidademadrid.com\/es\/wp-content\/uploads\/2020\/05\/pebetero-madrid-1-300x150.jpg 300w, https:\/\/www.vidademadrid.com\/es\/wp-content\/uploads\/2020\/05\/pebetero-madrid-1-768x384.jpg 768w, https:\/\/www.vidademadrid.com\/es\/wp-content\/uploads\/2020\/05\/pebetero-madrid-1-696x348.jpg 696w, https:\/\/www.vidademadrid.com\/es\/wp-content\/uploads\/2020\/05\/pebetero-madrid-1-1068x534.jpg 1068w, https:\/\/www.vidademadrid.com\/es\/wp-content\/uploads\/2020\/05\/pebetero-madrid-1-840x420.jpg 840w, https:\/\/www.vidademadrid.com\/es\/wp-content\/uploads\/2020\/05\/pebetero-madrid-1.jpg 1200w\" sizes=\"auto, (max-width: 696px) 100vw, 696px\" \/><figcaption id=\"caption-attachment-20136\" class=\"wp-caption-text\">Foto: Vida de Madrid<\/figcaption><\/figure>\n<figure id=\"attachment_20137\" aria-describedby=\"caption-attachment-20137\" style=\"width: 696px\" class=\"wp-caption alignnone\"><img loading=\"lazy\" decoding=\"async\" class=\"wp-image-20137 size-large\" src=\"https:\/\/www.vidademadrid.com\/es\/wp-content\/uploads\/2020\/05\/pebetero-vida-de-madrid-1024x574.jpeg\" alt=\"\" width=\"696\" height=\"390\" srcset=\"https:\/\/www.vidademadrid.com\/es\/wp-content\/uploads\/2020\/05\/pebetero-vida-de-madrid-1024x574.jpeg 1024w, https:\/\/www.vidademadrid.com\/es\/wp-content\/uploads\/2020\/05\/pebetero-vida-de-madrid-300x168.jpeg 300w, https:\/\/www.vidademadrid.com\/es\/wp-content\/uploads\/2020\/05\/pebetero-vida-de-madrid-768x430.jpeg 768w, https:\/\/www.vidademadrid.com\/es\/wp-content\/uploads\/2020\/05\/pebetero-vida-de-madrid-696x390.jpeg 696w, https:\/\/www.vidademadrid.com\/es\/wp-content\/uploads\/2020\/05\/pebetero-vida-de-madrid-1068x598.jpeg 1068w, https:\/\/www.vidademadrid.com\/es\/wp-content\/uploads\/2020\/05\/pebetero-vida-de-madrid-750x420.jpeg 750w, https:\/\/www.vidademadrid.com\/es\/wp-content\/uploads\/2020\/05\/pebetero-vida-de-madrid.jpeg 1710w\" sizes=\"auto, (max-width: 696px) 100vw, 696px\" \/><figcaption id=\"caption-attachment-20137\" class=\"wp-caption-text\">Foto: Vida de Madrid<\/figcaption><\/figure>\n<h2>15 de mayo, 8.30 h<\/h2>\n<p><strong>Un pebetero, una llama permanente. En Cibeles<\/strong>, en el medio del cruce de calle Alcal\u00e1 (donde el Metro Banco de Espa\u00f1a). Es el homenaje del Ayuntamiento de Madrid a las <strong>v\u00edctimas del <\/strong><a href=\"https:\/\/www.vidademadrid.com\/es\/tag\/coronavirus\/\"><strong>coronavirus<\/strong><\/a> en Madrid.<\/p>\n<p><em>Sigue leyendo para conocer toda la informaci\u00f3n y ver fotos y v\u00eddeos en tiempo real sobre el pebetero y la llama en Cibeles.<\/em><\/p>\n<h3>Pebetero con llama permanente en Cibeles: inauguraci\u00f3n en San Isidro<\/h3>\n<p><script async=\"\" src=\"https:\/\/pagead2.googlesyndication.com\/pagead\/js\/adsbygoogle.js\"><\/script> <ins class=\"adsbygoogle\" style=\"display: block; text-align: center;\" data-ad-layout=\"in-article\" data-ad-format=\"fluid\" data-ad-client=\"ca-pub-7450064428034605\" data-ad-slot=\"5670045061\"><\/ins> <script>(adsbygoogle = window.adsbygoogle || []).push({});<\/script>Una sorpresa que el alcalde no ha querido desvelar ayer en rueda de prensa. La inauguraci\u00f3n tendr\u00e1 lugar hoy a las 10.30 h, en un d\u00eda importante con la entrega de la <strong>Medalla de Honor de San Isidro<\/strong> al pueblo de Madrid y la lectura de la laudatio por Mario Vargas Llosa.<\/p>\n<p>Antes, lo que el Ayuntamiento de momento comunica como un \u00ab<em>un acto en honor a las v\u00edctimas fallecidas por la COVID-19<\/em>\u00ab, que imaginamos ser\u00e1 la <strong>ceremonia de encendido de la llama en Cibeles.<\/strong><\/p>\n<h3>Pebetero con llama permanente en Cibeles: fotos y v\u00eddeo<\/h3>\n<p><script async=\"\" src=\"https:\/\/pagead2.googlesyndication.com\/pagead\/js\/adsbygoogle.js\"><\/script> <ins class=\"adsbygoogle\" style=\"display: block;\" data-ad-format=\"fluid\" data-ad-layout-key=\"-7f+eo+1+2-5\" data-ad-client=\"ca-pub-7450064428034605\" data-ad-slot=\"7327027071\"><\/ins><script>(adsbygoogle = window.adsbygoogle || []).push({});<\/script>El <strong>pebetero<\/strong>, de momento sin llama, ya se puede ver en las im\u00e1genes de las webcams de Cibeles. En este art\u00edculo os daremos todas las actualizaciones con <strong>fotos y v\u00eddeos del pebetero<\/strong> con llama para las v\u00edctimas del coronavirus en Madrid.<\/p>\n","protected":false},"excerpt":{"rendered":"<p>Reportaje: el encendido del monumento en homenaje a las personas fallecidas<\/p>\n","protected":false},"author":5,"featured_media":20134,"comment_status":"open","ping_status":"open","sticky":false,"template":"","format":"standard","meta":{"footnotes":""},"categories":[12],"tags":[137,54,97],"class_list":{"0":"post-20129","1":"post","2":"type-post","3":"status-publish","4":"format-standard","5":"has-post-thumbnail","7":"category-actualidad-noticias-madrid","8":"tag-cibeles","9":"tag-coronavirus","10":"tag-san-isidro"},"_links":{"self":[{"href":"https:\/\/www.vidademadrid.com\/es\/wp-json\/wp\/v2\/posts\/20129","targetHints":{"allow":["GET"]}}],"collection":[{"href":"https:\/\/www.vidademadrid.com\/es\/wp-json\/wp\/v2\/posts"}],"about":[{"href":"https:\/\/www.vidademadrid.com\/es\/wp-json\/wp\/v2\/types\/post"}],"author":[{"embeddable":true,"href":"https:\/\/www.vidademadrid.com\/es\/wp-json\/wp\/v2\/users\/5"}],"replies":[{"embeddable":true,"href":"https:\/\/www.vidademadrid.com\/es\/wp-json\/wp\/v2\/comments?post=20129"}],"version-history":[{"count":11,"href":"https:\/\/www.vidademadrid.com\/es\/wp-json\/wp\/v2\/posts\/20129\/revisions"}],"predecessor-version":[{"id":25483,"href":"https:\/\/www.vidademadrid.com\/es\/wp-json\/wp\/v2\/posts\/20129\/revisions\/25483"}],"wp:featuredmedia":[{"embeddable":true,"href":"https:\/\/www.vidademadrid.com\/es\/wp-json\/wp\/v2\/media\/20134"}],"wp:attachment":[{"href":"https:\/\/www.vidademadrid.com\/es\/wp-json\/wp\/v2\/media?parent=20129"}],"wp:term":[{"taxonomy":"category","embeddable":true,"href":"https:\/\/www.vidademadrid.com\/es\/wp-json\/wp\/v2\/categories?post=20129"},{"taxonomy":"post_tag","embeddable":true,"href":"https:\/\/www.vidademadrid.com\/es\/wp-json\/wp\/v2\/tags?post=20129"}],"curies":[{"name":"wp","href":"https:\/\/api.w.org\/{rel}","templated":true}]}}