{"id":18788,"date":"2020-04-25T11:35:09","date_gmt":"2020-04-25T09:35:09","guid":{"rendered":"https:\/\/www.vidademadrid.com\/es\/?p=18788"},"modified":"2020-05-08T19:00:39","modified_gmt":"2020-05-08T17:00:39","slug":"salir-con-ninos-normativa-oficial-boe-actualizado","status":"publish","type":"post","link":"https:\/\/www.vidademadrid.com\/es\/18788\/salir-con-ninos-normativa-oficial-boe-actualizado\/","title":{"rendered":"Salir con ni\u00f1os durante el confinamiento: normativa oficial publicada en el Boe"},"content":{"rendered":"<p><strong>Se podr\u00e1 salir con ni\u00f1os durante el confinamiento por <a href=\"https:\/\/www.vidademadrid.com\/es\/tag\/coronavirus\/\">coronavirus<\/a><\/strong>: el Gobierno permitir\u00e1 las salidas a partir del <strong>domingo 26 de abril<\/strong>. En este art\u00edculo, siempre actualizado, vamos a dar toda la informaci\u00f3n actualizada con los textos de la <strong>normativa oficial<\/strong> del Ministerio de Sanidad y del <strong>Boe<\/strong>, adem\u00e1s de las declaraciones de los ministros sobre las nuevas normas.<\/p>\n<p><\/p>\n<p><\/p>\n\n\n<script async=\"\" src=\"https:\/\/pagead2.googlesyndication.com\/pagead\/js\/adsbygoogle.js\"><\/script> <ins class=\"adsbygoogle\" style=\"display:block; text-align:center;\" data-ad-layout=\"in-article\" data-ad-format=\"fluid\" data-ad-client=\"ca-pub-7450064428034605\" data-ad-slot=\"5670045061\"><\/ins> <script>(adsbygoogle = window.adsbygoogle || []).push({});<\/script>\n\n\n\n<figure class=\"wp-block-embed is-type-rich is-provider-vida-de-madrid\"><div class=\"wp-block-embed__wrapper\">\n<blockquote class=\"wp-embedded-content\" data-secret=\"A9GtvSKlmO\"><a href=\"https:\/\/www.vidademadrid.com\/es\/17179\/cuando-termina-cuarentena-espana-coronavirus\/\">\u00bfCu\u00e1ndo termina la cuarentena en Espa\u00f1a por el coronavirus?<\/a><\/blockquote><iframe loading=\"lazy\" class=\"wp-embedded-content\" sandbox=\"allow-scripts\" security=\"restricted\" style=\"position: absolute; clip: rect(1px, 1px, 1px, 1px);\" src=\"https:\/\/www.vidademadrid.com\/es\/17179\/cuando-termina-cuarentena-espana-coronavirus\/embed\/#?secret=A9GtvSKlmO\" data-secret=\"A9GtvSKlmO\" width=\"600\" height=\"338\" title=\"&#171;\u00bfCu\u00e1ndo termina la cuarentena en Espa\u00f1a por el coronavirus?&#187; &#8212; Vida de Madrid\" frameborder=\"0\" marginwidth=\"0\" marginheight=\"0\" scrolling=\"no\"><\/iframe>\n<\/div><\/figure>\n\n\n<h2><strong>Actualizaci\u00f3n 2 de mayo:<\/strong><\/h2>\n<p>Nueva franja horaria para la salida con ni\u00f1os.<\/p>\n<p><a href=\"https:\/\/www.vidademadrid.com\/es\/wp-content\/uploads\/2020\/05\/salidas.jpg\"><img loading=\"lazy\" decoding=\"async\" class=\"alignnone size-large wp-image-19879\" src=\"https:\/\/www.vidademadrid.com\/es\/wp-content\/uploads\/2020\/05\/salidas-1024x1024.jpg\" alt=\"\" width=\"696\" height=\"696\" srcset=\"https:\/\/www.vidademadrid.com\/es\/wp-content\/uploads\/2020\/05\/salidas-1024x1024.jpg 1024w, https:\/\/www.vidademadrid.com\/es\/wp-content\/uploads\/2020\/05\/salidas-150x150.jpg 150w, https:\/\/www.vidademadrid.com\/es\/wp-content\/uploads\/2020\/05\/salidas-300x300.jpg 300w, https:\/\/www.vidademadrid.com\/es\/wp-content\/uploads\/2020\/05\/salidas-768x768.jpg 768w, https:\/\/www.vidademadrid.com\/es\/wp-content\/uploads\/2020\/05\/salidas-696x696.jpg 696w, https:\/\/www.vidademadrid.com\/es\/wp-content\/uploads\/2020\/05\/salidas-1068x1068.jpg 1068w, https:\/\/www.vidademadrid.com\/es\/wp-content\/uploads\/2020\/05\/salidas-420x420.jpg 420w, https:\/\/www.vidademadrid.com\/es\/wp-content\/uploads\/2020\/05\/salidas.jpg 1079w\" sizes=\"auto, (max-width: 696px) 100vw, 696px\" \/><\/a><\/p>\n<p>\u00a0<\/p>\n<h2><strong>Actualizaci\u00f3n 25 de abril:<\/strong><\/h2>\n<p>Ya est\u00e1 oficialmente publicada en el BOE <strong>la orden del Ministerio de Sanidad sobre \u00abas condiciones en las que deben desarrollarse los desplazamientos por parte de la poblaci\u00f3n infantil\u00bb<\/strong>.<\/p>\n<p>Vamos a destacar los elementos clave el texto de la orden:<\/p>\n<p><strong>Edad:<\/strong> \u00abA los efectos de lo previsto en esta orden se entender\u00e1 por ni\u00f1os y ni\u00f1as las<br \/>personas menores de 14 a\u00f1os\u00bb.<\/p>\n<p><strong>Desplazamientos permitidos:<\/strong> \u00abSe habilita a los ni\u00f1os y ni\u00f1as, y a un adulto responsable, a circular por las v\u00edas o espacios de uso p\u00fablico, de acuerdo con lo previsto en el art\u00edculo 7.1, p\u00e1rrafos e), g)<br \/>y h), del Real Decreto 463\/2020, de 14 de marzo, por el que se declara el estado de alarma para la gesti\u00f3n de la situaci\u00f3n de crisis sanitaria ocasionada por el COVID-19, respecto a la circulaci\u00f3n permitida por causas de asistencia y cuidado de personas menores, situaci\u00f3n de necesidad y cualquier otra actividad de an\u00e1loga naturaleza, siempre y cuando se respeten los requisitos establecidos en esta orden para evitar el contagio.<br \/>Dicha circulaci\u00f3n queda limitada a la realizaci\u00f3n de un paseo diario, de m\u00e1ximo una hora de duraci\u00f3n y a una distancia no superior a un kil\u00f3metro con respecto al domicilio del menor, entre las 9:00 horas y las 21:00 horas.<\/p>\n<p><strong>Ni\u00f1os con s\u00edntomas:<\/strong> \u00abNo podr\u00e1n hacer uso de la habilitaci\u00f3n contenida en el apartado anterior los ni\u00f1os y ni\u00f1as que presenten s\u00edntomas o est\u00e9n en aislamiento domiciliario debido a un diagn\u00f3stico<br \/>por COVID-19, o que se encuentren en periodo de cuarentena domiciliaria por haber tenido<br \/>contacto con alguna persona con s\u00edntomas o diagnosticado de COVID-19&#8243;.<\/p>\n<p><strong>Requisitos del paseo:<\/strong> \u00bb El paseo diario deber\u00e1 realizarse como m\u00e1ximo en grupos formados por un<br \/>adulto responsable y hasta tres ni\u00f1os o ni\u00f1as. Durante el paseo diario deber\u00e1 mantenerse una distancia interpersonal con terceros de al menos dos metros. Asimismo, deber\u00e1 cumplirse con las medidas de prevenci\u00f3n e higiene frente al COVID-19 indicadas por las autoridades sanitarias\u00bb.<\/p>\n<p><strong>D\u00f3nde:<\/strong> \u00abSe podr\u00e1 circular por cualquier v\u00eda o espacio de uso p\u00fablico, incluidos los espacios naturales y zonas verdes autorizadas, siempre que se respete el l\u00edmite m\u00e1ximo de un kil\u00f3metro con respecto al domicilio del menor. No estar\u00e1 permitido el acceso a espacios recreativos infantiles al aire libre, as\u00ed<br \/>como a instalaciones deportivas\u00bb.<\/p>\n<p><strong>Adulto responsable:<\/strong> \u00bb Se entiende por adulto responsable aquella persona mayor de edad que conviva en el mismo domicilio con el ni\u00f1o o ni\u00f1a actualmente, o se trate de un empleado de hogar a cargo del menor. Cuando el adulto responsable sea una persona diferente de los progenitores, tutores, curadores, acogedores o guardadores legales o de hecho, deber\u00e1 contar con una autorizaci\u00f3n previa de estos. Es responsabilidad del adulto acompa\u00f1ante garantizar que se cumplen durante<br \/>la realizaci\u00f3n del paseo diario los requisitos para evitar el contagio\u00bb.<\/p>\n<p><strong>Fechas:<\/strong> \u00abLa presente orden surtir\u00e1 plenos efectos desde las 00:00 horas del d\u00eda 26 de abril<br \/>de 2020 y mantendr\u00e1 su eficacia durante toda la vigencia del estado de alarma y sus<br \/>posibles pr\u00f3rrogas\u00bb.<\/p>\n<p>El texto completo del BOE est\u00e1 <a href=\"https:\/\/www.boe.es\/boe\/dias\/2020\/04\/25\/pdfs\/BOE-A-2020-4665.pdf\">aqu\u00ed<\/a>.<\/p>\n\n\n<script async=\"\" src=\"https:\/\/pagead2.googlesyndication.com\/pagead\/js\/adsbygoogle.js\"><\/script> <ins class=\"adsbygoogle\" style=\"display:block; text-align:center;\" data-ad-layout=\"in-article\" data-ad-format=\"fluid\" data-ad-client=\"ca-pub-7450064428034605\" data-ad-slot=\"5670045061\"><\/ins> <script>(adsbygoogle = window.adsbygoogle || []).push({});<\/script>\n\n\n<p><a href=\"https:\/\/www.vidademadrid.com\/es\/wp-content\/uploads\/2020\/04\/foto_02242.jpg\"><img loading=\"lazy\" decoding=\"async\" class=\"aligncenter size-full wp-image-18906\" src=\"https:\/\/www.vidademadrid.com\/es\/wp-content\/uploads\/2020\/04\/foto_02242.jpg\" alt=\"\" width=\"601\" height=\"601\" srcset=\"https:\/\/www.vidademadrid.com\/es\/wp-content\/uploads\/2020\/04\/foto_02242.jpg 601w, https:\/\/www.vidademadrid.com\/es\/wp-content\/uploads\/2020\/04\/foto_02242-150x150.jpg 150w, https:\/\/www.vidademadrid.com\/es\/wp-content\/uploads\/2020\/04\/foto_02242-300x300.jpg 300w, https:\/\/www.vidademadrid.com\/es\/wp-content\/uploads\/2020\/04\/foto_02242-420x420.jpg 420w\" sizes=\"auto, (max-width: 601px) 100vw, 601px\" \/><\/a><\/p>\n<h2><strong>23 de abril:<\/strong><\/h2>\n<h3>Salir con ni\u00f1os durante el confinamiento: \u00bfCu\u00e1ndo y cu\u00e1ntas personas?<\/h3>\n<p>Las salidas a la calle con ni\u00f1os &#8211;<strong>menores de 14 a\u00f1os<\/strong>&#8211; ser\u00e1n desde el <strong>26 de abril<\/strong>. Se permitir\u00e1 la salida de <strong>un adulto responsable<\/strong> que conviva con ellos, que tambi\u00e9n puede ser un hermano mayor. Se puede salir con<strong> hasta 3 ni\u00f1os<\/strong> que convivan con el acompa\u00f1ante.<\/p>\n<h3>Salir con ni\u00f1os durante el confinamiento: \u00bfD\u00f3nde y con qu\u00e9 condiciones?<\/h3>\n<p>Se podr\u00e1 salir <strong>una vez al d\u00eda, durante una hora, de 9 a 21 horas, en un intorno de 1 km como m\u00e1ximo alrededor de su domicilio<\/strong>. Se recomienda evitar hora punta. Obligatorio respetar el distanciamiento social. Pueden salir con juguetes pero no utilizar parques o juegos infantiles comunes.<\/p>\n<h3>V\u00eddeo &#8211; Iglesias anuncia las normas para salir con ni\u00f1os durante el confinamiento<\/h3>\n<p><\/p>\n\n\n<figure class=\"wp-block-embed-youtube wp-block-embed is-type-video is-provider-youtube wp-embed-aspect-4-3 wp-has-aspect-ratio\"><div class=\"wp-block-embed__wrapper\">\n<iframe loading=\"lazy\" width=\"696\" height=\"522\" src=\"https:\/\/www.youtube.com\/embed\/7YHpg5ercCc?feature=oembed\" frameborder=\"0\" allow=\"accelerometer; autoplay; encrypted-media; gyroscope; picture-in-picture\" allowfullscreen><\/iframe>\n<\/div><\/figure>\n","protected":false},"excerpt":{"rendered":"<p>El documento oficial publicado en el BOE<\/p>\n","protected":false},"author":1,"featured_media":18790,"comment_status":"open","ping_status":"open","sticky":false,"template":"","format":"standard","meta":{"footnotes":""},"categories":[12],"tags":[54],"class_list":{"0":"post-18788","1":"post","2":"type-post","3":"status-publish","4":"format-standard","5":"has-post-thumbnail","7":"category-actualidad-noticias-madrid","8":"tag-coronavirus"},"_links":{"self":[{"href":"https:\/\/www.vidademadrid.com\/es\/wp-json\/wp\/v2\/posts\/18788","targetHints":{"allow":["GET"]}}],"collection":[{"href":"https:\/\/www.vidademadrid.com\/es\/wp-json\/wp\/v2\/posts"}],"about":[{"href":"https:\/\/www.vidademadrid.com\/es\/wp-json\/wp\/v2\/types\/post"}],"author":[{"embeddable":true,"href":"https:\/\/www.vidademadrid.com\/es\/wp-json\/wp\/v2\/users\/1"}],"replies":[{"embeddable":true,"href":"https:\/\/www.vidademadrid.com\/es\/wp-json\/wp\/v2\/comments?post=18788"}],"version-history":[{"count":11,"href":"https:\/\/www.vidademadrid.com\/es\/wp-json\/wp\/v2\/posts\/18788\/revisions"}],"predecessor-version":[{"id":19893,"href":"https:\/\/www.vidademadrid.com\/es\/wp-json\/wp\/v2\/posts\/18788\/revisions\/19893"}],"wp:featuredmedia":[{"embeddable":true,"href":"https:\/\/www.vidademadrid.com\/es\/wp-json\/wp\/v2\/media\/18790"}],"wp:attachment":[{"href":"https:\/\/www.vidademadrid.com\/es\/wp-json\/wp\/v2\/media?parent=18788"}],"wp:term":[{"taxonomy":"category","embeddable":true,"href":"https:\/\/www.vidademadrid.com\/es\/wp-json\/wp\/v2\/categories?post=18788"},{"taxonomy":"post_tag","embeddable":true,"href":"https:\/\/www.vidademadrid.com\/es\/wp-json\/wp\/v2\/tags?post=18788"}],"curies":[{"name":"wp","href":"https:\/\/api.w.org\/{rel}","templated":true}]}}