{"id":18685,"date":"2020-04-21T00:29:37","date_gmt":"2020-04-20T22:29:37","guid":{"rendered":"https:\/\/www.vidademadrid.com\/es\/?p=18685"},"modified":"2025-10-04T10:09:47","modified_gmt":"2025-10-04T08:09:47","slug":"saray-cuchillo-jordi-masterchef-8-video","status":"publish","type":"post","link":"https:\/\/www.vidademadrid.com\/es\/18685\/saray-cuchillo-jordi-masterchef-8-video\/","title":{"rendered":"Masterchef 8: Saray \u00abjuega\u00bb con el cuchillo detr\u00e1s de Jordi, v\u00eddeo y reacciones"},"content":{"rendered":"<p>Es sin duda uno de los momentos m\u00e1s fuertes del segundo programa de <a href=\"https:\/\/www.vidademadrid.com\/es\/tag\/masterchef\/\"><strong>Masterchef 8<\/strong><\/a>. Durante la prueba de exteriores, mientras <strong>Jordi<\/strong> hablaba con los componentes del equipo azul, <a href=\"https:\/\/www.vidademadrid.com\/es\/18081\/saray-concursante-masterchef-8\/\"><strong>Saray<\/strong><\/a> se acercaba desde atr\u00e1s para \u00abjugar\u00bb con lo que parece un <strong>cuchillo<\/strong>.<\/p>\n<p><script async=\"\" src=\"https:\/\/pagead2.googlesyndication.com\/pagead\/js\/adsbygoogle.js\"><\/script> <!-- Vertical2020 --><ins class=\"adsbygoogle\" style=\"display: block;\" data-ad-client=\"ca-pub-7450064428034605\" data-ad-slot=\"4377430105\" data-ad-format=\"auto\" data-full-width-responsive=\"true\"><\/ins><script>(adsbygoogle = window.adsbygoogle || []).push({});<\/script><\/p>\n<p>Un momento peligroso y un mal ejemplo para los espectadores m\u00e1s j\u00f3venes del programa, como han recalcado muchos de los tweets publicados durante la noche que han criticado a la educadora social de C\u00f3rdoba, pidiendo su expulsi\u00f3n directa, pero tambi\u00e9n la cuenta de Twitter de Masterchef que, en modo divertido, ha publicado el GIF de esa imagen con el comentario <em>\u00abMis nervios despu\u00e9s de tantas semanas en casa\u00bb<\/em>. <strong>Actualizaci\u00f3n:<\/strong> la cuenta oficial de Masterchef ha puesto remedio, borrando su tweet unos 30 minutos despu\u00e9s de su publicaci\u00f3n.<\/p>\n<p>\u00a0<\/p>\n<h3>V\u00eddeo: Saray, el cuchillo y Jordi<\/h3>\n\n\n<ul class=\"wp-block-gallery columns-0 is-cropped wp-block-gallery-1 is-layout-flex wp-block-gallery-is-layout-flex\"><\/ul>\n\n\n\n<script async=\"\" src=\"https:\/\/pagead2.googlesyndication.com\/pagead\/js\/adsbygoogle.js\"><\/script> <ins class=\"adsbygoogle\" style=\"display:block; text-align:center;\" data-ad-layout=\"in-article\" data-ad-format=\"fluid\" data-ad-client=\"ca-pub-7450064428034605\" data-ad-slot=\"5670045061\"><\/ins> <script>(adsbygoogle = window.adsbygoogle || []).push({});<\/script>\n\n\n\n<figure class=\"wp-block-embed-twitter wp-block-embed is-type-rich is-provider-twitter\"><div class=\"wp-block-embed__wrapper\">\n<blockquote class=\"twitter-tweet\" data-width=\"550\" data-dnt=\"true\"><p lang=\"es\" dir=\"ltr\">Mis nervios despu\u00e9s de tantas semanas en casa <a href=\"https:\/\/twitter.com\/hashtag\/MasterChef?src=hash&amp;ref_src=twsrc%5Etfw\">#MasterChef<\/a> <a href=\"https:\/\/t.co\/QG0aY1o8t3\">pic.twitter.com\/QG0aY1o8t3<\/a><\/p>&mdash; MasterChef (@MasterChef_es) <a href=\"https:\/\/twitter.com\/MasterChef_es\/status\/1252358663823482887?ref_src=twsrc%5Etfw\">April 20, 2020<\/a><\/blockquote><script async src=\"https:\/\/platform.twitter.com\/widgets.js\" charset=\"utf-8\"><\/script>\n<\/div><\/figure>\n\n\n\n<figure class=\"wp-block-embed-twitter wp-block-embed is-type-rich is-provider-twitter\"><div class=\"wp-block-embed__wrapper\">\n<blockquote class=\"twitter-tweet\" data-width=\"550\" data-dnt=\"true\"><p lang=\"es\" dir=\"ltr\">Saray por esto deber\u00eda de ser expulsada <a href=\"https:\/\/twitter.com\/hashtag\/masterchef?src=hash&amp;ref_src=twsrc%5Etfw\">#masterchef<\/a> <a href=\"https:\/\/t.co\/mrURsWxdjG\">pic.twitter.com\/mrURsWxdjG<\/a><\/p>&mdash; Rub\u00e9n G \uf8ff (@rvgt63) <a href=\"https:\/\/twitter.com\/rvgt63\/status\/1252358260264321033?ref_src=twsrc%5Etfw\">April 20, 2020<\/a><\/blockquote><script async src=\"https:\/\/platform.twitter.com\/widgets.js\" charset=\"utf-8\"><\/script>\n<\/div><\/figure>\n\n\n\n<figure class=\"wp-block-embed-twitter wp-block-embed is-type-rich is-provider-twitter\"><div class=\"wp-block-embed__wrapper\">\n<blockquote class=\"twitter-tweet\" data-width=\"550\" data-dnt=\"true\"><p lang=\"es\" dir=\"ltr\">Imagina lo que podr\u00eda haber pasado si en ese instante Jordi se gira. \u00bfTambi\u00e9n vosotros pens\u00e1is que en ese mismo momento Saray deber\u00eda haber sido expulsada del programa? <a href=\"https:\/\/twitter.com\/hashtag\/MasterChef?src=hash&amp;ref_src=twsrc%5Etfw\">#MasterChef<\/a> <a href=\"https:\/\/t.co\/VY8awX3jc1\">pic.twitter.com\/VY8awX3jc1<\/a><\/p>&mdash; El Se\u00f1or Oscuro del C\u00f3 (@SogueroF) <a href=\"https:\/\/twitter.com\/SogueroF\/status\/1252354965441441794?ref_src=twsrc%5Etfw\">April 20, 2020<\/a><\/blockquote><script async src=\"https:\/\/platform.twitter.com\/widgets.js\" charset=\"utf-8\"><\/script>\n<\/div><\/figure>\n\n\n\n<script async=\"\" src=\"https:\/\/pagead2.googlesyndication.com\/pagead\/js\/adsbygoogle.js\"><\/script> <ins class=\"adsbygoogle\" style=\"display:block\" data-ad-format=\"fluid\" data-ad-layout-key=\"-7f+eo+1+2-5\" data-ad-client=\"ca-pub-7450064428034605\" data-ad-slot=\"7327027071\"><\/ins><script>(adsbygoogle = window.adsbygoogle || []).push({});<\/script>\n","protected":false},"excerpt":{"rendered":"<p>En Twitter muchos usuarios han pedido la expulsi\u00f3n de la educadora social<\/p>\n","protected":false},"author":1,"featured_media":18686,"comment_status":"open","ping_status":"open","sticky":false,"template":"","format":"standard","meta":{"footnotes":""},"categories":[85],"tags":[86],"class_list":{"0":"post-18685","1":"post","2":"type-post","3":"status-publish","4":"format-standard","5":"has-post-thumbnail","7":"category-cine-series-television","8":"tag-masterchef"},"_links":{"self":[{"href":"https:\/\/www.vidademadrid.com\/es\/wp-json\/wp\/v2\/posts\/18685","targetHints":{"allow":["GET"]}}],"collection":[{"href":"https:\/\/www.vidademadrid.com\/es\/wp-json\/wp\/v2\/posts"}],"about":[{"href":"https:\/\/www.vidademadrid.com\/es\/wp-json\/wp\/v2\/types\/post"}],"author":[{"embeddable":true,"href":"https:\/\/www.vidademadrid.com\/es\/wp-json\/wp\/v2\/users\/1"}],"replies":[{"embeddable":true,"href":"https:\/\/www.vidademadrid.com\/es\/wp-json\/wp\/v2\/comments?post=18685"}],"version-history":[{"count":7,"href":"https:\/\/www.vidademadrid.com\/es\/wp-json\/wp\/v2\/posts\/18685\/revisions"}],"predecessor-version":[{"id":18721,"href":"https:\/\/www.vidademadrid.com\/es\/wp-json\/wp\/v2\/posts\/18685\/revisions\/18721"}],"wp:featuredmedia":[{"embeddable":true,"href":"https:\/\/www.vidademadrid.com\/es\/wp-json\/wp\/v2\/media\/18686"}],"wp:attachment":[{"href":"https:\/\/www.vidademadrid.com\/es\/wp-json\/wp\/v2\/media?parent=18685"}],"wp:term":[{"taxonomy":"category","embeddable":true,"href":"https:\/\/www.vidademadrid.com\/es\/wp-json\/wp\/v2\/categories?post=18685"},{"taxonomy":"post_tag","embeddable":true,"href":"https:\/\/www.vidademadrid.com\/es\/wp-json\/wp\/v2\/tags?post=18685"}],"curies":[{"name":"wp","href":"https:\/\/api.w.org\/{rel}","templated":true}]}}