{"id":18272,"date":"2020-04-14T01:46:18","date_gmt":"2020-04-13T23:46:18","guid":{"rendered":"http:\/\/www.vidademadrid.com\/es\/?p=18272"},"modified":"2025-10-04T10:09:48","modified_gmt":"2025-10-04T08:09:48","slug":"alberto-concursante-masterchef-8","status":"publish","type":"post","link":"https:\/\/www.vidademadrid.com\/es\/18272\/alberto-concursante-masterchef-8\/","title":{"rendered":"Alberto, de Barcelona, concursante de Masterchef 8: qui\u00e9n es"},"content":{"rendered":"<p><span class=\"TextRun SCXW135568948 BCX0\" lang=\"ES-ES\" xml:lang=\"ES-ES\" data-contrast=\"auto\"><span class=\"NormalTextRun SCXW135568948 BCX0\"><strong>Alberto<\/strong>, exjugador y entrenador de f\u00fatbol sala de 31 a\u00f1os de Barcelona. Ahora est\u00e1 centrado en la gesti\u00f3n y organizaci\u00f3n de eventos en Barcelona. Desde que rompi\u00f3 con su pareja ve la vida de otra forma y asegura que ahora se siente m\u00e1s libre que nunca. Es perfeccionista, le cuesta mucho delegar en la gente ya que cree que \u00e9l puede hacerlo mejor. Tras recibir primero el delantal negro, Alberto consigui\u00f3 pasar la prueba de eliminaci\u00f3n en las cocinas de <strong>Masterchef 8<\/strong>.<\/span><\/span><\/p>\n\n\n<ul class=\"wp-block-gallery columns-2 is-cropped wp-block-gallery-1 is-layout-flex wp-block-gallery-is-layout-flex\"><li class=\"blocks-gallery-item\"><figure><img loading=\"lazy\" decoding=\"async\" width=\"1024\" height=\"576\" src=\"http:\/\/www.vidademadrid.com\/es\/wp-content\/uploads\/2020\/04\/foto_02124-1024x576.jpg\" alt=\"\" data-id=\"18290\" data-link=\"http:\/\/www.vidademadrid.com\/es\/18272\/alberto-concursante-masterchef-8\/foto_02124\/\" class=\"wp-image-18290\" srcset=\"https:\/\/www.vidademadrid.com\/es\/wp-content\/uploads\/2020\/04\/foto_02124-1024x576.jpg 1024w, https:\/\/www.vidademadrid.com\/es\/wp-content\/uploads\/2020\/04\/foto_02124-300x169.jpg 300w, https:\/\/www.vidademadrid.com\/es\/wp-content\/uploads\/2020\/04\/foto_02124-768x432.jpg 768w, https:\/\/www.vidademadrid.com\/es\/wp-content\/uploads\/2020\/04\/foto_02124-696x392.jpg 696w, https:\/\/www.vidademadrid.com\/es\/wp-content\/uploads\/2020\/04\/foto_02124-1068x601.jpg 1068w, https:\/\/www.vidademadrid.com\/es\/wp-content\/uploads\/2020\/04\/foto_02124.jpg 1920w, https:\/\/www.vidademadrid.com\/es\/wp-content\/uploads\/2020\/04\/foto_02124-747x420.jpg 747w\" sizes=\"auto, (max-width: 1024px) 100vw, 1024px\" \/><\/figure><\/li><li class=\"blocks-gallery-item\"><figure><img loading=\"lazy\" decoding=\"async\" width=\"1024\" height=\"576\" src=\"http:\/\/www.vidademadrid.com\/es\/wp-content\/uploads\/2020\/04\/foto_02122-1024x576.jpg\" alt=\"\" data-id=\"18291\" data-link=\"http:\/\/www.vidademadrid.com\/es\/18272\/alberto-concursante-masterchef-8\/foto_02122\/\" class=\"wp-image-18291\" srcset=\"https:\/\/www.vidademadrid.com\/es\/wp-content\/uploads\/2020\/04\/foto_02122-1024x576.jpg 1024w, https:\/\/www.vidademadrid.com\/es\/wp-content\/uploads\/2020\/04\/foto_02122-300x169.jpg 300w, https:\/\/www.vidademadrid.com\/es\/wp-content\/uploads\/2020\/04\/foto_02122-768x432.jpg 768w, https:\/\/www.vidademadrid.com\/es\/wp-content\/uploads\/2020\/04\/foto_02122-696x392.jpg 696w, https:\/\/www.vidademadrid.com\/es\/wp-content\/uploads\/2020\/04\/foto_02122-1068x601.jpg 1068w, https:\/\/www.vidademadrid.com\/es\/wp-content\/uploads\/2020\/04\/foto_02122.jpg 1920w, https:\/\/www.vidademadrid.com\/es\/wp-content\/uploads\/2020\/04\/foto_02122-747x420.jpg 747w\" sizes=\"auto, (max-width: 1024px) 100vw, 1024px\" \/><\/figure><\/li><li class=\"blocks-gallery-item\"><figure><img loading=\"lazy\" decoding=\"async\" width=\"1024\" height=\"576\" src=\"http:\/\/www.vidademadrid.com\/es\/wp-content\/uploads\/2020\/04\/foto_02114-1024x576.jpg\" alt=\"\" data-id=\"18293\" data-link=\"http:\/\/www.vidademadrid.com\/es\/18272\/alberto-concursante-masterchef-8\/foto_02114\/\" class=\"wp-image-18293\" srcset=\"https:\/\/www.vidademadrid.com\/es\/wp-content\/uploads\/2020\/04\/foto_02114-1024x576.jpg 1024w, https:\/\/www.vidademadrid.com\/es\/wp-content\/uploads\/2020\/04\/foto_02114-300x169.jpg 300w, https:\/\/www.vidademadrid.com\/es\/wp-content\/uploads\/2020\/04\/foto_02114-768x432.jpg 768w, https:\/\/www.vidademadrid.com\/es\/wp-content\/uploads\/2020\/04\/foto_02114-696x392.jpg 696w, https:\/\/www.vidademadrid.com\/es\/wp-content\/uploads\/2020\/04\/foto_02114-1068x601.jpg 1068w, https:\/\/www.vidademadrid.com\/es\/wp-content\/uploads\/2020\/04\/foto_02114.jpg 1920w, https:\/\/www.vidademadrid.com\/es\/wp-content\/uploads\/2020\/04\/foto_02114-747x420.jpg 747w\" sizes=\"auto, (max-width: 1024px) 100vw, 1024px\" \/><\/figure><\/li><li class=\"blocks-gallery-item\"><figure><img loading=\"lazy\" decoding=\"async\" width=\"1024\" height=\"576\" src=\"http:\/\/www.vidademadrid.com\/es\/wp-content\/uploads\/2020\/04\/foto_02113-1024x576.jpg\" alt=\"\" data-id=\"18294\" data-link=\"http:\/\/www.vidademadrid.com\/es\/18272\/alberto-concursante-masterchef-8\/foto_02113\/\" class=\"wp-image-18294\" srcset=\"https:\/\/www.vidademadrid.com\/es\/wp-content\/uploads\/2020\/04\/foto_02113-1024x576.jpg 1024w, https:\/\/www.vidademadrid.com\/es\/wp-content\/uploads\/2020\/04\/foto_02113-300x169.jpg 300w, https:\/\/www.vidademadrid.com\/es\/wp-content\/uploads\/2020\/04\/foto_02113-768x432.jpg 768w, https:\/\/www.vidademadrid.com\/es\/wp-content\/uploads\/2020\/04\/foto_02113-696x392.jpg 696w, https:\/\/www.vidademadrid.com\/es\/wp-content\/uploads\/2020\/04\/foto_02113-1068x601.jpg 1068w, https:\/\/www.vidademadrid.com\/es\/wp-content\/uploads\/2020\/04\/foto_02113.jpg 1920w, https:\/\/www.vidademadrid.com\/es\/wp-content\/uploads\/2020\/04\/foto_02113-747x420.jpg 747w\" sizes=\"auto, (max-width: 1024px) 100vw, 1024px\" \/><\/figure><\/li><li class=\"blocks-gallery-item\"><figure><img loading=\"lazy\" decoding=\"async\" width=\"1024\" height=\"512\" src=\"https:\/\/www.vidademadrid.com\/es\/wp-content\/uploads\/2020\/04\/FotoJet-3-1024x512.jpg\" alt=\"\" data-id=\"19070\" data-link=\"https:\/\/www.vidademadrid.com\/es\/18272\/alberto-concursante-masterchef-8\/fotojet-3\/\" class=\"wp-image-19070\" srcset=\"https:\/\/www.vidademadrid.com\/es\/wp-content\/uploads\/2020\/04\/FotoJet-3-1024x512.jpg 1024w, https:\/\/www.vidademadrid.com\/es\/wp-content\/uploads\/2020\/04\/FotoJet-3-300x150.jpg 300w, https:\/\/www.vidademadrid.com\/es\/wp-content\/uploads\/2020\/04\/FotoJet-3-768x384.jpg 768w, https:\/\/www.vidademadrid.com\/es\/wp-content\/uploads\/2020\/04\/FotoJet-3-696x348.jpg 696w, https:\/\/www.vidademadrid.com\/es\/wp-content\/uploads\/2020\/04\/FotoJet-3-1068x534.jpg 1068w, https:\/\/www.vidademadrid.com\/es\/wp-content\/uploads\/2020\/04\/FotoJet-3-840x420.jpg 840w, https:\/\/www.vidademadrid.com\/es\/wp-content\/uploads\/2020\/04\/FotoJet-3.jpg 1200w\" sizes=\"auto, (max-width: 1024px) 100vw, 1024px\" \/><\/figure><\/li><\/ul>\n\n\n\n<script async=\"\" src=\"https:\/\/pagead2.googlesyndication.com\/pagead\/js\/adsbygoogle.js\"><\/script> <ins class=\"adsbygoogle\" style=\"display:block; text-align:center;\" data-ad-layout=\"in-article\" data-ad-format=\"fluid\" data-ad-client=\"ca-pub-7450064428034605\" data-ad-slot=\"5670045061\"><\/ins> <script>(adsbygoogle = window.adsbygoogle || []).push({});<\/script>\n\n\n\n<p><\/p>\n","protected":false},"excerpt":{"rendered":"<p>Conoce a todos los aspirantes de la octava edici\u00f3n del talent culinario <\/p>\n","protected":false},"author":9,"featured_media":19070,"comment_status":"open","ping_status":"open","sticky":false,"template":"","format":"standard","meta":{"footnotes":""},"categories":[85],"tags":[86],"class_list":{"0":"post-18272","1":"post","2":"type-post","3":"status-publish","4":"format-standard","5":"has-post-thumbnail","7":"category-cine-series-television","8":"tag-masterchef"},"_links":{"self":[{"href":"https:\/\/www.vidademadrid.com\/es\/wp-json\/wp\/v2\/posts\/18272","targetHints":{"allow":["GET"]}}],"collection":[{"href":"https:\/\/www.vidademadrid.com\/es\/wp-json\/wp\/v2\/posts"}],"about":[{"href":"https:\/\/www.vidademadrid.com\/es\/wp-json\/wp\/v2\/types\/post"}],"author":[{"embeddable":true,"href":"https:\/\/www.vidademadrid.com\/es\/wp-json\/wp\/v2\/users\/9"}],"replies":[{"embeddable":true,"href":"https:\/\/www.vidademadrid.com\/es\/wp-json\/wp\/v2\/comments?post=18272"}],"version-history":[{"count":4,"href":"https:\/\/www.vidademadrid.com\/es\/wp-json\/wp\/v2\/posts\/18272\/revisions"}],"predecessor-version":[{"id":19071,"href":"https:\/\/www.vidademadrid.com\/es\/wp-json\/wp\/v2\/posts\/18272\/revisions\/19071"}],"wp:featuredmedia":[{"embeddable":true,"href":"https:\/\/www.vidademadrid.com\/es\/wp-json\/wp\/v2\/media\/19070"}],"wp:attachment":[{"href":"https:\/\/www.vidademadrid.com\/es\/wp-json\/wp\/v2\/media?parent=18272"}],"wp:term":[{"taxonomy":"category","embeddable":true,"href":"https:\/\/www.vidademadrid.com\/es\/wp-json\/wp\/v2\/categories?post=18272"},{"taxonomy":"post_tag","embeddable":true,"href":"https:\/\/www.vidademadrid.com\/es\/wp-json\/wp\/v2\/tags?post=18272"}],"curies":[{"name":"wp","href":"https:\/\/api.w.org\/{rel}","templated":true}]}}