{"id":18159,"date":"2020-04-13T23:53:51","date_gmt":"2020-04-13T21:53:51","guid":{"rendered":"http:\/\/www.vidademadrid.com\/es\/?p=18159"},"modified":"2025-10-04T10:09:49","modified_gmt":"2025-10-04T08:09:49","slug":"jose-mari-concursante-masterchef-8","status":"publish","type":"post","link":"https:\/\/www.vidademadrid.com\/es\/18159\/jose-mari-concursante-masterchef-8\/","title":{"rendered":"Jos\u00e9 Mari, de Mallorca, concursante de Masterchef 8: qui\u00e9n es"},"content":{"rendered":"<p><strong>Jos\u00e9 Mari,<\/strong> mallorqu\u00edn de 46 a\u00f1os, es un empresario y m\u00fasico. Adem\u00e1s, es muy religioso, va todos los domingos a la iglesia a dar gracias a Dios porque le llena. Ha tenido multitud de relaciones y tiene una hija. Le encanta cocinar y lo hace pr\u00e1cticamente a diario, si algo le sale mal lo reconoce. Jos\u00e9 Mari consegui\u00f3 el d\u00e9cimo delantal blanco de <strong>Masterchef 8<\/strong>.<\/p>\n\n\n<script async=\"\" src=\"\/\/pagead2.googlesyndication.com\/pagead\/js\/adsbygoogle.js\"><\/script> <!-- Vida 1 --> <ins class=\"adsbygoogle\" style=\"display:block\" data-ad-client=\"ca-pub-7450064428034605\" data-ad-slot=\"2284573579\" data-ad-format=\"auto\"><\/ins> <script> (adsbygoogle = window.adsbygoogle || []).push({}); <\/script>\n\n\n\n<ul class=\"wp-block-gallery columns-2 is-cropped wp-block-gallery-1 is-layout-flex wp-block-gallery-is-layout-flex\"><li class=\"blocks-gallery-item\"><figure><img loading=\"lazy\" decoding=\"async\" width=\"1024\" height=\"576\" src=\"http:\/\/www.vidademadrid.com\/es\/wp-content\/uploads\/2020\/04\/foto_02040-1024x576.jpg\" alt=\"\" data-id=\"18173\" data-link=\"http:\/\/www.vidademadrid.com\/es\/?attachment_id=18173\" class=\"wp-image-18173\" srcset=\"https:\/\/www.vidademadrid.com\/es\/wp-content\/uploads\/2020\/04\/foto_02040-1024x576.jpg 1024w, https:\/\/www.vidademadrid.com\/es\/wp-content\/uploads\/2020\/04\/foto_02040-300x169.jpg 300w, https:\/\/www.vidademadrid.com\/es\/wp-content\/uploads\/2020\/04\/foto_02040-768x432.jpg 768w, https:\/\/www.vidademadrid.com\/es\/wp-content\/uploads\/2020\/04\/foto_02040-696x392.jpg 696w, https:\/\/www.vidademadrid.com\/es\/wp-content\/uploads\/2020\/04\/foto_02040-1068x601.jpg 1068w, https:\/\/www.vidademadrid.com\/es\/wp-content\/uploads\/2020\/04\/foto_02040.jpg 1920w, https:\/\/www.vidademadrid.com\/es\/wp-content\/uploads\/2020\/04\/foto_02040-747x420.jpg 747w\" sizes=\"auto, (max-width: 1024px) 100vw, 1024px\" \/><\/figure><\/li><li class=\"blocks-gallery-item\"><figure><img loading=\"lazy\" decoding=\"async\" width=\"1024\" height=\"576\" src=\"http:\/\/www.vidademadrid.com\/es\/wp-content\/uploads\/2020\/04\/foto_02039-1024x576.jpg\" alt=\"\" data-id=\"18174\" data-link=\"http:\/\/www.vidademadrid.com\/es\/?attachment_id=18174\" class=\"wp-image-18174\" srcset=\"https:\/\/www.vidademadrid.com\/es\/wp-content\/uploads\/2020\/04\/foto_02039-1024x576.jpg 1024w, https:\/\/www.vidademadrid.com\/es\/wp-content\/uploads\/2020\/04\/foto_02039-300x169.jpg 300w, https:\/\/www.vidademadrid.com\/es\/wp-content\/uploads\/2020\/04\/foto_02039-768x432.jpg 768w, https:\/\/www.vidademadrid.com\/es\/wp-content\/uploads\/2020\/04\/foto_02039-696x392.jpg 696w, https:\/\/www.vidademadrid.com\/es\/wp-content\/uploads\/2020\/04\/foto_02039-1068x601.jpg 1068w, https:\/\/www.vidademadrid.com\/es\/wp-content\/uploads\/2020\/04\/foto_02039.jpg 1920w, https:\/\/www.vidademadrid.com\/es\/wp-content\/uploads\/2020\/04\/foto_02039-747x420.jpg 747w\" sizes=\"auto, (max-width: 1024px) 100vw, 1024px\" \/><\/figure><\/li><li class=\"blocks-gallery-item\"><figure><img loading=\"lazy\" decoding=\"async\" width=\"1024\" height=\"576\" src=\"http:\/\/www.vidademadrid.com\/es\/wp-content\/uploads\/2020\/04\/foto_02037-1024x576.jpg\" alt=\"\" data-id=\"18175\" data-link=\"http:\/\/www.vidademadrid.com\/es\/?attachment_id=18175\" class=\"wp-image-18175\" srcset=\"https:\/\/www.vidademadrid.com\/es\/wp-content\/uploads\/2020\/04\/foto_02037-1024x576.jpg 1024w, https:\/\/www.vidademadrid.com\/es\/wp-content\/uploads\/2020\/04\/foto_02037-300x169.jpg 300w, https:\/\/www.vidademadrid.com\/es\/wp-content\/uploads\/2020\/04\/foto_02037-768x432.jpg 768w, https:\/\/www.vidademadrid.com\/es\/wp-content\/uploads\/2020\/04\/foto_02037-696x392.jpg 696w, https:\/\/www.vidademadrid.com\/es\/wp-content\/uploads\/2020\/04\/foto_02037-1068x601.jpg 1068w, https:\/\/www.vidademadrid.com\/es\/wp-content\/uploads\/2020\/04\/foto_02037.jpg 1920w, https:\/\/www.vidademadrid.com\/es\/wp-content\/uploads\/2020\/04\/foto_02037-747x420.jpg 747w\" sizes=\"auto, (max-width: 1024px) 100vw, 1024px\" \/><\/figure><\/li><li class=\"blocks-gallery-item\"><figure><img loading=\"lazy\" decoding=\"async\" width=\"1024\" height=\"576\" src=\"http:\/\/www.vidademadrid.com\/es\/wp-content\/uploads\/2020\/04\/foto_02035-1024x576.jpg\" alt=\"\" data-id=\"18176\" data-link=\"http:\/\/www.vidademadrid.com\/es\/?attachment_id=18176\" class=\"wp-image-18176\" srcset=\"https:\/\/www.vidademadrid.com\/es\/wp-content\/uploads\/2020\/04\/foto_02035-1024x576.jpg 1024w, https:\/\/www.vidademadrid.com\/es\/wp-content\/uploads\/2020\/04\/foto_02035-300x169.jpg 300w, https:\/\/www.vidademadrid.com\/es\/wp-content\/uploads\/2020\/04\/foto_02035-768x432.jpg 768w, https:\/\/www.vidademadrid.com\/es\/wp-content\/uploads\/2020\/04\/foto_02035-696x392.jpg 696w, https:\/\/www.vidademadrid.com\/es\/wp-content\/uploads\/2020\/04\/foto_02035-1068x601.jpg 1068w, https:\/\/www.vidademadrid.com\/es\/wp-content\/uploads\/2020\/04\/foto_02035.jpg 1920w, https:\/\/www.vidademadrid.com\/es\/wp-content\/uploads\/2020\/04\/foto_02035-747x420.jpg 747w\" sizes=\"auto, (max-width: 1024px) 100vw, 1024px\" \/><\/figure><\/li><li class=\"blocks-gallery-item\"><figure><img loading=\"lazy\" decoding=\"async\" width=\"1024\" height=\"576\" src=\"http:\/\/www.vidademadrid.com\/es\/wp-content\/uploads\/2020\/04\/foto_02033-1024x576.jpg\" alt=\"\" data-id=\"18177\" data-link=\"http:\/\/www.vidademadrid.com\/es\/?attachment_id=18177\" class=\"wp-image-18177\" srcset=\"https:\/\/www.vidademadrid.com\/es\/wp-content\/uploads\/2020\/04\/foto_02033-1024x576.jpg 1024w, https:\/\/www.vidademadrid.com\/es\/wp-content\/uploads\/2020\/04\/foto_02033-300x169.jpg 300w, https:\/\/www.vidademadrid.com\/es\/wp-content\/uploads\/2020\/04\/foto_02033-768x432.jpg 768w, https:\/\/www.vidademadrid.com\/es\/wp-content\/uploads\/2020\/04\/foto_02033-696x392.jpg 696w, https:\/\/www.vidademadrid.com\/es\/wp-content\/uploads\/2020\/04\/foto_02033-1068x601.jpg 1068w, https:\/\/www.vidademadrid.com\/es\/wp-content\/uploads\/2020\/04\/foto_02033.jpg 1920w, https:\/\/www.vidademadrid.com\/es\/wp-content\/uploads\/2020\/04\/foto_02033-747x420.jpg 747w\" sizes=\"auto, (max-width: 1024px) 100vw, 1024px\" \/><\/figure><\/li><\/ul>\n\n\n\n<script async=\"\" src=\"https:\/\/pagead2.googlesyndication.com\/pagead\/js\/adsbygoogle.js\"><\/script> <ins class=\"adsbygoogle\" style=\"display:block; text-align:center;\" data-ad-layout=\"in-article\" data-ad-format=\"fluid\" data-ad-client=\"ca-pub-7450064428034605\" data-ad-slot=\"5670045061\"><\/ins> <script>(adsbygoogle = window.adsbygoogle || []).push({});<\/script>\n","protected":false},"excerpt":{"rendered":"<p>Conoce a todos los aspirantes de la octava edici\u00f3n del talent culinario<\/p>\n","protected":false},"author":9,"featured_media":19114,"comment_status":"open","ping_status":"open","sticky":false,"template":"","format":"standard","meta":{"footnotes":""},"categories":[85],"tags":[86],"class_list":{"0":"post-18159","1":"post","2":"type-post","3":"status-publish","4":"format-standard","5":"has-post-thumbnail","7":"category-cine-series-television","8":"tag-masterchef"},"_links":{"self":[{"href":"https:\/\/www.vidademadrid.com\/es\/wp-json\/wp\/v2\/posts\/18159","targetHints":{"allow":["GET"]}}],"collection":[{"href":"https:\/\/www.vidademadrid.com\/es\/wp-json\/wp\/v2\/posts"}],"about":[{"href":"https:\/\/www.vidademadrid.com\/es\/wp-json\/wp\/v2\/types\/post"}],"author":[{"embeddable":true,"href":"https:\/\/www.vidademadrid.com\/es\/wp-json\/wp\/v2\/users\/9"}],"replies":[{"embeddable":true,"href":"https:\/\/www.vidademadrid.com\/es\/wp-json\/wp\/v2\/comments?post=18159"}],"version-history":[{"count":7,"href":"https:\/\/www.vidademadrid.com\/es\/wp-json\/wp\/v2\/posts\/18159\/revisions"}],"predecessor-version":[{"id":19115,"href":"https:\/\/www.vidademadrid.com\/es\/wp-json\/wp\/v2\/posts\/18159\/revisions\/19115"}],"wp:featuredmedia":[{"embeddable":true,"href":"https:\/\/www.vidademadrid.com\/es\/wp-json\/wp\/v2\/media\/19114"}],"wp:attachment":[{"href":"https:\/\/www.vidademadrid.com\/es\/wp-json\/wp\/v2\/media?parent=18159"}],"wp:term":[{"taxonomy":"category","embeddable":true,"href":"https:\/\/www.vidademadrid.com\/es\/wp-json\/wp\/v2\/categories?post=18159"},{"taxonomy":"post_tag","embeddable":true,"href":"https:\/\/www.vidademadrid.com\/es\/wp-json\/wp\/v2\/tags?post=18159"}],"curies":[{"name":"wp","href":"https:\/\/api.w.org\/{rel}","templated":true}]}}