{"id":18031,"date":"2020-04-13T13:31:46","date_gmt":"2020-04-13T11:31:46","guid":{"rendered":"http:\/\/www.vidademadrid.com\/es\/?p=18031"},"modified":"2020-09-30T12:07:40","modified_gmt":"2020-09-30T10:07:40","slug":"cine-de-balcon-madrid-amazon-prime-video-programa-localizaciones","status":"publish","type":"post","link":"https:\/\/www.vidademadrid.com\/es\/18031\/cine-de-balcon-madrid-amazon-prime-video-programa-localizaciones\/","title":{"rendered":"Madrid contar\u00e1 con &#8216;Cine de balc\u00f3n&#8217; tras los aplausos a los sanitarios: \u00bfD\u00f3nde y cu\u00e1ndo?"},"content":{"rendered":"<p>Un mes despu\u00e9s de que el Gobierno decretase el estado de alarma provocado por el <a href=\"http:\/\/www.vidademadrid.com\/es\/tag\/coronavirus\/\">coronavirus<\/a>, siguen apareciendo iniciativas de ocio para amenizar el confinamiento en <strong>Madrid<\/strong>. La \u00faltima viene de mano de <strong>Amazon Prime Video<\/strong> que se ha ofrecido a proyectar sus contenidos en pantallas en varios distritos de la ciudad para que los vecinos puedan disfrutar de un &#8216;<strong>Cine de balc\u00f3n<\/strong>&#8216; desde sus casas. A continuaci\u00f3n, te hablamos sobre la <strong>programaci\u00f3n<\/strong> de la iniciativa y los <strong>lugares<\/strong> que recorrer\u00e1n las pantallas.<\/p>\n<h2>Cine de balc\u00f3n en Madrid: horario y localizaciones<\/h2>\n<p><script async=\"\" src=\"https:\/\/pagead2.googlesyndication.com\/pagead\/js\/adsbygoogle.js\"><\/script> <ins class=\"adsbygoogle\" style=\"display: block; text-align: center;\" data-ad-layout=\"in-article\" data-ad-format=\"fluid\" data-ad-client=\"ca-pub-7450064428034605\" data-ad-slot=\"5670045061\"><\/ins> <script>(adsbygoogle = window.adsbygoogle || []).push({});<\/script>Las proyecciones de &#8216;<strong>Cine de balc\u00f3n<\/strong>&#8216; dar\u00e1n comienzo todos los d\u00edas, durante las dos pr\u00f3ximas semanas, una vez hayan finalizado los aplausos diarios a los sanitarios y se haya proyectado el v\u00eddeo &#8216;Gracias Madrid&#8217;.<\/p>\n<p>Esta iniciativa se inaugurar\u00e1 hoy, <strong>lunes 13 de abril 2020<\/strong>, con la primera proyecci\u00f3n programada sobre las 20:45 horas en la <strong>plaza de Cristo Rey<\/strong> (donde se sit\u00faa el Hospital Universitario Fundaci\u00f3n Jim\u00e9nez D\u00edaz y el Hospital Cl\u00ednico San Carlos) y en la de <strong>Embajadores<\/strong> (Arganzuela).<\/p>\n<p><script async=\"\" src=\"https:\/\/pagead2.googlesyndication.com\/pagead\/js\/adsbygoogle.js\"><\/script> <ins class=\"adsbygoogle\" style=\"display: block;\" data-ad-format=\"fluid\" data-ad-layout-key=\"-7f+eo+1+2-5\" data-ad-client=\"ca-pub-7450064428034605\" data-ad-slot=\"7327027071\"><\/ins><script>(adsbygoogle = window.adsbygoogle || []).push({});<\/script>El segundo d\u00eda, <strong>martes 14 de abril<\/strong>, las pantallas led se situar\u00e1n en la <strong>avenida de Monforte de Lemos con Betanzos<\/strong> (distrito de Fuencarral-El Pardo) y en la <strong>plaza de Tirso de Molina<\/strong> (Centro).<\/p>\n<p>La tercera jornada, <strong>mi\u00e9rcoles 15 de abril<\/strong>, acercar\u00e1 la proyecci\u00f3n al <strong>paseo de Pintor Rosales<\/strong> (Moncloa) y a la <strong>plaza de Alcalde Moreno Torres<\/strong> (Hortaleza).<\/p>\n<p>El cuarto d\u00eda, <strong>jueves 16 de abril<\/strong>, las pantallas llegar\u00e1n a la <strong>glorieta de Santa Mar\u00eda de la Cabeza<\/strong> (Arganzuela) y a la <strong>calle Minerva esquina con Omega<\/strong> (Vic\u00e1lvaro).<\/p>\n<p>El quinto d\u00eda, <strong>viernes 17 de abril<\/strong> estar\u00e1n en la <strong>calle Luis Maoya Blanco<\/strong> (Hortaleza) y en la <strong>calle Olas<\/strong> (Villaverde).<\/p>\n<p>Tras todas las proyecciones, las pantallas proyectar\u00e1n los hashtags #MadridSaleAlBalc\u00f3n, #EsteVirusLoParamosUnidos, #YoMeQuedoEnCasa y #FrenarLaCurva.<\/p>\n<h2>Cine de balc\u00f3n en Madrid: proyecciones<\/h2>\n<p>Todas las <strong>proyecciones<\/strong> se realizar\u00e1n desde una pantalla m\u00f3vil de 40 metros cuadrados y una resoluci\u00f3n de 514&#215;294 colocada en un tr\u00e1iler de 24 toneladas que recorrer\u00e1 las diferentes localizaciones programadas. Adem\u00e1s, habr\u00e1 un cami\u00f3n con otra pantalla de 8 metros cuadrados, otra de 28 metros cuadrados colocada sobre una estructura, y otra de 15 metros cuadrados, que garantizar\u00e1n la m\u00e1xima calidad para este estilo de &#8216;cine de verano&#8217; del que se podr\u00e1 disfrutar desde los balcones. La potencia del sonido ser\u00e1 de 2.500 watios.<\/p>\n<p>Hoy <strong>lunes<\/strong>, a partir de las <strong>20:45 horas<\/strong>, tendr\u00e1 lugar la primera proyecci\u00f3n desde la <strong>plaza de Cristo Rey y la de Embajadores<\/strong>, desde donde se podr\u00e1 disfrutar del cap\u00edtulo piloto de <strong>&#8216;Modern Love&#8217;<\/strong>, una serie de <strong>Amazon Prime Video<\/strong> que narra historias basadas en art\u00edculos personales sobre relaciones reales de la columna de The New York Times &#8216;Modern Love&#8217;: una amistad improbable, un amor perdido que vuelve a resurgir, un matrimonio en su punto de inflexi\u00f3n, una familia nueva poco convencional, etc., que ayudar\u00e1n a los madrile\u00f1os a hacer m\u00e1s llevadera la cuarentena.<\/p>\n<p><script async=\"\" src=\"https:\/\/pagead2.googlesyndication.com\/pagead\/js\/adsbygoogle.js\"><\/script> <!-- Vertical2020 --><ins class=\"adsbygoogle\" style=\"display: block;\" data-ad-client=\"ca-pub-7450064428034605\" data-ad-slot=\"4377430105\" data-ad-format=\"auto\" data-full-width-responsive=\"true\"><\/ins><script>(adsbygoogle = window.adsbygoogle || []).push({});<\/script><\/p>\n<p><script data-wid=\"auto\" type=\"text\/javascript\" src=\"https:\/\/content.viralize.tv\/display\/?zid=AADiaHd5cH72qFIl&amp;cid=AATd2InbYrk6vRxg&amp;activation=adfill&amp;vip_mode=playing&amp;vip_position=bottom-right\"><\/script><\/p>\n","protected":false},"excerpt":{"rendered":"<p>Amazon Prime Video se ha ofrecido a proyectar sus contenidos en pantallas en varios distritos de la ciudad <\/p>\n","protected":false},"author":10,"featured_media":18032,"comment_status":"open","ping_status":"open","sticky":false,"template":"","format":"standard","meta":{"footnotes":""},"categories":[12],"tags":[],"class_list":{"0":"post-18031","1":"post","2":"type-post","3":"status-publish","4":"format-standard","5":"has-post-thumbnail","7":"category-actualidad-noticias-madrid"},"_links":{"self":[{"href":"https:\/\/www.vidademadrid.com\/es\/wp-json\/wp\/v2\/posts\/18031","targetHints":{"allow":["GET"]}}],"collection":[{"href":"https:\/\/www.vidademadrid.com\/es\/wp-json\/wp\/v2\/posts"}],"about":[{"href":"https:\/\/www.vidademadrid.com\/es\/wp-json\/wp\/v2\/types\/post"}],"author":[{"embeddable":true,"href":"https:\/\/www.vidademadrid.com\/es\/wp-json\/wp\/v2\/users\/10"}],"replies":[{"embeddable":true,"href":"https:\/\/www.vidademadrid.com\/es\/wp-json\/wp\/v2\/comments?post=18031"}],"version-history":[{"count":11,"href":"https:\/\/www.vidademadrid.com\/es\/wp-json\/wp\/v2\/posts\/18031\/revisions"}],"predecessor-version":[{"id":25530,"href":"https:\/\/www.vidademadrid.com\/es\/wp-json\/wp\/v2\/posts\/18031\/revisions\/25530"}],"wp:featuredmedia":[{"embeddable":true,"href":"https:\/\/www.vidademadrid.com\/es\/wp-json\/wp\/v2\/media\/18032"}],"wp:attachment":[{"href":"https:\/\/www.vidademadrid.com\/es\/wp-json\/wp\/v2\/media?parent=18031"}],"wp:term":[{"taxonomy":"category","embeddable":true,"href":"https:\/\/www.vidademadrid.com\/es\/wp-json\/wp\/v2\/categories?post=18031"},{"taxonomy":"post_tag","embeddable":true,"href":"https:\/\/www.vidademadrid.com\/es\/wp-json\/wp\/v2\/tags?post=18031"}],"curies":[{"name":"wp","href":"https:\/\/api.w.org\/{rel}","templated":true}]}}