{"id":17660,"date":"2020-04-16T14:01:21","date_gmt":"2020-04-16T12:01:21","guid":{"rendered":"http:\/\/www.vidademadrid.com\/es\/?p=17660"},"modified":"2020-04-16T15:13:39","modified_gmt":"2020-04-16T13:13:39","slug":"evau-madrid-2020-nuevas-fechas-examenes-complutense-uam","status":"publish","type":"post","link":"https:\/\/www.vidademadrid.com\/es\/17660\/evau-madrid-2020-nuevas-fechas-examenes-complutense-uam\/","title":{"rendered":"\u00bfEvAU Madrid 2020 en Ifema? Lugar y fechas ex\u00e1menes"},"content":{"rendered":"<h3>16 de abril 2020<\/h3>\n<p>La Evaluaci\u00f3n para el Acceso a la Universidad (<strong>EvAU<\/strong>) 2020 podr\u00e1 tener lugar en IFEMA, si se confirman las fechas del 6, 7 y 8 de julio. Las palabras de la Presidenta de la Comunidad de Madrid, Isabel D\u00edaz Ayuso:<\/p>\n<blockquote class=\"twitter-tweet\" data-partner=\"tweetdeck\"><p lang=\"es\" dir=\"ltr\">La maravillosa <a href=\"https:\/\/twitter.com\/feriademadrid?ref_src=twsrc%5Etfw\">@feriademadrid<\/a> puede ser un buen escenario para celebrar la EvAU\/selectividad este a\u00f1o. Estamos estudi\u00e1ndolo para garantizar la seguridad de nuestros alumnos y profesores. <\/p>\n<p>Madrid se reinventa ante la adversidad. ?? <a href=\"https:\/\/t.co\/aFx9o5y6Iz\">pic.twitter.com\/aFx9o5y6Iz<\/a><\/p>\n<p>\u2014 Isabel D\u00edaz Ayuso (@IdiazAyuso) <a href=\"https:\/\/twitter.com\/IdiazAyuso\/status\/1250766872053796867?ref_src=twsrc%5Etfw\">April 16, 2020<\/a><\/p><\/blockquote>\n<p><script async=\"\" src=\"https:\/\/platform.twitter.com\/widgets.js\" charset=\"utf-8\"><\/script><\/p>\n<p>&nbsp;<\/p>\n<h3>3 de abril 2020<\/h3>\n<p>Al igual que la suspensi\u00f3n de las clases presenciales, la <strong>Comunidad de Madrid<\/strong> ha decidido retrasar&nbsp;la Evaluaci\u00f3n para el Acceso a la Universidad (<strong>EvAU<\/strong>) debido a la crisis generada por la pandemia del coronavirus. Hoy te hablamos de estas <strong>nuevas fechas<\/strong> y de todo lo que se sabe sobre los <strong>ex\u00e1menes<\/strong>.<\/p>\n<p><script async=\"\" src=\"https:\/\/pagead2.googlesyndication.com\/pagead\/js\/adsbygoogle.js\"><\/script> <ins class=\"adsbygoogle\" style=\"display: block; text-align: center;\" data-ad-layout=\"in-article\" data-ad-format=\"fluid\" data-ad-client=\"ca-pub-7450064428034605\" data-ad-slot=\"5670045061\"><\/ins> <script>(adsbygoogle = window.adsbygoogle || []).push({});<\/script><\/p>\n<h2>EvAU Madrid 2020: Nuevas fechas<\/h2>\n<p><script async=\"\" src=\"https:\/\/pagead2.googlesyndication.com\/pagead\/js\/adsbygoogle.js\"><\/script> <ins class=\"adsbygoogle\" style=\"display: block;\" data-ad-format=\"fluid\" data-ad-layout-key=\"-7f+eo+1+2-5\" data-ad-client=\"ca-pub-7450064428034605\" data-ad-slot=\"7327027071\"><\/ins><script>(adsbygoogle = window.adsbygoogle || []).push({});<\/script><\/p>\n<p>La Comunidad de Madrid ha decidido posponer la celebraci\u00f3n de la <strong>convocatoria ordinaria de la EvAU<\/strong> a los d\u00edas <strong>6, 7 y 8 de julio de 2020<\/strong>, tal y como ha afirmado a trav\u00e9s de su cuenta de Twitter el vicepresidente regional, Ignacio Aguado. Por lo tanto, debido a la <a>crisis del coronavirus<\/a>, estas pruebas sufrir\u00e1n un retraso respecto a lo previsto inicialmente, ya que estaban fijadas para los d\u00edas 2, 3 y 4 de junio.&nbsp;<\/p>\n\n\n<figure class=\"wp-block-embed-twitter wp-block-embed is-type-rich is-provider-twitter\"><div class=\"wp-block-embed__wrapper\">\n<blockquote class=\"twitter-tweet\" data-width=\"550\" data-dnt=\"true\"><p lang=\"es\" dir=\"ltr\">? IMPORTANTE:<br><br>La EvAU de Madrid (antigua selectividad) tendr\u00e1 lugar los d\u00edas 6, 7 y 8 de julio en convocatoria ordinaria debido a la crisis del <a href=\"https:\/\/twitter.com\/hashtag\/COVID19?src=hash&amp;ref_src=twsrc%5Etfw\">#COVID19<\/a>. Gracias por vuestra comprensi\u00f3n, \u00a1seguid estudiando todo lo que pod\u00e1is desde casa!<\/p>&mdash; Ignacio Aguado (@ignacioaguado) <a href=\"https:\/\/twitter.com\/ignacioaguado\/status\/1246005154639482881?ref_src=twsrc%5Etfw\">April 3, 2020<\/a><\/blockquote><script async src=\"https:\/\/platform.twitter.com\/widgets.js\" charset=\"utf-8\"><\/script>\n<\/div><\/figure>\n\n\n<p>Por ahora, no hay novedades sobre la fecha de celebraci\u00f3n de la<strong> prueba extraordinaria<\/strong>, por lo que esta se sigue manteniendo para antes del d\u00eda 10 de <strong>septiembre<\/strong>, como estaba previsto desde antes de que los alumnos dejaran de asistir presencialmente a sus clases el mi\u00e9rcoles 11 de marzo, tres d\u00edas antes de que se decretara el estado de alarma en toda Espa\u00f1a.<\/p>\n<h2>EvAU Madrid 2020: Ex\u00e1menes<\/h2>\n<p><script async=\"\" src=\"https:\/\/pagead2.googlesyndication.com\/pagead\/js\/adsbygoogle.js\"><\/script> <ins class=\"adsbygoogle\" style=\"display:block; text-align:center;\" data-ad-layout=\"in-article\" data-ad-format=\"fluid\" data-ad-client=\"ca-pub-7450064428034605\" data-ad-slot=\"5670045061\"><\/ins> <script>(adsbygoogle = window.adsbygoogle || []).push({});<\/script><\/p>\n<p>Con respecto a la din\u00e1mica de los <strong>ex\u00e1menes<\/strong> de este a\u00f1o, se han planteado algunas medidas para intentar que los alumnos se vean lo menos perjudicados posible por esta crisis y por no haber podido trabajar el \u00faltimo bloque del temario de manera presencial. As\u00ed, se permitir\u00e1 la <strong>combinaci\u00f3n de las dos opciones<\/strong> de los ex\u00e1menes, pudi\u00e9ndose elegir preguntas tanto de la opci\u00f3n A como de la opci\u00f3n B.&nbsp;<\/p>\n<p>Adem\u00e1s, tambi\u00e9n se pretenden establecer unos <strong>criterios de correcci\u00f3n de \u00e1mbito nacional<\/strong> y no auton\u00f3mico para garantizar que todos los alumnos, independientemente de la comunidad aut\u00f3noma a la que pertenezcan, tengan las mismas posibilidades a la hora de acceder a Universidades como la <strong>Complutense<\/strong> o la <strong>UAM<\/strong>.<\/p>","protected":false},"excerpt":{"rendered":"<p>La comunidad retrasa las pruebas de acceso a la universidad hasta el mes de julio<\/p>\n","protected":false},"author":10,"featured_media":17665,"comment_status":"open","ping_status":"open","sticky":false,"template":"","format":"standard","meta":{"footnotes":""},"categories":[12],"tags":[],"class_list":{"0":"post-17660","1":"post","2":"type-post","3":"status-publish","4":"format-standard","5":"has-post-thumbnail","7":"category-actualidad-noticias-madrid"},"_links":{"self":[{"href":"https:\/\/www.vidademadrid.com\/es\/wp-json\/wp\/v2\/posts\/17660","targetHints":{"allow":["GET"]}}],"collection":[{"href":"https:\/\/www.vidademadrid.com\/es\/wp-json\/wp\/v2\/posts"}],"about":[{"href":"https:\/\/www.vidademadrid.com\/es\/wp-json\/wp\/v2\/types\/post"}],"author":[{"embeddable":true,"href":"https:\/\/www.vidademadrid.com\/es\/wp-json\/wp\/v2\/users\/10"}],"replies":[{"embeddable":true,"href":"https:\/\/www.vidademadrid.com\/es\/wp-json\/wp\/v2\/comments?post=17660"}],"version-history":[{"count":5,"href":"https:\/\/www.vidademadrid.com\/es\/wp-json\/wp\/v2\/posts\/17660\/revisions"}],"predecessor-version":[{"id":18495,"href":"https:\/\/www.vidademadrid.com\/es\/wp-json\/wp\/v2\/posts\/17660\/revisions\/18495"}],"wp:featuredmedia":[{"embeddable":true,"href":"https:\/\/www.vidademadrid.com\/es\/wp-json\/wp\/v2\/media\/17665"}],"wp:attachment":[{"href":"https:\/\/www.vidademadrid.com\/es\/wp-json\/wp\/v2\/media?parent=17660"}],"wp:term":[{"taxonomy":"category","embeddable":true,"href":"https:\/\/www.vidademadrid.com\/es\/wp-json\/wp\/v2\/categories?post=17660"},{"taxonomy":"post_tag","embeddable":true,"href":"https:\/\/www.vidademadrid.com\/es\/wp-json\/wp\/v2\/tags?post=17660"}],"curies":[{"name":"wp","href":"https:\/\/api.w.org\/{rel}","templated":true}]}}