{"id":17625,"date":"2020-09-15T16:44:35","date_gmt":"2020-09-15T14:44:35","guid":{"rendered":"http:\/\/www.vidademadrid.com\/es\/?p=17625"},"modified":"2020-09-16T12:49:01","modified_gmt":"2020-09-16T10:49:01","slug":"festival-tomavistas-nuevas-fechas-cartel-entradas","status":"publish","type":"post","link":"https:\/\/www.vidademadrid.com\/es\/17625\/festival-tomavistas-nuevas-fechas-cartel-entradas\/","title":{"rendered":"Tomavistas Extra se reubica y se celebrar\u00e1 en Ifema del 20 al 26 de septiembre"},"content":{"rendered":"<h2>15 de septiembre 2020<\/h2>\n<p><strong>Tomavistas Extra<\/strong> se celebrar\u00e1 este septiembre 2020, en una nueva ubicaci\u00f3n: Ifema. Conciertos del 20 al 26 de septiembre. Y otro concierto en La Riviera el 2 de octubre:<\/p>\n<p><img loading=\"lazy\" decoding=\"async\" class=\"aligncenter size-full wp-image-24844\" src=\"https:\/\/www.vidademadrid.com\/es\/wp-content\/uploads\/2020\/05\/foto_03923.jpg\" alt=\"\" width=\"1372\" height=\"700\" srcset=\"https:\/\/www.vidademadrid.com\/es\/wp-content\/uploads\/2020\/05\/foto_03923.jpg 1372w, https:\/\/www.vidademadrid.com\/es\/wp-content\/uploads\/2020\/05\/foto_03923-300x153.jpg 300w, https:\/\/www.vidademadrid.com\/es\/wp-content\/uploads\/2020\/05\/foto_03923-768x392.jpg 768w, https:\/\/www.vidademadrid.com\/es\/wp-content\/uploads\/2020\/05\/foto_03923-1024x522.jpg 1024w, https:\/\/www.vidademadrid.com\/es\/wp-content\/uploads\/2020\/05\/foto_03923-696x355.jpg 696w, https:\/\/www.vidademadrid.com\/es\/wp-content\/uploads\/2020\/05\/foto_03923-1068x545.jpg 1068w, https:\/\/www.vidademadrid.com\/es\/wp-content\/uploads\/2020\/05\/foto_03923-823x420.jpg 823w\" sizes=\"auto, (max-width: 1372px) 100vw, 1372px\" \/><\/p>\n<h2>19 de mayo 2020<\/h2>\n<p>Tomavistas anuncia que la sexta edici\u00f3n se traslada al 2021. Las nuevas fechas del Festival Tomavistas\u00a0 son 27, 28 y 29 de mayo.<\/p>\n<p>Los organizadores anunciaran los primeros confirmados 2021 el pr\u00f3ximo 2 de junio.<\/p>\n<p>Para quienes han comprado las entradas 2020:<\/p>\n<blockquote>\n<p>\u00abPondremos en marcha el <strong>proceso de devoluci\u00f3n del importe de las entradas para quien lo solicite<\/strong>. En esta misma fecha os daremos\u00a0<strong>varias opciones:<\/strong>\u00a0<strong>conservar la entrada\u00a0<\/strong>que por supuesto ser\u00e1 v\u00e1lida para la edici\u00f3n\u00a0 de 2021, cambiarla por\u00a0<strong>un vale consistente en el importe de la entrada<\/strong>\u00a0que hay\u00e1is adquirido y poder canjearlo por conciertos programados por Tomavistas o\u00a0<strong>devolver la entrada y recuperar el importe de la misma.\u00bb<\/strong><\/p>\n<\/blockquote>\n\n\n<figure class=\"wp-block-embed-twitter wp-block-embed is-type-rich is-provider-twitter\"><div class=\"wp-block-embed__wrapper\">\n<blockquote class=\"twitter-tweet\" data-width=\"550\" data-dnt=\"true\"><p lang=\"es\" dir=\"ltr\">Querida <a href=\"https:\/\/twitter.com\/hashtag\/FamiliaTomavistas?src=hash&amp;ref_src=twsrc%5Etfw\">#FamiliaTomavistas<\/a>: lo intentamos, pero no pudo ser. Finalmente nos veremos en 2021. Esperamos contar con vosotrxs.<br><br>El 2 de junio abriremos el plazo de devoluci\u00f3n para quien lo quiera solicitar.<br><br>Gracias por vuestro apoyo \u2764\ufe0f<br><br>Comunicado completo: <a href=\"https:\/\/t.co\/b8Hs11V1RQ\">https:\/\/t.co\/b8Hs11V1RQ<\/a> <a href=\"https:\/\/t.co\/TsLp3eKTBT\">pic.twitter.com\/TsLp3eKTBT<\/a><\/p>&mdash; Festival Tomavistas (@TomavistasFest) <a href=\"https:\/\/twitter.com\/TomavistasFest\/status\/1262711752753643523?ref_src=twsrc%5Etfw\">May 19, 2020<\/a><\/blockquote><script async src=\"https:\/\/platform.twitter.com\/widgets.js\" charset=\"utf-8\"><\/script>\n<\/div><\/figure>\n\n\n<h2><strong>2 de abril de 2020<\/strong><\/h2>\n<p><strong>Tomavistas Festival<\/strong> ha sido el \u00faltimo en unirse a la larga lista de eventos que se han visto obligados a cambiar sus fechas debido a las restricciones, con respecto a la movilidad y aglomeraci\u00f3n de personas, establecidas por las autoridades durante la crisis sanitaria del Covid-19. En este post te ponemos al d\u00eda de este <strong>cambio de fecha<\/strong>, el <strong>cartel<\/strong> y las <strong>entradas<\/strong> del festival.<\/p>\n<p><script async=\"\" src=\"https:\/\/pagead2.googlesyndication.com\/pagead\/js\/adsbygoogle.js\"><\/script> <!-- Vertical2020 --><ins class=\"adsbygoogle\" style=\"display: block;\" data-ad-client=\"ca-pub-7450064428034605\" data-ad-slot=\"4377430105\" data-ad-format=\"auto\" data-full-width-responsive=\"true\"><\/ins><script>(adsbygoogle = window.adsbygoogle || []).push({});<\/script><\/p>\n<h2>Festival Tomavistas 2020: Nuevas fechas<\/h2>\n<p>La celebraci\u00f3n de la sexta edici\u00f3n del Festival Tomavistas estaba prevista para el fin de semana del 21 al 23 de mayo, pero finalmente, ser\u00e1 entre los d\u00edas <strong>3 y 5 de septiembre de 2020<\/strong> cuando llene Madrid con la mejor m\u00fasica independiente tanto nacional como internacional.&nbsp;<\/p>\n<p>El evento tendr\u00e1 lugar en el <strong>parque de Enrique Tierno Galv\u00e1n de Madrid<\/strong> y, con este cambio de fecha, se garantizar\u00e1 la seguridad tanto del p\u00fablico, como de los artistas y dem\u00e1s trabajadores involucrados en el festival.&nbsp;<\/p>\n<h2>Festival Tomavistas 2020: Cartel y entradas<\/h2>\n<p><script async=\"\" src=\"https:\/\/pagead2.googlesyndication.com\/pagead\/js\/adsbygoogle.js\"><\/script> <ins class=\"adsbygoogle\" style=\"display: block; text-align: center;\" data-ad-layout=\"in-article\" data-ad-format=\"fluid\" data-ad-client=\"ca-pub-7450064428034605\" data-ad-slot=\"5670045061\"><\/ins> <script>(adsbygoogle = window.adsbygoogle || []).push({});<\/script><\/p>\n<p>Aunque el <strong>cartel<\/strong> no est\u00e1 cerrado del todo, desde la organizaci\u00f3n del festival aseguran que han conseguido reubicar a todos los artistas en las nuevas fechas propuestas y que, aunque puede sufrir alguna modificaci\u00f3n, se mantendr\u00e1 al 90%.&nbsp;<\/p>\n<p>Entre los artistas que estaban confirmados para las fechas de mayo se encuentran Amaia, The Horrors, Anna Calvi, el grupo de rock brit\u00e1nico Suede y Jessy Lanza, entre otros. Habr\u00e1 que esperar a la propuesta final del cartel del festival para confirmar su asistencia.<\/p>\n<p>Con respecto a las <strong>entradas<\/strong> ya adquiridas, estas ser\u00e1n v\u00e1lidas para las nuevas fechas. De la misma manera, se facilitar\u00e1 la devoluci\u00f3n de su importe en el caso de no poder asistir en el mes de septiembre. Si todav\u00eda no las tienes y no quieres perderte el show, puedes conseguirlas a trav\u00e9s de la <a href=\"https:\/\/www.tomavistasfestival.com\/entradas\/\">p\u00e1gina oficial del festival<\/a>.&nbsp;<\/p>\n<p><script async=\"\" src=\"https:\/\/pagead2.googlesyndication.com\/pagead\/js\/adsbygoogle.js\"><\/script> <ins class=\"adsbygoogle\" style=\"display: block;\" data-ad-format=\"fluid\" data-ad-layout-key=\"-7f+eo+1+2-5\" data-ad-client=\"ca-pub-7450064428034605\" data-ad-slot=\"7327027071\"><\/ins><script>(adsbygoogle = window.adsbygoogle || []).push({});<\/script><\/p>\n\n\n<figure class=\"wp-block-embed-twitter wp-block-embed is-type-rich is-provider-twitter\"><div class=\"wp-block-embed__wrapper\">\n<blockquote class=\"twitter-tweet\" data-width=\"550\" data-dnt=\"true\"><p lang=\"es\" dir=\"ltr\">\u00a1Hola, <a href=\"https:\/\/twitter.com\/hashtag\/FamiliaTomavistas?src=hash&amp;ref_src=twsrc%5Etfw\">#FamiliaTomavistas<\/a>!<br><br>Tenemos algo que contaros en relaci\u00f3n a la celebraci\u00f3n de <a href=\"https:\/\/twitter.com\/hashtag\/TomavistasFest20?src=hash&amp;ref_src=twsrc%5Etfw\">#TomavistasFest20<\/a>. Aqu\u00ed os dejamos con un comunicado del equipo del festival: <a href=\"https:\/\/t.co\/U4qQjdPGZx\">pic.twitter.com\/U4qQjdPGZx<\/a><\/p>&mdash; Festival Tomavistas (@TomavistasFest) <a href=\"https:\/\/twitter.com\/TomavistasFest\/status\/1245629373366956035?ref_src=twsrc%5Etfw\">April 2, 2020<\/a><\/blockquote><script async src=\"https:\/\/platform.twitter.com\/widgets.js\" charset=\"utf-8\"><\/script>\n<\/div><\/figure>\n","protected":false},"excerpt":{"rendered":"<p>La reprogramaci\u00f3n del evento y la informaci\u00f3n sobre las devoluciones <\/p>\n","protected":false},"author":10,"featured_media":17626,"comment_status":"open","ping_status":"open","sticky":false,"template":"","format":"standard","meta":{"footnotes":""},"categories":[22,11],"tags":[20],"class_list":{"0":"post-17625","1":"post","2":"type-post","3":"status-publish","4":"format-standard","5":"has-post-thumbnail","7":"category-conciertos-madrid","8":"category-eventos-madrid","9":"tag-arganzuela"},"_links":{"self":[{"href":"https:\/\/www.vidademadrid.com\/es\/wp-json\/wp\/v2\/posts\/17625","targetHints":{"allow":["GET"]}}],"collection":[{"href":"https:\/\/www.vidademadrid.com\/es\/wp-json\/wp\/v2\/posts"}],"about":[{"href":"https:\/\/www.vidademadrid.com\/es\/wp-json\/wp\/v2\/types\/post"}],"author":[{"embeddable":true,"href":"https:\/\/www.vidademadrid.com\/es\/wp-json\/wp\/v2\/users\/10"}],"replies":[{"embeddable":true,"href":"https:\/\/www.vidademadrid.com\/es\/wp-json\/wp\/v2\/comments?post=17625"}],"version-history":[{"count":10,"href":"https:\/\/www.vidademadrid.com\/es\/wp-json\/wp\/v2\/posts\/17625\/revisions"}],"predecessor-version":[{"id":24863,"href":"https:\/\/www.vidademadrid.com\/es\/wp-json\/wp\/v2\/posts\/17625\/revisions\/24863"}],"wp:featuredmedia":[{"embeddable":true,"href":"https:\/\/www.vidademadrid.com\/es\/wp-json\/wp\/v2\/media\/17626"}],"wp:attachment":[{"href":"https:\/\/www.vidademadrid.com\/es\/wp-json\/wp\/v2\/media?parent=17625"}],"wp:term":[{"taxonomy":"category","embeddable":true,"href":"https:\/\/www.vidademadrid.com\/es\/wp-json\/wp\/v2\/categories?post=17625"},{"taxonomy":"post_tag","embeddable":true,"href":"https:\/\/www.vidademadrid.com\/es\/wp-json\/wp\/v2\/tags?post=17625"}],"curies":[{"name":"wp","href":"https:\/\/api.w.org\/{rel}","templated":true}]}}