{"id":17474,"date":"2020-03-30T12:53:34","date_gmt":"2020-03-30T10:53:34","guid":{"rendered":"http:\/\/www.vidademadrid.com\/es\/?p=17474"},"modified":"2020-03-30T12:53:34","modified_gmt":"2020-03-30T10:53:34","slug":"coronavirus-luto-madrid-videos","status":"publish","type":"post","link":"https:\/\/www.vidademadrid.com\/es\/17474\/coronavirus-luto-madrid-videos\/","title":{"rendered":"V\u00eddeos: La Comunidad de Madrid decreta el luto oficial por los fallecidos por coronavirus"},"content":{"rendered":"<p>La <strong>Comunidad de Madrid<\/strong> ha decretado el <strong>luto oficial<\/strong> en se\u00f1al de condolencias y en memoria de los fallecidos por el <a href=\"http:\/\/www.vidademadrid.com\/es\/tag\/coronavirus\/\"><strong>coronavirus<\/strong><\/a>. El luto comienza este lunes 30 de marzo y se prolonga hasta nueva orden, seg\u00fan la presidenta de la Comunidad, <strong>Isabel D\u00edaz Ayuso<\/strong>. Sigue leyendo para saber m\u00e1s sobre el luto oficial por los fallecidos por coronavirus en Madrid.<\/p>\n<p><script async=\"\" src=\"\/\/pagead2.googlesyndication.com\/pagead\/js\/adsbygoogle.js\"><\/script> <!-- Vida 1 --> <ins class=\"adsbygoogle\" style=\"display: block;\" data-ad-client=\"ca-pub-7450064428034605\" data-ad-slot=\"2284573579\" data-ad-format=\"auto\"><\/ins> <script> (adsbygoogle = window.adsbygoogle || []).push({}); <\/script><\/p>\n<h2><strong>V\u00eddeos: La Comunidad de Madrid decreta el luto oficial por los fallecidos por coronavirus<\/strong><\/h2>\n<p><script async=\"\" src=\"\/\/pagead2.googlesyndication.com\/pagead\/js\/adsbygoogle.js\"><\/script> <!-- Vida 2 --> <ins class=\"adsbygoogle\" style=\"display: inline-block; width: 336px; height: 280px;\" data-ad-client=\"ca-pub-7450064428034605\" data-ad-slot=\"9336835571\"><\/ins> <script> (adsbygoogle = window.adsbygoogle || []).push({}); <\/script>Adem\u00e1s del luto oficial, el Gobierno regional establece que la bandera de la <strong>Comunidad de Madrid<\/strong> ondee \u00aba media asta en los edificios p\u00fablicos donde su uso sea obligatorio hasta nueva disposici\u00f3n\u00bb, y solicita guardar un minuto de silencio, cada d\u00eda a las 12 horas. Desde la <strong>Puerta del Sol<\/strong>, sede del Ejecutivo auton\u00f3mico, sonar\u00e1 todos los d\u00edas al mediod\u00eda un fragmento de <strong>&#8216;Adagio for Strings&#8217;<\/strong>, de <strong>Samuel Barber<\/strong>.<\/p>\n<p>As\u00ed ha sido el minuto de silencio en la sede de la <strong>Comunidad de Madrid<\/strong> por los fallecidos por el <strong>covid-19<\/strong>:<\/p>\n<blockquote class=\"twitter-tweet\">\n<p dir=\"ltr\" lang=\"es\">? Minuto de silencio en la sede de la Comunidad de Madrid, en honor a las personas fallecidas con coronavirus.<\/p>\n<p>\u25aa A partir de hoy, las banderas ondean a media asta tras el luto decretado por el Gobierno regional.<\/p>\n<p>\u27a1 <a href=\"https:\/\/t.co\/Ot9uArWmno\">https:\/\/t.co\/Ot9uArWmno<\/a> <a href=\"https:\/\/twitter.com\/hashtag\/COVID_19?src=hash&amp;ref_src=twsrc%5Etfw\">#COVID_19<\/a> <a href=\"https:\/\/t.co\/J3Vq5DUAgN\">pic.twitter.com\/J3Vq5DUAgN<\/a><\/p>\n<p>\u2014 24h (@24h_tve) <a href=\"https:\/\/twitter.com\/24h_tve\/status\/1244567206811353090?ref_src=twsrc%5Etfw\">March 30, 2020<\/a><\/p><\/blockquote>\n<p><script async=\"\" src=\"https:\/\/platform.twitter.com\/widgets.js\" charset=\"utf-8\"><\/script><\/p>\n<blockquote class=\"twitter-tweet\">\n<p dir=\"ltr\" lang=\"en\">A minute of silence has been held at Madrid&#8217;s Puerta Del Sol in memory of those who have died of <a href=\"https:\/\/twitter.com\/hashtag\/coronavirus?src=hash&amp;ref_src=twsrc%5Etfw\">#coronavirus<\/a> in Spain.<\/p>\n<p>Spain has become the third country to confirm more cases of <a href=\"https:\/\/twitter.com\/hashtag\/COVID19?src=hash&amp;ref_src=twsrc%5Etfw\">#COVID19<\/a> than China &#8211; more here: <a href=\"https:\/\/t.co\/DflOY1FjPo\">https:\/\/t.co\/DflOY1FjPo<\/a> <a href=\"https:\/\/t.co\/LgdoSvHW8o\">pic.twitter.com\/LgdoSvHW8o<\/a><\/p>\n<p>\u2014 Sky News (@SkyNews) <a href=\"https:\/\/twitter.com\/SkyNews\/status\/1244569095183503362?ref_src=twsrc%5Etfw\">March 30, 2020<\/a><\/p><\/blockquote>\n<p><script async=\"\" src=\"https:\/\/platform.twitter.com\/widgets.js\" charset=\"utf-8\"><\/script><\/p>\n<p><script async=\"\" src=\"\/\/pagead2.googlesyndication.com\/pagead\/js\/adsbygoogle.js\"><\/script> <!-- Vida vertical --> <ins class=\"adsbygoogle\" style=\"display: inline-block; width: 300px; height: 600px;\" data-ad-client=\"ca-pub-7450064428034605\" data-ad-slot=\"7296098777\"><\/ins> <script> (adsbygoogle = window.adsbygoogle || []).push({}); <\/script><\/p>\n<p>Tambi\u00e9n en <strong>IFEMA<\/strong>, la <strong>Brigada Paracaidista &#8216;Almog\u00e1vares&#8217;<\/strong> arr\u00edan la Bandera a media asta en se\u00f1al de luto por los fallecidos por el <strong>coronavirus<\/strong>:<\/p>\n<blockquote class=\"twitter-tweet\">\n<p dir=\"ltr\" lang=\"es\">En <a href=\"https:\/\/twitter.com\/hashtag\/IFEMA?src=hash&amp;ref_src=twsrc%5Etfw\">#IFEMA<\/a> <a href=\"https:\/\/twitter.com\/feriademadrid?ref_src=twsrc%5Etfw\">@feriademadrid<\/a> <a href=\"https:\/\/twitter.com\/hashtag\/paracaidistas?src=hash&amp;ref_src=twsrc%5Etfw\">#paracaidistas<\/a> de la Brigada &#8216;Almog\u00e1vares&#8217; arr\u00edan la Bandera a media asta en se\u00f1al de luto por los fallecidos <a href=\"https:\/\/twitter.com\/hashtag\/Covid_19?src=hash&amp;ref_src=twsrc%5Etfw\">#Covid_19<\/a> . Nuestro recuerdo para ellos y apoyo para sus familias en estos duros momentos DEP. <a href=\"https:\/\/twitter.com\/hashtag\/EsteVirusLoParamosUnidos?src=hash&amp;ref_src=twsrc%5Etfw\">#EsteVirusLoParamosUnidos<\/a> ?? <a href=\"https:\/\/twitter.com\/hashtag\/SomosTuEj%C3%A9rcito?src=hash&amp;ref_src=twsrc%5Etfw\">#SomosTuEj\u00e9rcito<\/a> <a href=\"https:\/\/t.co\/aq1Kwvfxzx\">pic.twitter.com\/aq1Kwvfxzx<\/a><\/p>\n<p>\u2014 Ej\u00e9rcito de Tierra (@EjercitoTierra) <a href=\"https:\/\/twitter.com\/EjercitoTierra\/status\/1244565279884988416?ref_src=twsrc%5Etfw\">March 30, 2020<\/a><\/p><\/blockquote>\n<p><script async=\"\" src=\"https:\/\/platform.twitter.com\/widgets.js\" charset=\"utf-8\"><\/script><\/p>\n<p>Sigue leyendo toda la informaci\u00f3n sobre el <a href=\"http:\/\/www.vidademadrid.com\/es\/actualidad-noticias-madrid\/\"><strong>coronavirus<\/strong><\/a> en <a href=\"http:\/\/www.vidademadrid.com\/es\/\"><strong>Vida de Madrid<\/strong>.<\/a><\/p>\n","protected":false},"excerpt":{"rendered":"<p>El Gobierno de la Comunidad de Madrid solicita guardar un minuto de silencio, cada d\u00eda a las 12 horas<\/p>\n","protected":false},"author":9,"featured_media":17480,"comment_status":"open","ping_status":"open","sticky":false,"template":"","format":"standard","meta":{"footnotes":""},"categories":[12],"tags":[54],"class_list":{"0":"post-17474","1":"post","2":"type-post","3":"status-publish","4":"format-standard","5":"has-post-thumbnail","7":"category-actualidad-noticias-madrid","8":"tag-coronavirus"},"_links":{"self":[{"href":"https:\/\/www.vidademadrid.com\/es\/wp-json\/wp\/v2\/posts\/17474","targetHints":{"allow":["GET"]}}],"collection":[{"href":"https:\/\/www.vidademadrid.com\/es\/wp-json\/wp\/v2\/posts"}],"about":[{"href":"https:\/\/www.vidademadrid.com\/es\/wp-json\/wp\/v2\/types\/post"}],"author":[{"embeddable":true,"href":"https:\/\/www.vidademadrid.com\/es\/wp-json\/wp\/v2\/users\/9"}],"replies":[{"embeddable":true,"href":"https:\/\/www.vidademadrid.com\/es\/wp-json\/wp\/v2\/comments?post=17474"}],"version-history":[{"count":4,"href":"https:\/\/www.vidademadrid.com\/es\/wp-json\/wp\/v2\/posts\/17474\/revisions"}],"predecessor-version":[{"id":17484,"href":"https:\/\/www.vidademadrid.com\/es\/wp-json\/wp\/v2\/posts\/17474\/revisions\/17484"}],"wp:featuredmedia":[{"embeddable":true,"href":"https:\/\/www.vidademadrid.com\/es\/wp-json\/wp\/v2\/media\/17480"}],"wp:attachment":[{"href":"https:\/\/www.vidademadrid.com\/es\/wp-json\/wp\/v2\/media?parent=17474"}],"wp:term":[{"taxonomy":"category","embeddable":true,"href":"https:\/\/www.vidademadrid.com\/es\/wp-json\/wp\/v2\/categories?post=17474"},{"taxonomy":"post_tag","embeddable":true,"href":"https:\/\/www.vidademadrid.com\/es\/wp-json\/wp\/v2\/tags?post=17474"}],"curies":[{"name":"wp","href":"https:\/\/api.w.org\/{rel}","templated":true}]}}