{"id":1741,"date":"2016-01-22T16:56:36","date_gmt":"2016-01-22T15:56:36","guid":{"rendered":"http:\/\/www.vidademadrid.com\/es\/?p=1741"},"modified":"2020-05-08T13:47:14","modified_gmt":"2020-05-08T11:47:14","slug":"expediente-x-en-la-gran-via-de-madrid-ovni","status":"publish","type":"post","link":"https:\/\/www.vidademadrid.com\/es\/1741\/expediente-x-en-la-gran-via-de-madrid-ovni\/","title":{"rendered":"Expediente X en la Gran V\u00eda de Madrid: el ovni hasta el 26 de enero &#8211; fotos"},"content":{"rendered":"<p>[sg_popup id=\u00bb1&#8243;][\/sg_popup]Ha llegado un ovni en la Gran V\u00eda de Madrid: es la grande instalaci\u00f3n para presentar la nueva serie de <strong>Expediente X &#8211; The X Files<\/strong> &#8211; con estreno el pr\u00f3ximo martes 26 de enero en Fox.<\/p>\n<p>Donde est\u00e1 el ovni? En <strong>Gran V\u00eda con calle Montera<\/strong>, justo al lado del Metro Gran V\u00eda, en la misma ubicaci\u00f3n del \u00e1rbol de Navidad. All\u00ed estar\u00e1 el unico ovni (no son muchos como pas\u00f3 con <a href=\"http:\/\/www.vidademadrid.com\/es\/665\/star-wars-en-madrid-facetheforce-noviembre-2015\/\">los cascos de Star Wars<\/a>).<\/p>\n<p>El ovni, que mide <strong>7 metros de di\u00e1metro y pesa 400 kilos<\/strong>, estar\u00e1 en Madrid hasta el martes 26 de enero, mismo d\u00eda del estreno en la tele. \u00bfListos para haceros selfies con el ovni?<\/p>\n<h2>Las fotos del ovni en la Gran V\u00eda de Madrid en las redes: s\u00edgueme para leer m\u00e1s!<\/h2>\n<p><script async src=\"\/\/pagead2.googlesyndication.com\/pagead\/js\/adsbygoogle.js\"><\/script> <!-- Vida 1 --> <ins class=\"adsbygoogle\" style=\"display:block\" data-ad-client=\"ca-pub-7450064428034605\" data-ad-slot=\"2284573579\" data-ad-format=\"auto\"><\/ins> <script> (adsbygoogle = window.adsbygoogle || []).push({}); <\/script> <\/p>\n<div class=\"fb-post\" data-href=\"https:\/\/www.facebook.com\/vidademadrid\/photos\/a.581507275330594.1073741829.569422873205701\/615916511889670\/?type=3\" data-width=\"500\">\n<div class=\"fb-xfbml-parse-ignore\">\n<blockquote cite=\"https:\/\/www.facebook.com\/vidademadrid\/photos\/a.581507275330594.1073741829.569422873205701\/615916511889670\/?type=3\"><p>Posted by <a href=\"https:\/\/www.facebook.com\/vidademadrid\/\">Vida de Madrid<\/a> on&nbsp;<a href=\"https:\/\/www.facebook.com\/vidademadrid\/photos\/a.581507275330594.1073741829.569422873205701\/615916511889670\/?type=3\">Friday, 22 January 2016<\/a><\/p><\/blockquote>\n<\/div>\n<\/div>\n<blockquote class=\"instagram-media\" data-instgrm-captioned data-instgrm-version=\"6\" style=\" background:#FFF; border:0; border-radius:3px; box-shadow:0 0 1px 0 rgba(0,0,0,0.5),0 1px 10px 0 rgba(0,0,0,0.15); margin: 1px; max-width:658px; padding:0; width:99.375%; width:-webkit-calc(100% - 2px); width:calc(100% - 2px);\">\n<div style=\"padding:8px;\">\n<div style=\" background:#F8F8F8; line-height:0; margin-top:40px; padding:50.0% 0; text-align:center; width:100%;\">\n<div style=\" background:url(data:image\/png;base64,iVBORw0KGgoAAAANSUhEUgAAACwAAAAsCAMAAAApWqozAAAAGFBMVEUiIiI9PT0eHh4gIB4hIBkcHBwcHBwcHBydr+JQAAAACHRSTlMABA4YHyQsM5jtaMwAAADfSURBVDjL7ZVBEgMhCAQBAf\/\/42xcNbpAqakcM0ftUmFAAIBE81IqBJdS3lS6zs3bIpB9WED3YYXFPmHRfT8sgyrCP1x8uEUxLMzNWElFOYCV6mHWWwMzdPEKHlhLw7NWJqkHc4uIZphavDzA2JPzUDsBZziNae2S6owH8xPmX8G7zzgKEOPUoYHvGz1TBCxMkd3kwNVbU0gKHkx+iZILf77IofhrY1nYFnB\/lQPb79drWOyJVa\/DAvg9B\/rLB4cC+Nqgdz\/TvBbBnr6GBReqn\/nRmDgaQEej7WhonozjF+Y2I\/fZou\/qAAAAAElFTkSuQmCC); display:block; height:44px; margin:0 auto -44px; position:relative; top:-22px; width:44px;\"><\/div>\n<\/div>\n<p style=\" margin:8px 0 0 0; padding:0 4px;\"> <a href=\"https:\/\/www.instagram.com\/p\/BA1-zRpL_C0\/\" style=\" color:#000; font-family:Arial,sans-serif; font-size:14px; font-style:normal; font-weight:normal; line-height:17px; text-decoration:none; word-wrap:break-word;\" target=\"_blank\" rel=\"noopener noreferrer\">Hoy: \u00a1The X Files en Gran V\u00eda! #madrid #espa\u00f1a #spagna #instamadrid #instapic #madridgram #igersmadrid #igersespa\u00f1a #madridmemola #cool #spain #architecture #architecturelovers #architectureporn #xfiles #thexfiles #expedientex #fox #thexfilesonfox #ufo #extraterrestrial #ovni #ufos #extraterrestre #granvia #granv\u00eda #oggettovolantenonidentificato<\/a><\/p>\n<p style=\" color:#c9c8cd; font-family:Arial,sans-serif; font-size:14px; line-height:17px; margin-bottom:0; margin-top:8px; overflow:hidden; padding:8px 0 7px; text-align:center; text-overflow:ellipsis; white-space:nowrap;\">Una foto pubblicata da Vida de Madrid (@vidademadrid) in data: <time style=\" font-family:Arial,sans-serif; font-size:14px; line-height:17px;\" datetime=\"2016-01-22T13:44:45+00:00\">22 Gen 2016 alle ore 05:44 PST<\/time><\/p>\n<\/div>\n<\/blockquote>\n<p><script async defer src=\"\/\/platform.instagram.com\/en_US\/embeds.js\"><\/script><\/p>\n<blockquote class=\"twitter-tweet\" lang=\"es\">\n<p lang=\"es\" dir=\"ltr\">Las fotos del d\u00eda: <a href=\"https:\/\/twitter.com\/hashtag\/ExpedienteX?src=hash\">#ExpedienteX<\/a> en la Gran V\u00eda de <a href=\"https:\/\/twitter.com\/hashtag\/Madrid?src=hash\">#Madrid<\/a>! <a href=\"https:\/\/twitter.com\/foxtves\">@foxtves<\/a> <a href=\"https:\/\/twitter.com\/hashtag\/xfiles?src=hash\">#xfiles<\/a> <a href=\"https:\/\/twitter.com\/hashtag\/thexfiles?src=hash\">#thexfiles<\/a> <a href=\"https:\/\/twitter.com\/hashtag\/TheTruthIsOutThere?src=hash\">#TheTruthIsOutThere<\/a> <a href=\"https:\/\/t.co\/PUhXpB5nHP\">pic.twitter.com\/PUhXpB5nHP<\/a><\/p>\n<p>&mdash; Vida de Madrid (@VidaDeMadrid) <a href=\"https:\/\/twitter.com\/VidaDeMadrid\/status\/690537593923096576\">enero 22, 2016<\/a><\/p><\/blockquote>\n<p><script async src=\"\/\/platform.twitter.com\/widgets.js\" charset=\"utf-8\"><\/script><\/p>\n","protected":false},"excerpt":{"rendered":"<p>S\u00ed, ahora la Gran V\u00eda tiene tambi\u00e9n su ovni<\/p>\n","protected":false},"author":1,"featured_media":1742,"comment_status":"open","ping_status":"open","sticky":false,"template":"","format":"standard","meta":{"footnotes":""},"categories":[11,5],"tags":[8,92],"class_list":{"0":"post-1741","1":"post","2":"type-post","3":"status-publish","4":"format-standard","5":"has-post-thumbnail","7":"category-eventos-madrid","8":"category-vida-madrilena","9":"tag-centro-de-madrid","10":"tag-gran-via"},"_links":{"self":[{"href":"https:\/\/www.vidademadrid.com\/es\/wp-json\/wp\/v2\/posts\/1741","targetHints":{"allow":["GET"]}}],"collection":[{"href":"https:\/\/www.vidademadrid.com\/es\/wp-json\/wp\/v2\/posts"}],"about":[{"href":"https:\/\/www.vidademadrid.com\/es\/wp-json\/wp\/v2\/types\/post"}],"author":[{"embeddable":true,"href":"https:\/\/www.vidademadrid.com\/es\/wp-json\/wp\/v2\/users\/1"}],"replies":[{"embeddable":true,"href":"https:\/\/www.vidademadrid.com\/es\/wp-json\/wp\/v2\/comments?post=1741"}],"version-history":[{"count":5,"href":"https:\/\/www.vidademadrid.com\/es\/wp-json\/wp\/v2\/posts\/1741\/revisions"}],"predecessor-version":[{"id":15484,"href":"https:\/\/www.vidademadrid.com\/es\/wp-json\/wp\/v2\/posts\/1741\/revisions\/15484"}],"wp:featuredmedia":[{"embeddable":true,"href":"https:\/\/www.vidademadrid.com\/es\/wp-json\/wp\/v2\/media\/1742"}],"wp:attachment":[{"href":"https:\/\/www.vidademadrid.com\/es\/wp-json\/wp\/v2\/media?parent=1741"}],"wp:term":[{"taxonomy":"category","embeddable":true,"href":"https:\/\/www.vidademadrid.com\/es\/wp-json\/wp\/v2\/categories?post=1741"},{"taxonomy":"post_tag","embeddable":true,"href":"https:\/\/www.vidademadrid.com\/es\/wp-json\/wp\/v2\/tags?post=1741"}],"curies":[{"name":"wp","href":"https:\/\/api.w.org\/{rel}","templated":true}]}}