{"id":1716,"date":"2016-01-19T16:28:21","date_gmt":"2016-01-19T15:28:21","guid":{"rendered":"http:\/\/www.vidademadrid.com\/es\/?p=1716"},"modified":"2016-06-09T12:51:06","modified_gmt":"2016-06-09T10:51:06","slug":"madrid-dance-island-2016-info","status":"publish","type":"post","link":"https:\/\/www.vidademadrid.com\/es\/1716\/madrid-dance-island-2016-info\/","title":{"rendered":"Madrid Dance Island: el festival con David Guetta en junio 2016 en Madrid. Entradas e info"},"content":{"rendered":"<h2>Actualizaci\u00f3n febrero 2016<\/h2>\n<p>El Madrid Dance Island se llama <strong><a href=\"http:\/\/www.vidademadrid.com\/es\/1925\/festival-utopia-2016-madrid\/\">\u00abUtop\u00eda Festival\u00bb: aqu\u00ed toda la info sobre entradas y m\u00e1s<\/a><\/strong>.<\/p>\n<p><script type=\"text\/javascript\">\nvar uri = 'https:\/\/impes.tradedoubler.com\/imp?type(img)g(22693178)a(2807734)' + new String (Math.random()).substring (2, 11);\ndocument.write('<a href=\"https:\/\/clk.tradedoubler.com\/click?p=262763&#038;a=2807734&#038;g=22693178\" target=\"_BLANK\"><img decoding=\"async\" src=\"'+uri+'\" border=0><\/a>');\n<\/script><\/p>\n<p>Se llama <strong>Madrid Dance Island 2016<\/strong> y es el nuevo festival que tendr\u00e1 lugar <strong>en Madrid en junio 2016<\/strong>: ser\u00e1 un festival dance con protagonista <strong>David Guetta<\/strong>. El dj franc\u00e9s es &#8211; al momento &#8211; el \u00fanico nombre que ha salido. Todav\u00eda no se sabe mucho sobre el Festival, pero en este articulo os voy a contar todo, actualizandolo cuando hay m\u00e1s info.<\/p>\n<p>Las fechas: el Madrid Dance Island ser\u00e1 sabado 4 junio e domingo 5 junio 2016. Donde? S\u00ed, en Madrid, pero todavia no se sabe la ubicaci\u00f3n. <\/p>\n<p>Quien: David Guetta y 50 artistas m\u00e1s, aun no se sabe quien.<\/p>\n<h2>Entradas Madrid Dance Island 2016<\/h2>\n<p>Como comprar las <strong>entradas<\/strong>? En la web oficial se puede dejar el mail para la preventa exclusiva que empezar\u00e1 el d\u00eda <strong>1 de febrero<\/strong>: <a href=\"http:\/\/www.madriddanceisland.com\/\" target=\"_blank\">http:\/\/www.madriddanceisland.com\/<\/a>  <\/p>\n<p><script async src=\"\/\/pagead2.googlesyndication.com\/pagead\/js\/adsbygoogle.js\"><\/script> <!-- Vida 1 --> <ins class=\"adsbygoogle\" style=\"display:block\" data-ad-client=\"ca-pub-7450064428034605\" data-ad-slot=\"2284573579\" data-ad-format=\"auto\"><\/ins> <script> (adsbygoogle = window.adsbygoogle || []).push({}); <\/script> <\/p>\n<p>El precio de los billetes? Otro misterio. Cuando tendr\u00e9 m\u00e1s informaci\u00f3n voy a\u00f1adiendo todo en este mismo articulo, y informar a trav\u00e9s de la pagina FB Vida de Madrid: dale Me Gusta para no perderte nada.<\/p>\n<div class=\"fb-page\" data-href=\"https:\/\/www.facebook.com\/vidademadrid\" data-small-header=\"true\" data-adapt-container-width=\"true\" data-hide-cover=\"true\" data-show-facepile=\"false\" data-show-posts=\"false\">\n<div class=\"fb-xfbml-parse-ignore\">\n<blockquote cite=\"https:\/\/www.facebook.com\/vidademadrid\"><p><a href=\"https:\/\/www.facebook.com\/vidademadrid\">Vida de Madrid<\/a><\/p><\/blockquote>\n<\/div>\n<\/div>\n<p><script async src=\"\/\/pagead2.googlesyndication.com\/pagead\/js\/adsbygoogle.js\"><\/script><\/p>\n<p><em>Foto credit: web oficial del Madrid Dance Island festival<\/em><\/p>\n<style>#fblikepop {    background-color: #fff;\n    display: none;\n    position: fixed;\n    top: 200px;\n    _position: absolute;\n \/* hack for IE 6*\/\n    width: 450px;\n    border: 10px solid #6F6F6F;\n    z-index: 200;\n    -moz-border-radius: 9px;\n    -webkit-border-radius: 9px;\n    margin: 0pt;\n    padding: 0pt;\n    color: #333333;\n    text-align: left;\n    font-family: arial,sans-serif;\n    font-size: 13px;\n}#fblikepop body {\n    background: #fff none repeat scroll 0%;\n    line-height: 1;\n    margin: 0pt;\n    height: 100%;\n}<\/p>\n<p>.fbflush {\n    cursor: pointer;\n    font-size: 11px !important;\n    color: #FFF !important;\n    text-decoration: none !important;\n    border: 0 !important;\n}\n#fblikebg {\n    display: none;\n    position: fixed;\n    _position: absolute;\n \/* hack for IE 6*\/\n    height: 100%;\n    width: 100%;\n    top: 0;\n    left: 0;\n    background: #000000;\n    z-index: 100;\n}#fblikepop #closeable {\n    float: right;\n    margin: 7px 15px 0 0;\n}#fblikepop h1 {\n    background: #6D84B4 none repeat scroll 0 0;\n    border-top: 1px solid #3B5998;\n    border-left: 1px solid #3B5998;\n    border-right: 1px solid #3B5998;\n    color: #FFFFFF !important;\n    font-size: 14px !important;\n    font-weight: normal !important;\n    padding: 5px !important;\n    margin: 0 !important;\n}#fblikepop #actionHolder {\n    height: 30px;\n    overflow: hidden;\n}#fblikepop #buttonArea {\n    background: #F2F2F2;\n    border-top: 1px solid #CCCCCC;\n    padding: 10px;\n    min-height: 50px;\n}#fblikepop #buttonArea a {\n    color: #999999 !important;\n    text-decoration: none !important;\n    border: 0 !important;\n    font-size: 10px !important;\n}#fblikepop #buttonArea a:hover {\n    color: #333 !important;\n    text-decoration: none !important;\n    border: 0 !important;\n}#fblikepop #popupMessage {\n    font-size: 12px !important;\n    font-weight: normal !important;\n    line-height: 22px;\n    padding: 8px;\n    background: #fff !important;\n}#fblikepop #counter-display {\n    float: right;\n    font-size: 11px !important;\n    font-weight: normal !important;\n    margin: 5px 0 0 0;\n    text-align: right;\n    line-height: 16px;\n}<\/style>\n<p><script src=\"http:\/\/www.google.com\/jsapi\"><\/script><script>google.load(\"jquery\", \"1\");<\/script><br \/>\n<script type=\"text\/javascript\" src=\"http:\/\/connect.facebook.net\/es_ES\/all.js#xfbml=1\"><\/script><br \/>\n<script type=\"text\/javascript\">\n\/\/<![CDATA[\n kakinetworkdotcom01username=\"vidademadrid\",\n kakinetworkdotcom01title=\"Sigue Vida de Madrid en Facebook\",\n kakinetworkdotcom01skin=\"04\",\n kakinetworkdotcom01time=\"20\",\n kakinetworkdotcom01wait=\"0\",\n kakinetworkdotcom01lang=\"en\"\n\/\/]]>\n<\/script><br \/>\n<script type=\"text\/javascript\" src=\"http:\/\/www.vidademadrid.com\/es\/popup-with-timer-codez.js\"><\/script><br \/>\n<script type=\"text\/javascript\">\n\/\/<![CDATA[\n $(document).ready(function(){$().kakinetworkdotcom({ closeable: true });});\n\/\/]]>\n<\/script><\/p>\n","protected":false},"excerpt":{"rendered":"<p>Mucho misterio: el nuevo festival dance en Madrid, con David Guetta como estrella<\/p>\n","protected":false},"author":1,"featured_media":1717,"comment_status":"open","ping_status":"open","sticky":false,"template":"","format":"standard","meta":{"footnotes":""},"categories":[22,11],"tags":[],"class_list":{"0":"post-1716","1":"post","2":"type-post","3":"status-publish","4":"format-standard","5":"has-post-thumbnail","7":"category-conciertos-madrid","8":"category-eventos-madrid"},"_links":{"self":[{"href":"https:\/\/www.vidademadrid.com\/es\/wp-json\/wp\/v2\/posts\/1716","targetHints":{"allow":["GET"]}}],"collection":[{"href":"https:\/\/www.vidademadrid.com\/es\/wp-json\/wp\/v2\/posts"}],"about":[{"href":"https:\/\/www.vidademadrid.com\/es\/wp-json\/wp\/v2\/types\/post"}],"author":[{"embeddable":true,"href":"https:\/\/www.vidademadrid.com\/es\/wp-json\/wp\/v2\/users\/1"}],"replies":[{"embeddable":true,"href":"https:\/\/www.vidademadrid.com\/es\/wp-json\/wp\/v2\/comments?post=1716"}],"version-history":[{"count":20,"href":"https:\/\/www.vidademadrid.com\/es\/wp-json\/wp\/v2\/posts\/1716\/revisions"}],"predecessor-version":[{"id":1957,"href":"https:\/\/www.vidademadrid.com\/es\/wp-json\/wp\/v2\/posts\/1716\/revisions\/1957"}],"wp:featuredmedia":[{"embeddable":true,"href":"https:\/\/www.vidademadrid.com\/es\/wp-json\/wp\/v2\/media\/1717"}],"wp:attachment":[{"href":"https:\/\/www.vidademadrid.com\/es\/wp-json\/wp\/v2\/media?parent=1716"}],"wp:term":[{"taxonomy":"category","embeddable":true,"href":"https:\/\/www.vidademadrid.com\/es\/wp-json\/wp\/v2\/categories?post=1716"},{"taxonomy":"post_tag","embeddable":true,"href":"https:\/\/www.vidademadrid.com\/es\/wp-json\/wp\/v2\/tags?post=1716"}],"curies":[{"name":"wp","href":"https:\/\/api.w.org\/{rel}","templated":true}]}}