{"id":16910,"date":"2020-03-15T12:48:08","date_gmt":"2020-03-15T11:48:08","guid":{"rendered":"http:\/\/www.vidademadrid.com\/es\/?p=16910"},"modified":"2020-03-19T10:34:41","modified_gmt":"2020-03-19T09:34:41","slug":"boe-real-decreto-estado-de-alarma-2020-coronavirus","status":"publish","type":"post","link":"https:\/\/www.vidademadrid.com\/es\/16910\/boe-real-decreto-estado-de-alarma-2020-coronavirus\/","title":{"rendered":"BOE: el Real Decreto por el Estado de alarma 2020"},"content":{"rendered":"<h2>Actualizaci\u00f3n 18 de marzo:<\/h2>\n<p>En el BOE 73 del 18 de marzo se han publicado algunas modificas en el decreto, que indicamos a continuaci\u00f3n.<\/p>\n\n\n<blockquote class=\"wp-block-quote is-layout-flow wp-block-quote-is-layout-flow\"><p>I. DISPOSICIONES GENERALES<br> MINISTERIO DE LA PRESIDENCIA,<br> RELACIONES CON LAS CORTES Y MEMORIA DEMOCR\u00c1TICA<br> 3828 Real Decreto 465\/2020, de 17 de marzo, por el que se modifica el Real<br> Decreto 463\/2020, de 14 de marzo, por el que se declara el estado de alarma<br> para la gesti\u00f3n de la situaci\u00f3n de crisis sanitaria ocasionada por el COVID-19.<\/p><p><br> Al amparo de la previsi\u00f3n contenida en la disposici\u00f3n final segunda del Real<br> Decreto 463\/2020, de 14 de marzo, por el que se declara el estado de alarma para la<br> gesti\u00f3n de la situaci\u00f3n de crisis sanitaria ocasionada por el COVID-19, resulta necesario<br> introducir modificaciones orientadas a reforzar la protecci\u00f3n de la salud p\u00fablica y<br> asegurar el funcionamiento de servicios p\u00fablicos esenciales.<br> En su virtud, a propuesta de la Vicepresidenta Primera del Gobierno y Ministra de la<br> Presidencia, Relaciones con las Cortes y Memoria Democr\u00e1tica y de los Ministros de<br> Sanidad y de Transportes, Movilidad y Agenda Urbana, y previa deliberaci\u00f3n del Consejo<br> de Ministros en su reuni\u00f3n del d\u00eda 17 de marzo de 2020,<br> DISPONGO:<br> <strong>Art\u00edculo \u00fanico. Modificaci\u00f3n del Real Decreto 463\/2020, de 14 de marzo, por el que se<br> declara el estado de alarma para la gesti\u00f3n de la situaci\u00f3n de crisis sanitaria<br> ocasionada por el COVID-19.<\/strong><br> El Real Decreto 463\/2020, de 14 de marzo, por el que se declara el estado de alarma<br> para la gesti\u00f3n de la situaci\u00f3n de crisis sanitaria ocasionada por el COVID-19, queda<br> redactado en los siguientes t\u00e9rminos:<\/p><p><br> <strong>Uno. Se modifican el primer inciso y la letra h) del art\u00edculo 7.1, con la redacci\u00f3n<br> siguiente:<\/strong><br> \u00ab1. Durante la vigencia del estado de alarma las personas \u00fanicamente<br> podr\u00e1n circular por las v\u00edas o espacios de uso p\u00fablico para la realizaci\u00f3n de las<br> siguientes actividades, que deber\u00e1n realizarse individualmente, salvo que se<br> acompa\u00f1e a personas con discapacidad, menores, mayores, o por otra causa<br> justificada\u00bb.<br> \u00abh) Cualquier otra actividad de an\u00e1loga naturaleza.\u00bb<\/p><p><br><strong> Dos. Se modifica el t\u00edtulo y el apartado 1 del art\u00edculo 10, y se introduce un nuevo<br> apartado 6, con la redacci\u00f3n siguiente:<\/strong><br> \u00abArt\u00edculo 10. Medidas de contenci\u00f3n en el \u00e1mbito de la actividad comercial,<br> equipamientos culturales, establecimientos y actividades recreativas,<br> actividades de hosteler\u00eda y restauraci\u00f3n, y otras adicionales.\u00bb.<br> \u00ab1. Se suspende la apertura al p\u00fablico de los locales y establecimientos<br> minoristas, a excepci\u00f3n de los establecimientos comerciales minoristas de<br> alimentaci\u00f3n, bebidas, productos y bienes de primera necesidad, establecimientos<br> farmac\u00e9uticos, sanitarios, centros o cl\u00ednicas veterinarias, \u00f3pticas y productos<br> ortop\u00e9dicos, productos higi\u00e9nicos, prensa y papeler\u00eda, combustible para la<br> automoci\u00f3n, estancos, equipos tecnol\u00f3gicos y de telecomunicaciones, alimentos<br> para animales de compa\u00f1\u00eda, comercio por internet, telef\u00f3nico o correspondencia,<br> tintorer\u00edas, lavander\u00edas y el ejercicio profesional de la actividad de peluquer\u00eda a<br> BOLET\u00cdN OFICIAL DEL ESTADO<br> N\u00fam. 73 Mi\u00e9rcoles 18 de marzo de 2020 Sec. I. P\u00e1g. 25944 cve: BOE-A-2020-3828<br> Verificable en https:\/\/www.boe.es<br> domicilio. En cualquier caso, se suspender\u00e1 la actividad de cualquier<br> establecimiento que, a juicio de la autoridad competente, pueda suponer un riesgo<br> de contagio por las condiciones en las que se est\u00e9 desarrollando.\u00bb<br> \u00ab6. Se habilita al Ministro de Sanidad para modificar, ampliar o restringir las<br> medidas, lugares, establecimientos y actividades enumeradas en los apartados<br> anteriores, por razones justificadas de salud p\u00fablica.\u00bb<\/p><p><br><strong> Tres. Se modifica el apartado 4 del art\u00edculo 14, que queda redactado como sigue:<\/strong><br> \u00ab4. Por resoluci\u00f3n del Ministro de Transportes, Movilidad y Agenda Urbana<br> se establecer\u00e1n las condiciones necesarias para facilitar el transporte de<br> mercanc\u00edas en todo el territorio nacional, con objeto de garantizar el<br> abastecimiento y la entrega de productos adquiridos en el comercio por internet,<br> telef\u00f3nico o correspondencia.\u00bb<\/p><p><br> <strong>Cuatro. Se modifica el apartado 4 y se a\u00f1aden dos nuevos apartados 5 y 6 a la<br> disposici\u00f3n adicional tercera, con la redacci\u00f3n siguiente:<\/strong><br> \u00ab4. Sin perjuicio de lo dispuesto en los apartados anteriores, desde la<br> entrada en vigor del presente real decreto, las entidades del sector p\u00fablico<br> podr\u00e1n acordar motivadamente la continuaci\u00f3n de aquellos procedimientos<br> administrativos que vengan referidos a situaciones estrechamente vinculadas a<br> los hechos justificativos del estado de alarma, o que sean indispensables para<br> la protecci\u00f3n del inter\u00e9s general o para el funcionamiento b\u00e1sico de los<br> servicios.\u00bb<br> \u00ab5. La suspensi\u00f3n de los t\u00e9rminos y la interrupci\u00f3n de los plazos a que se<br> hace referencia en el apartado 1 no ser\u00e1 de aplicaci\u00f3n a los procedimientos<br> administrativos en los \u00e1mbitos de la afiliaci\u00f3n, la liquidaci\u00f3n y la cotizaci\u00f3n de la<br> Seguridad Social.\u00bb<br> \u00ab6. La suspensi\u00f3n de los t\u00e9rminos y la interrupci\u00f3n de los plazos<br> administrativos a que se hace referencia en el apartado 1 no ser\u00e1 de aplicaci\u00f3n a<br> los plazos tributarios, sujetos a normativa especial, ni afectar\u00e1, en particular, a los<br> plazos para la presentaci\u00f3n de declaraciones y autoliquidaciones tributarias.\u00bb<\/p><p><br><strong> Cinco. Se modifica el t\u00edtulo del anexo con la siguiente redacci\u00f3n:<\/strong><br> \u00abANEXO. Relaci\u00f3n de equipamientos y actividades cuya apertura al p\u00fablico<br> queda suspendida con arreglo a lo dispuesto en el art\u00edculo 10.\u00bb<br> Disposici\u00f3n final \u00fanica. Entrada en vigor.<br> El presente real decreto entrar\u00e1 en vigor en el momento de su publicaci\u00f3n en el<br> \u00abBolet\u00edn Oficial del Estado\u00bb.<br> Dado en Madrid, el 17 de marzo de 2020.<br> FELIPE R.<br> La Vicepresidenta Primera del Gobierno y Ministra de la Presidencia,<br> Relaciones con las Cortes y Memoria Democr\u00e1tica,<br> CARMEN CALVO POYATO<\/p><\/blockquote>\n\n\n<h2>15 marzo 2020<\/h2>\n<p>Documento: a continuaci\u00f3n el texto completo, publicado en el BOE, del <strong>Real Decreto 463\/2020<\/strong> del 14 de marzo 2020, con las medidas para gestionar la situaci\u00f3n de crisis del coronavirus. El decreto ha entrado en vigor hoy, domingo 15 de marzo.<\/p>\n<p>El decreto incluye 20 art\u00edculos y las disposiciones adicionales y finales, adem\u00e1s del anexo con los equipamientos y las actividades cuya apertura al p\u00fablico est\u00e1 suspendida.<\/p>\n<p>\u00a0<\/p>\n\n\n<script async=\"\" src=\"\/\/pagead2.googlesyndication.com\/pagead\/js\/adsbygoogle.js\"><\/script> <!-- Vida 1 --> <ins class=\"adsbygoogle\" style=\"display:block\" data-ad-client=\"ca-pub-7450064428034605\" data-ad-slot=\"2284573579\" data-ad-format=\"auto\"><\/ins> <script> (adsbygoogle = window.adsbygoogle || []).push({}); <\/script>\n\n\n\n<figure class=\"wp-block-pullquote\" style=\"border-color:#6e2222\"><blockquote class=\"has-text-color\" style=\"color:#ac6e1e\"><p> <br>La Organizaci\u00f3n Mundial de la Salud elev\u00f3 el pasado&nbsp;11 de marzo de&nbsp;2020 la situaci\u00f3n de emergencia de salud p\u00fablica ocasionada por el COVID-19 a pandemia internacional. La rapidez en la evoluci\u00f3n de los hechos, a escala nacional e internacional, requiere la adopci\u00f3n de medidas inmediatas y eficaces para hacer frente a esta coyuntura. Las circunstancias extraordinarias que concurren constituyen, sin duda, una crisis sanitaria sin precedentes y de enorme magnitud tanto por el muy elevado n\u00famero de ciudadanos afectados como por el extraordinario riesgo para sus derechos.<br>El art\u00edculo cuarto, apartado b), de la Ley Org\u00e1nica&nbsp;4\/1981, de&nbsp;1 de junio, de los estados de alarma, excepci\u00f3n y sitio, habilita al Gobierno para, en el ejercicio de las facultades que le atribuye el art\u00edculo&nbsp;116.2 de la Constituci\u00f3n, declarar el estado de alarma, en todo o parte del territorio nacional, cuando se produzcan crisis sanitarias que supongan alteraciones graves de la normalidad.<br>En este marco, las medidas previstas en la presente norma se encuadran en la acci\u00f3n decidida del Gobierno para proteger la salud y seguridad de los ciudadanos, contener la progresi\u00f3n de la enfermedad y reforzar el sistema de salud p\u00fablica. Las medidas temporales de car\u00e1cter extraordinario que ya se han adoptado por todos los niveles de gobierno deben ahora intensificarse sin demora para prevenir y contener el virus y mitigar el impacto sanitario, social y econ\u00f3mico.<br>Para hacer frente a esta situaci\u00f3n, grave y excepcional, es indispensable proceder a la declaraci\u00f3n del estado de alarma.<br>Las medidas que se contienen en el presente real decreto son las imprescindibles para hacer frente a la situaci\u00f3n, resultan proporcionadas a la extrema gravedad de la misma y no suponen la suspensi\u00f3n de ning\u00fan derecho fundamental, tal y como prev\u00e9 el art\u00edculo&nbsp;55 de la Constituci\u00f3n.<br>En su virtud, a propuesta de la Vicepresidenta Primera del Gobierno y Ministra de la Presidencia, Relaciones con las Cortes y Memoria Democr\u00e1tica, del Ministro de Sanidad, de la Ministra de Defensa, y de los Ministros del Interior, y de Transportes, Movilidad y Agenda Urbana, y previa deliberaci\u00f3n del Consejo de Ministros en su reuni\u00f3n del d\u00eda&nbsp;14 de marzo de&nbsp;2020,<br>DISPONGO:<\/p><p><br><strong>Art\u00edculo&nbsp;1.\u2003Declaraci\u00f3n del estado de alarma.<\/strong><br>Al amparo de lo dispuesto en el art\u00edculo cuarto, apartados b) y d), de la Ley Org\u00e1nica&nbsp;4\/1981, de&nbsp;1 de junio, de los estados de alarma, excepci\u00f3n y sitio, se declara el estado de alarma con el fin de afrontar la situaci\u00f3n de emergencia sanitaria provocada por el coronavirus COVID-19.<\/p><p><br><strong>Art\u00edculo&nbsp;2.\u2003\u00c1mbito territorial.<\/strong><br>La declaraci\u00f3n de estado de alarma afecta a todo el territorio nacional.<\/p><p><br><strong>Art\u00edculo&nbsp;3.\u2003Duraci\u00f3n.<\/strong><br>La duraci\u00f3n del estado de alarma que se declara por el presente real decreto es de quince d\u00edas naturales.<\/p><p><br><strong>Art\u00edculo&nbsp;4.\u2003Autoridad competente.<\/strong><br>1.\u2003A los efectos del estado de alarma, la autoridad competente ser\u00e1 el Gobierno.<br>2.\u2003Para el ejercicio de las funciones a que se hace referencia en este real decreto, bajo la superior direcci\u00f3n del Presidente del Gobierno, ser\u00e1n autoridades competentes delegadas, en sus respectivas \u00e1reas de responsabilidad:<br>a)\u2003La Ministra de Defensa.<br>b)\u2003El Ministro del Interior.<br>c)\u2003El Ministro de Transportes, Movilidad y Agenda Urbana.<br>d)\u2003El Ministro de Sanidad.<br>Asimismo, en las \u00e1reas de responsabilidad que no recaigan en la competencia de alguno de los Ministros indicados en los p\u00e1rrafos a), b) o c), ser\u00e1 autoridad competente delegada el Ministro de Sanidad.<br>3.\u2003Los Ministros designados como autoridades competentes delegadas en este real decreto quedan habilitados para dictar las \u00f3rdenes, resoluciones, disposiciones e instrucciones interpretativas que, en la esfera espec\u00edfica de su actuaci\u00f3n, sean necesarios para garantizar la prestaci\u00f3n de todos los servicios, ordinarios o extraordinarios, en orden a la protecci\u00f3n de personas, bienes y lugares, mediante la adopci\u00f3n de cualquiera de las medidas previstas en el art\u00edculo once de la Ley Org\u00e1nica&nbsp;4\/1981, de&nbsp;1 de junio.<br>Los actos, disposiciones y medidas a que se refiere el p\u00e1rrafo anterior podr\u00e1n adoptarse de oficio o a solicitud motivada de las autoridades auton\u00f3micas y locales competentes, de acuerdo con la legislaci\u00f3n aplicable en cada caso y deber\u00e1n prestar atenci\u00f3n a las personas vulnerables. Para ello, no ser\u00e1 precisa la tramitaci\u00f3n de procedimiento administrativo alguno.<br>4.\u2003Durante la vigencia del estado de alarma queda activado el Comit\u00e9 de Situaci\u00f3n previsto en la disposici\u00f3n adicional primera de la Ley&nbsp;36\/2015, de&nbsp;28 de septiembre, de Seguridad Nacional, como \u00f3rgano de apoyo al Gobierno en su condici\u00f3n de autoridad competente.<\/p><p><br><strong>Art\u00edculo&nbsp;5.\u2003Colaboraci\u00f3n con las autoridades competentes delegadas.<\/strong><br>1.\u2003Los integrantes de las Fuerzas y Cuerpos de Seguridad del Estado, los Cuerpos de Polic\u00eda de las comunidades aut\u00f3nomas y de las corporaciones locales quedar\u00e1n bajo las \u00f3rdenes directas del Ministro del Interior, a los efectos de este real decreto, en cuanto sea necesario para la protecci\u00f3n de personas, bienes y lugares, pudiendo imponerles servicios extraordinarios por su duraci\u00f3n o por su naturaleza.<br>2.\u2003Los agentes de la autoridad podr\u00e1n practicar las comprobaciones en las personas, bienes, veh\u00edculos, locales y establecimientos que sean necesarias para comprobar y, en su caso, impedir que se lleven a cabo los servicios y actividades suspendidas en este real decreto, salvo las expresamente exceptuadas. Para ello, podr\u00e1n dictar las \u00f3rdenes y prohibiciones necesarias y suspender las actividades o servicios que se est\u00e9n llevando a cabo.<br>A tal fin, la ciudadan\u00eda tiene el deber de colaborar y no obstaculizar la labor de los agentes de la autoridad en el ejercicio de sus funciones.<br>3.\u2003En aquellas comunidades aut\u00f3nomas que cuenten con cuerpos policiales propios, las Comisiones de Seguimiento y Coordinaci\u00f3n previstas en las respectivas Juntas de Seguridad establecer\u00e1n los mecanismos necesarios para asegurar lo se\u00f1alado en los dos apartados anteriores.<br>4.\u2003Los servicios de intervenci\u00f3n&nbsp;y asistencia en emergencias de protecci\u00f3n civil definidos en el art\u00edculo&nbsp;17 de la Ley&nbsp;17\/2015, de&nbsp;9 de julio, del Sistema Nacional de Protecci\u00f3n Civil, actuar\u00e1n bajo la dependencia funcional del Ministro del Interior.<br>5.\u2003El Ministro del Interior podr\u00e1 dictar las \u00f3rdenes, resoluciones, disposiciones e instrucciones que considere necesarias a todos los sujetos incluidos en el \u00e1mbito de aplicaci\u00f3n de la Ley&nbsp;5\/2014, de&nbsp;4 de abril, de Seguridad Privada.<br>6.\u2003Para el eficaz cumplimiento de las medidas incluidas en el presente real decreto, las autoridades competentes delegadas podr\u00e1n requerir la actuaci\u00f3n de las Fuerzas Armadas, de conformidad con lo previsto en el art\u00edculo&nbsp;15.3 de la Ley Org\u00e1nica&nbsp;5\/2005, de&nbsp;17 de noviembre, de la Defensa Nacional.<\/p><p><br><strong>Art\u00edculo&nbsp;6.\u2003Gesti\u00f3n ordinaria de los servicios.<\/strong><br>Cada Administraci\u00f3n conservar\u00e1 las competencias que le otorga la legislaci\u00f3n vigente en la gesti\u00f3n ordinaria de sus servicios para adoptar las medidas que estime necesarias en el marco de las \u00f3rdenes directas de la autoridad competente a los efectos del estado de alarma y sin perjuicio de lo establecido en los art\u00edculos&nbsp;4 y&nbsp;5.<\/p><p><br><strong>Art\u00edculo&nbsp;7.\u2003Limitaci\u00f3n de la libertad de circulaci\u00f3n de las personas.<\/strong><br>1.\u2003Durante la vigencia del estado de alarma las personas \u00fanicamente podr\u00e1n circular por las v\u00edas de uso p\u00fablico para la realizaci\u00f3n de las siguientes actividades:<br>a)\u2003Adquisici\u00f3n de alimentos, productos farmac\u00e9uticos y de primera necesidad.<br>b)\u2003Asistencia a centros, servicios y establecimientos sanitarios.<br>c)\u2003Desplazamiento al lugar de trabajo para efectuar su prestaci\u00f3n laboral, profesional o empresarial.<br>d)\u2003Retorno al lugar de residencia habitual.<br>e)\u2003Asistencia y cuidado a mayores, menores, dependientes, personas con discapacidad o personas especialmente vulnerables.<br>f)\u2003Desplazamiento a entidades financieras y de seguros.<br>g)\u2003Por causa de fuerza mayor o situaci\u00f3n de necesidad.<br>h)\u2003Cualquier otra actividad de an\u00e1loga naturaleza que habr\u00e1 de hacerse individualmente, salvo que se acompa\u00f1e a personas con discapacidad o por otra causa justificada.<br>2.\u2003Igualmente, se permitir\u00e1 la circulaci\u00f3n de veh\u00edculos particulares por las v\u00edas de uso p\u00fablico para la realizaci\u00f3n de las actividades referidas en el apartado anterior o para el repostaje en gasolineras o estaciones de servicio.<br>3.\u2003En todo caso, en cualquier desplazamiento deber\u00e1n respetarse las recomendaciones y obligaciones dictadas por las autoridades sanitarias.<br>4.\u2003El Ministro del Interior podr\u00e1 acordar el cierre a la circulaci\u00f3n de carreteras o tramos de ellas por razones de salud p\u00fablica, seguridad o fluidez del tr\u00e1fico o la restricci\u00f3n en ellas del acceso de determinados veh\u00edculos por los mismos motivos.<br>Cuando las medidas a las que se refieren los p\u00e1rrafos anteriores se adopten de oficio se informar\u00e1 previamente a las administraciones auton\u00f3micas que ejercen competencias de ejecuci\u00f3n de la legislaci\u00f3n del Estado en materia de tr\u00e1fico, circulaci\u00f3n de veh\u00edculos y seguridad vial.<br>Las autoridades estatales, auton\u00f3micas y locales competentes en materia de tr\u00e1fico, circulaci\u00f3n de veh\u00edculos y seguridad vial garantizar\u00e1n la divulgaci\u00f3n entre la poblaci\u00f3n de las medidas que puedan afectar al tr\u00e1fico rodado.<\/p><p><br><strong>Art\u00edculo&nbsp;8.\u2003Requisas temporales y prestaciones personales obligatorias.<\/strong><br>1.\u2003De conformidad con lo dispuesto en el art\u00edculo once b) de la Ley Org\u00e1nica&nbsp;4\/1981, de&nbsp;1 de junio, las autoridades competentes delegadas podr\u00e1n acordar, de oficio o a solicitud de las comunidades aut\u00f3nomas o de las entidades locales, que se practiquen requisas temporales de todo tipo de bienes necesarios para el cumplimiento de los fines previstos en este real decreto, en particular para la prestaci\u00f3n de los servicios de seguridad o de los operadores cr\u00edticos y esenciales. Cuando la requisa se acuerde de oficio, se informar\u00e1 previamente a la Administraci\u00f3n auton\u00f3mica o local correspondiente.<br>2.\u2003En los mismos t\u00e9rminos podr\u00e1 imponerse la realizaci\u00f3n de prestaciones personales obligatorias imprescindibles para la consecuci\u00f3n de los fines de este real decreto.<\/p><p><br><strong>Art\u00edculo&nbsp;9.\u2003Medidas de contenci\u00f3n en el \u00e1mbito educativo y de la formaci\u00f3n.<\/strong><br>1.\u2003Se suspende la actividad educativa presencial en todos los centros y etapas, ciclos, grados, cursos y niveles de ense\u00f1anza contemplados en el art\u00edculo&nbsp;3 de la Ley Org\u00e1nica&nbsp;2\/2006, de&nbsp;3 de mayo, de Educaci\u00f3n, incluida la ense\u00f1anza universitaria, as\u00ed como cualesquiera otras actividades educativas o de formaci\u00f3n impartidas en otros centros p\u00fablicos o privados.<br>2.\u2003Durante el per\u00edodo de suspensi\u00f3n se mantendr\u00e1n las actividades educativas a trav\u00e9s de las modalidades a distancia y \u00abon line\u00bb, siempre que resulte posible.<\/p><p><br><strong>Art\u00edculo&nbsp;10.\u2003Medidas de contenci\u00f3n en el \u00e1mbito de la actividad comercial, equipamientos culturales, establecimientos y actividades recreativos, actividades de hosteler\u00eda y restauraci\u00f3n, y otras adicionales.<\/strong><br>1.\u2003Se suspende la apertura al p\u00fablico de los locales y establecimientos minoristas, a excepci\u00f3n de los establecimientos comerciales minoristas de alimentaci\u00f3n, bebidas, productos y bienes de primera necesidad, establecimientos farmac\u00e9uticos, m\u00e9dicos, \u00f3pticas y productos ortop\u00e9dicos, productos higi\u00e9nicos, peluquer\u00edas, prensa y papeler\u00eda, combustible para la automoci\u00f3n, estancos, equipos tecnol\u00f3gicos y de telecomunicaciones, alimentos para animales de compa\u00f1\u00eda, comercio por internet, telef\u00f3nico o correspondencia, tintorer\u00edas y lavander\u00edas. Se suspende cualquier otra actividad o establecimiento que a juicio de la autoridad competente pueda suponer un riesgo de contagio.<br>2.\u2003La permanencia en los establecimientos comerciales cuya apertura est\u00e9 permitida deber\u00e1 ser la estrictamente necesaria para que los consumidores puedan realizar la adquisici\u00f3n de alimentos y productos de primera necesidad, quedando suspendida la posibilidad de consumo de productos en los propios establecimientos.<br>En todo caso, se evitar\u00e1n aglomeraciones y se controlar\u00e1 que consumidores y empleados mantengan la distancia de seguridad de al menos un metro a fin de evitar posibles contagios.<br>3.\u2003Se suspende la apertura al p\u00fablico de los museos, archivos, bibliotecas, monumentos, as\u00ed como de los locales y establecimientos en los que se desarrollen espect\u00e1culos p\u00fablicos, las actividades deportivas y de ocio indicados en el anexo del presente real decreto.<br>4.\u2003Se suspenden las actividades de hosteler\u00eda y restauraci\u00f3n, pudiendo prestarse exclusivamente servicios de entrega a domicilio.<br>5.\u2003Se suspenden asimismo las verbenas, desfiles y fiestas populares.<\/p><p><br><strong>Art\u00edculo&nbsp;11.\u2003Medidas de contenci\u00f3n en relaci\u00f3n con los lugares de culto y con las ceremonias civiles y religiosas.<\/strong><br>La asistencia a los lugares de culto y a las ceremonias civiles y religiosas, incluidas las f\u00fanebres, se condicionan a la adopci\u00f3n de medidas organizativas consistentes en evitar aglomeraciones de personas, en funci\u00f3n de las dimensiones y caracter\u00edsticas de los lugares, de tal manera que se garantice a los asistentes la posibilidad de respetar la distancia entre ellos de, al menos, un metro.<\/p><p><br><strong>Art\u00edculo&nbsp;12.\u2003Medidas dirigidas a reforzar el Sistema Nacional de Salud en todo el territorio nacional.<\/strong><br>1.\u2003Todas las autoridades civiles sanitarias de las administraciones p\u00fablicas del territorio nacional, as\u00ed como los dem\u00e1s funcionarios y trabajadores al servicio de las mismas, quedar\u00e1n bajo las \u00f3rdenes directas del Ministro de Sanidad en cuanto sea necesario para la protecci\u00f3n de personas, bienes y lugares, pudiendo imponerles servicios extraordinarios por su duraci\u00f3n o por su naturaleza.<br>2.\u2003Sin perjuicio de lo anterior, las administraciones p\u00fablicas auton\u00f3micas y locales mantendr\u00e1n la gesti\u00f3n, dentro de su \u00e1mbito de competencia, de los correspondientes servicios sanitarios, asegurando en todo momento su adecuado funcionamiento. El Ministro de Sanidad se reserva el ejercicio de cuantas facultades resulten necesarias para garantizar la cohesi\u00f3n y equidad en la prestaci\u00f3n del referido servicio.<br>3.\u2003En especial, se asegurar\u00e1 la plena disposici\u00f3n de las autoridades civiles responsables del \u00e1mbito de salud p\u00fablica, y de los empleados que presten servicio en el mismo.<br>4.\u2003Estas medidas tambi\u00e9n garantizar\u00e1n la posibilidad de determinar la mejor distribuci\u00f3n en el territorio de todos los medios t\u00e9cnicos y personales, de acuerdo con las necesidades que se pongan de manifiesto en la gesti\u00f3n de esta crisis sanitaria.<br>5.\u2003Las autoridades competentes delegadas ejercer\u00e1n sus facultades a fin de asegurar que el personal y los centros y establecimiento sanitarios de car\u00e1cter militar contribuyan a reforzar el Sistema Nacional de Salud en todo el territorio nacional.<br>6.\u2003Asimismo, el Ministro de Sanidad podr\u00e1 ejercer aquellas facultades que resulten necesarias a estos efectos respecto de los centros, servicios y establecimientos sanitarios de titularidad privada.<\/p><p><br><strong>Art\u00edculo&nbsp;13.\u2003Medidas para el aseguramiento del suministro de bienes y servicios necesarios para la protecci\u00f3n de la salud p\u00fablica.<\/strong><br>El Ministro de Sanidad podr\u00e1:<br>a)\u2003Impartir las \u00f3rdenes necesarias para asegurar el abastecimiento del mercado y el funcionamiento de los servicios de los centros de producci\u00f3n afectados por el desabastecimiento de productos necesarios para la protecci\u00f3n de la salud p\u00fablica.<br>b)\u2003Intervenir y ocupar transitoriamente industrias, f\u00e1bricas, talleres, explotaciones o locales de cualquier naturaleza, incluidos los centros, servicios y establecimientos sanitarios de titularidad privada, as\u00ed como aquellos que desarrollen su actividad en el sector farmac\u00e9utico.<br>c)\u2003Practicar requisas temporales de todo tipo de bienes e imponer prestaciones personales obligatorias en aquellos casos en que resulte necesario para la adecuada protecci\u00f3n de la salud p\u00fablica, en el contexto de esta crisis sanitaria.<\/p><p><br><strong>Art\u00edculo&nbsp;14.\u2003Medidas en materia de transportes.<\/strong><br>1.\u2003En relaci\u00f3n con todos los medios de transporte, cualquiera que sea la Administraci\u00f3n competente sobre los mismos, se aplicar\u00e1 lo siguiente:<br>a)\u2003El Ministro de Transportes, Movilidad y Agenda Urbana queda habilitado para dictar los actos y disposiciones que, en la esfera espec\u00edfica de su actuaci\u00f3n, sean necesarios para establecer condiciones a los servicios de movilidad, ordinarios o extraordinarios, en orden a la protecci\u00f3n de personas, bienes y lugares.<br>b)\u2003Los actos, disposiciones y medidas a que se refiere el p\u00e1rrafo a) anterior podr\u00e1n adoptarse de oficio o a solicitud motivada de las autoridades auton\u00f3micas y locales competentes, de acuerdo con la legislaci\u00f3n aplicable en cada caso. Para ello no ser\u00e1 precisa la tramitaci\u00f3n de procedimiento administrativo alguno.<br>2.\u2003Asimismo, se adoptan las siguientes medidas aplicables al transporte interior:<br>a)\u2003En los servicios de transporte p\u00fablico de viajeros por carretera, ferroviarios, a\u00e9reo y mar\u00edtimo que no est\u00e1n sometidos a contrato p\u00fablico u obligaciones de servicio p\u00fablico (OSP), los operadores de transporte reducir\u00e1n la oferta total de operaciones en, al menos, un&nbsp;50&nbsp;%. Por resoluci\u00f3n del Ministro de Transportes, Movilidad y Agenda Urbana se podr\u00e1 modificar este porcentaje y establecer condiciones espec\u00edficas al respecto.<br>b)\u2003Los servicios de transporte p\u00fablico de viajeros por carretera, ferroviarios, a\u00e9reo y mar\u00edtimo de competencia estatal que est\u00e1n sometidos a contrato p\u00fablico u OSP reducir\u00e1n su oferta total de operaciones en, al menos, los siguientes porcentajes:<br>i.\u2003Servicios ferroviarios de media distancia: 50&nbsp;%.<br>ii.\u2003Servicios ferroviarios media distancia-AVANT: 50&nbsp;%.<br>iii.\u2003Servicios regulares de transporte de viajeros por carretera: 50&nbsp;%.<br>iv.\u2003Servicios de transporte a\u00e9reo sometidos a OSP: 50&nbsp;%.<br>v.\u2003Servicios de transporte mar\u00edtimo sometidos a contrato de navegaci\u00f3n: 50&nbsp;%.<br>Los servicios ferroviarios de cercan\u00edas mantendr\u00e1n su oferta de servicios.<br>Por resoluci\u00f3n del Ministro de Transportes, Movilidad y Agenda Urbana se podr\u00e1n modificar los porcentajes de reducci\u00f3n de los servicios referidos anteriormente y establecer condiciones espec\u00edficas al respecto. En esta resoluci\u00f3n se tendr\u00e1 en cuenta la necesidad de garantizar que los ciudadanos puedan acceder a sus puestos de trabajo y los servicios b\u00e1sicos en caso necesario.<br>c)\u2003Los servicios de transporte p\u00fablico de viajeros por carretera, ferroviarios y mar\u00edtimo de competencia auton\u00f3mica o local que est\u00e1n sometidos a contrato p\u00fablico u OSP, o sean de titularidad p\u00fablica, mantendr\u00e1n su oferta de transporte.<br>El Ministro de Transportes, Movilidad y Agenda Urbana y las autoridades auton\u00f3micas y locales con competencias en materia de transportes podr\u00e1n establecer un porcentaje de reducci\u00f3n de servicios en caso de que la situaci\u00f3n sanitaria as\u00ed lo aconseje, as\u00ed como otras condiciones espec\u00edficas de prestaci\u00f3n de los mismos.<br>Al adoptar estas medidas se tendr\u00e1 en cuenta la necesidad de garantizar que los ciudadanos puedan acceder a sus puestos de trabajo y los servicios b\u00e1sicos en caso necesario.<br>d)\u2003Sin perjuicio de lo establecido en los p\u00e1rrafos a), b) y c) se establecer\u00e1n unos criterios espec\u00edficos para el transporte entre la Pen\u00ednsula y los territorios no peninsulares, as\u00ed como para el transporte entre islas.<br>e)\u2003En relaci\u00f3n con todos los medios de transporte, los operadores de servicio de transporte de viajeros quedan obligados a realizar una limpieza diaria de los veh\u00edculos de transporte, de acuerdo con las recomendaciones que establezca el Ministerio de Sanidad.<br>f)\u2003Los sistemas de venta de billetes online deber\u00e1n incluir durante el proceso de venta de los billetes un mensaje suficientemente visible en el que se desaconseje viajar salvo por razones inaplazables. Por orden del Ministro de Transportes, Movilidad y Agenda Urbana se podr\u00e1n establecer las caracter\u00edsticas y contenido de este anuncio.<br>g)\u2003En aquellos servicios en los que el billete otorga una plaza sentada o camarote, los operadores de transporte tomar\u00e1n las medidas necesarias para procurar la m\u00e1xima separaci\u00f3n posible entre los pasajeros.<br>3.\u2003Los operadores de transporte llevar\u00e1n a cabo los ajustes necesarios para cumplir con los porcentajes establecidos en este art\u00edculo de la forma lo m\u00e1s homog\u00e9neamente posible entre los distintos servicios que prestan y podr\u00e1n plantear al Ministerio de Transportes, Movilidad y Agenda Urbana cuantas cuestiones requieran interpretaci\u00f3n o aclaraci\u00f3n.<br>Si por razones t\u00e9cnicas u operativas no resulta viable la aplicaci\u00f3n directa de los porcentajes establecidos desde el primer d\u00eda, se deber\u00e1 llevar a cabo el ajuste m\u00e1s r\u00e1pido posible de los servicios, que no podr\u00e1 durar m\u00e1s de cinco d\u00edas.<br>4.\u2003Por resoluci\u00f3n del Ministro de Transportes, Movilidad y Agenda Urbana se establecer\u00e1n las condiciones necesarias para facilitar el transporte de mercanc\u00edas en todo el territorio nacional, con objeto de garantizar el abastecimiento.<br>5.\u2003Las autoridades competentes delegadas podr\u00e1n adoptar todas aquellas medidas adicionales necesarias para limitar la circulaci\u00f3n de medios de transporte colectivos que resulten necesarias y proporcionadas para preservar la salud p\u00fablica.<\/p><p><br><strong>Art\u00edculo&nbsp;15.\u2003Medidas para garantizar el abastecimiento alimentario.<\/strong><br>1.\u2003Las autoridades competentes delegadas adoptar\u00e1n las medidas necesarias para garantizar:<br>a)\u2003El abastecimiento alimentario en los lugares de consumo y el funcionamiento de los servicios de los centros de producci\u00f3n, permitiendo la distribuci\u00f3n de alimentos desde el origen hasta los establecimientos comerciales de venta al consumidor, incluyendo almacenes, centros log\u00edsticos y mercados en destino. En particular, cuando resultara necesario por razones de seguridad, se podr\u00e1 acordar el acompa\u00f1amiento de los veh\u00edculos que realicen el transporte de los bienes mencionados.<br>b)\u2003Cuando sea preciso, el establecimiento de corredores sanitarios para permitir la entrada y salida de personas, materias primas y productos elaborados con destino o procedentes de establecimientos en los que se produzcan alimentos, incluidas las granjas, lonjas, f\u00e1bricas de piensos para alimentaci\u00f3n animal y los mataderos.<br>2.\u2003Asimismo, las autoridades competentes podr\u00e1n acordar la intervenci\u00f3n de empresas o servicios, as\u00ed como la movilizaci\u00f3n de las Fuerzas y Cuerpos de Seguridad del Estado y de las Fuerzas Armadas con el fin de asegurar el buen funcionamiento de lo dispuesto en el presente art\u00edculo.<\/p><p><br><strong>Art\u00edculo&nbsp;16.\u2003Tr\u00e1nsito aduanero.<\/strong><br>Las autoridades competentes delegadas adoptar\u00e1n las medidas necesarias para garantizar el tr\u00e1nsito aduanero en los puntos de entrada o puntos de inspecci\u00f3n fronteriza ubicados en puertos o aeropuertos. A este respecto se atender\u00e1 de manera prioritaria los productos que sean de primera necesidad.<\/p><p><br><strong>Art\u00edculo&nbsp;17.\u2003Garant\u00eda de suministro de energ\u00eda el\u00e9ctrica, productos derivados del petr\u00f3leo y gas natural.<\/strong><br>Las autoridades competentes delegadas podr\u00e1n adoptar las medidas necesarias para garantizar el suministro de energ\u00eda el\u00e9ctrica, de productos derivados del petr\u00f3leo, as\u00ed como de gas natural, de acuerdo con lo previsto en el art\u00edculo&nbsp;7 de la Ley&nbsp;24\/2013, de&nbsp;26 de diciembre, del Sector El\u00e9ctrico, y en los art\u00edculos&nbsp;49 y&nbsp;101 de la Ley&nbsp;34\/1998, de&nbsp;7 de octubre, del sector de hidrocarburos.<\/p><p><br><strong>Art\u00edculo&nbsp;18.\u2003Operadores cr\u00edticos de servicios esenciales.<\/strong><br>1.\u2003Los operadores cr\u00edticos de servicios esenciales previstos en la Ley&nbsp;8\/2011, de&nbsp;28 de abril, por la que se establecen medidas para la protecci\u00f3n de infraestructuras cr\u00edticas, adoptar\u00e1n las medidas necesarias para asegurar la prestaci\u00f3n de los servicios esenciales que les son propios.<br>2.\u2003Dicha exigencia ser\u00e1 igualmente adoptada por aquellas empresas y proveedores que, no teniendo la consideraci\u00f3n de cr\u00edticos, son esenciales para asegurar el abastecimiento de la poblaci\u00f3n y los propios servicios esenciales.<\/p><p><br><strong>Art\u00edculo&nbsp;19.\u2003Medios de comunicaci\u00f3n de titularidad p\u00fablica y privada.<\/strong><br>Los medios de comunicaci\u00f3n social de titularidad p\u00fablica y privada quedan obligados a la inserci\u00f3n de mensajes, anuncios y comunicaciones que las autoridades competentes delegadas, as\u00ed como las administraciones auton\u00f3micas y locales, consideren necesario emitir.<\/p><p><br><strong>Art\u00edculo&nbsp;20.\u2003R\u00e9gimen sancionador.<\/strong><br>El incumplimiento o la resistencia a las \u00f3rdenes de las autoridades competentes en el estado de alarma ser\u00e1 sancionado con arreglo a las leyes, en los t\u00e9rminos establecidos en el art\u00edculo diez de la Ley Org\u00e1nica&nbsp;4\/1981, de&nbsp;1 de junio.<\/p><p><br><strong>Disposici\u00f3n adicional primera.\u2003Personal extranjero acreditado como miembro de las misiones diplom\u00e1ticas.<\/strong><br>Queda exceptuado de las limitaciones a la libertad de circulaci\u00f3n el personal extranjero acreditado como miembro de las misiones diplom\u00e1ticas, oficinas consulares y organismos internacionales sitos en Espa\u00f1a, tanto para desplazamientos dentro del territorio nacional, como a su pa\u00eds de origen o a terceros Estados, en los que se encuentre igualmente acreditado, siempre que se trate de desplazamientos vinculados al desempe\u00f1o de funciones oficiales.<\/p><p><br><strong>Disposici\u00f3n adicional segunda.\u2003Suspensi\u00f3n de plazos procesales.<\/strong><br>1.\u2003Se suspenden t\u00e9rminos y se suspenden e interrumpen los plazos previstos en las leyes procesales para todos los \u00f3rdenes jurisdiccionales. El c\u00f3mputo de los plazos se reanudar\u00e1 en el momento en que pierda vigencia el presente real decreto o, en su caso, las pr\u00f3rrogas del mismo.<br>2.\u2003En el orden jurisdiccional penal la suspensi\u00f3n e interrupci\u00f3n no se aplicar\u00e1 a los procedimientos de&nbsp;<em>habeas corpus<\/em>, a las actuaciones encomendadas a los servicios de guardia, a las actuaciones con detenido, a las \u00f3rdenes de protecci\u00f3n, a las actuaciones urgentes en materia de vigilancia penitenciaria y a cualquier medida cautelar en materia de violencia sobre la mujer o menores.<br>Asimismo, en fase de instrucci\u00f3n, el juez o tribunal competente podr\u00e1 acordar la pr\u00e1ctica de aquellas actuaciones que, por su car\u00e1cter urgente, sean inaplazables.<br>3.\u2003En relaci\u00f3n con el resto de \u00f3rdenes jurisdiccionales la interrupci\u00f3n a la que se refiere el apartado primero no ser\u00e1 de aplicaci\u00f3n a los siguientes supuestos:<br>a)\u2003El procedimiento para la protecci\u00f3n de los derechos fundamentales de la persona previsto en los art\u00edculos&nbsp;114 y siguientes de la Ley&nbsp;29\/1998, de&nbsp;13 de julio, reguladora de la Jurisdicci\u00f3n Contencioso-administrativa, ni a la tramitaci\u00f3n de las autorizaciones o ratificaciones judiciales previstas en el art\u00edculo&nbsp;8.6 de la citada ley.<br>b)\u2003Los procedimientos de conflicto colectivo y para la tutela de los derechos fundamentales y libertades p\u00fablicas regulados en la Ley&nbsp;36\/2011, de&nbsp;10 de octubre, reguladora de la jurisdicci\u00f3n social.<br>c)\u2003La autorizaci\u00f3n judicial para el internamiento no voluntario por raz\u00f3n de trastorno ps\u00edquico prevista en el art\u00edculo&nbsp;763 de la Ley&nbsp;1\/2000, de&nbsp;7 de enero, de Enjuiciamiento Civil.<br>d)\u2003La adopci\u00f3n de medidas o disposiciones de protecci\u00f3n del menor previstas en el art\u00edculo&nbsp;158 del C\u00f3digo Civil.<br>4.\u2003No obstante lo dispuesto en los apartados anteriores, el juez o tribunal podr\u00e1 acordar la pr\u00e1ctica de cualesquiera actuaciones judiciales que sean necesarias para evitar perjuicios irreparables en los derechos e intereses leg\u00edtimos de las partes en el proceso.<\/p><p><br><strong>Disposici\u00f3n adicional tercera.\u2003Suspensi\u00f3n de plazos administrativos.<\/strong><br>1.\u2003Se suspenden t\u00e9rminos y se interrumpen los plazos para la tramitaci\u00f3n de los procedimientos de las entidades del sector p\u00fablico. El c\u00f3mputo de los plazos se reanudar\u00e1 en el momento en que pierda vigencia el presente real decreto o, en su caso, las pr\u00f3rrogas del mismo.<br>2.\u2003La suspensi\u00f3n de t\u00e9rminos y la interrupci\u00f3n de plazos se aplicar\u00e1 a todo el sector p\u00fablico definido en la Ley&nbsp;39\/2015, de&nbsp;1 de octubre, del Procedimiento Administrativo Com\u00fan de las Administraciones P\u00fablicas.<br>3.\u2003No obstante lo anterior, el \u00f3rgano competente podr\u00e1 acordar, mediante resoluci\u00f3n motivada, las medidas de ordenaci\u00f3n e instrucci\u00f3n estrictamente necesarias para evitar perjuicios graves en los derechos e intereses del interesado en el procedimiento y siempre que \u00e9ste manifieste su conformidad, o cuando el interesado manifieste su conformidad con que no se suspenda el plazo.<br>4.\u2003La presente disposici\u00f3n no afectar\u00e1 a los procedimientos y resoluciones a los que hace referencia el apartado primero, cuando estos vengan referidos a situaciones estrechamente vinculadas a los hechos justificativos del estado de alarma.<\/p><p><br><strong>Disposici\u00f3n adicional cuarta.\u2003Suspensi\u00f3n de plazos de prescripci\u00f3n y caducidad.<\/strong><br>Los plazos de prescripci\u00f3n y caducidad de cualesquiera acciones y derechos quedar\u00e1n suspendidos durante el plazo de vigencia del estado de alarma y, en su caso, de las pr\u00f3rrogas que se adoptaren.<br>Disposici\u00f3n adicional quinta.\u2003Car\u00e1cter de agente de la autoridad de los miembros de las Fuerzas Armadas.<br>De acuerdo con la disposici\u00f3n adicional tercera de la Ley&nbsp;39\/2007, de&nbsp;19 de noviembre, de la Carrera Militar, en relaci\u00f3n con los art\u00edculos&nbsp;15.3 y&nbsp;16 e) de la Ley Org\u00e1nica&nbsp;5\/2005, de&nbsp;17 de noviembre, de la Defensa Nacional, los miembros de las Fuerzas Armadas en el ejercicio de las funciones previstas en este real decreto tendr\u00e1n car\u00e1cter de agentes de la autoridad.<\/p><p><br><strong>Disposici\u00f3n final primera.\u2003Ratificaci\u00f3n de las medidas adoptadas por las autoridades competentes de las Administraciones P\u00fablicas.<\/strong><br>1.\u2003Quedan ratificadas todas las disposiciones y medidas adoptadas previamente por las autoridades competentes de las comunidades aut\u00f3nomas y de las entidades locales con ocasi\u00f3n del coronavirus COVID-19, que continuar\u00e1n vigentes y producir\u00e1n los efectos previstos en ellas, siempre que resulten compatibles con este real decreto.<br>2.\u2003La ratificaci\u00f3n contemplada en esta disposici\u00f3n se entiende sin perjuicio de la ratificaci\u00f3n judicial prevista en el art\u00edculo&nbsp;8.6.2.\u00ba de la Ley&nbsp;29\/1998, de&nbsp;13 de julio.<\/p><p><br><strong>Disposici\u00f3n final segunda.\u2003Habilitaci\u00f3n.<\/strong><br>Durante la vigencia del estado de alarma declarado por este real decreto el Gobierno podr\u00e1 dictar sucesivos decretos que modifiquen o ampl\u00eden las medidas establecidas en este, de los cuales habr\u00e1 de dar cuenta al Congreso de los Diputados de acuerdo con lo previsto en el art\u00edculo octavo.dos de la Ley Org\u00e1nica&nbsp;4\/1981, de&nbsp;1 de junio.<\/p><p><br><strong>Disposici\u00f3n final tercera.\u2003Entrada en vigor.<\/strong><br>El presente real decreto entrar\u00e1 en vigor en el momento de su publicaci\u00f3n en el \u00abBolet\u00edn Oficial del Estado\u00bb.<\/p><p><br>Dado en Madrid, el&nbsp;14 de marzo de&nbsp;2020.<br>FELIPE R.<\/p><p><\/p><p><br>La Vicepresidenta Primera del Gobierno y Ministra de la Presidencia,<br>Relaciones con las Cortes y Memoria Democr\u00e1tica,<br>CARMEN CALVO POYATO<\/p><p><\/p><p><br><strong>ANEXO<br>Relaci\u00f3n de equipamientos y actividades cuya apertura al p\u00fablico queda suspendida con arreglo a lo dispuesto en el art\u00edculo&nbsp;10.3<\/strong><br>Museos.<br>Archivos.<br>Bibliotecas.<br>Monumentos.<br>Espect\u00e1culos p\u00fablicos.<br>Esparcimiento y diversi\u00f3n:<br>Caf\u00e9-espect\u00e1culo.<br>Circos.<br>Locales de exhibiciones.<br>Salas de fiestas.<br>Restaurante-espect\u00e1culo.<br>Otros locales o instalaciones asimilables a los mencionados.<br>Culturales y art\u00edsticos:<br>Auditorios.<br>Cines.<br>Plazas, recintos e instalaciones taurinas.<br>Otros recintos e instalaciones:<br>Pabellones de Congresos.<br>Salas de conciertos.<br>Salas de conferencias.<br>Salas de exposiciones.<br>Salas multiuso.<br>Teatros.<br>Deportivos:<br>Locales o recintos cerrados.<br>Campos de f\u00fatbol, rugby, b\u00e9isbol y asimilables.<br>Campos de baloncesto, balonmano, balonvolea y asimilables.<br>Campos de tiro al plato, de pich\u00f3n y asimilables.<br>Galer\u00edas de tiro.<br>Pistas de tenis y asimilables.<br>Pistas de patinaje, hockey sobre hielo, sobre patines y asimilables.<br>Piscinas.<br>Locales de boxeo, lucha, judo y asimilables.<br>Circuitos permanentes de motocicletas, autom\u00f3viles y asimilables.<br>Vel\u00f3dromos.<br>Hip\u00f3dromos, can\u00f3dromos y asimilables.<br>Frontones, trinquetes, pistas de squash y asimilables.<br>Polideportivos.<br>Boleras y asimilables.<br>Salones de billar y asimilables.<br>Gimnasios.<br>Pistas de atletismo.<br>Estadios.<br>Otros locales, instalaciones o actividades asimilables a los mencionados.<br>Espacios abiertos y v\u00edas p\u00fablicas:<br>Recorridos de carreras pedestres.<br>Recorridos de pruebas ciclistas, motociclistas, automovil\u00edsticas y asimilables.<br>Recorridos de motocross, trial y asimilables.<br>Pruebas y exhibiciones n\u00e1uticas.<br>Pruebas y exhibiciones aeron\u00e1uticas.<br>Otros locales, instalaciones o actividades asimilables a los mencionados.<br>Actividades recreativas:<br>De baile:<br>Discotecas y salas de baile.<br>Salas de juventud.<br>Deportivo-recreativas:<br>Locales o recintos, sin espectadores, destinados a la pr\u00e1ctica deportivo-recreativa de uso p\u00fablico, en cualquiera de sus modalidades.<br>Juegos y apuestas:<br>Casinos.<br>Establecimientos de juegos colectivos de dinero y de azar.<br>Salones de juego.<br>Salones recreativos.<br>Rifas y t\u00f3mbolas.<br>Otros locales e instalaciones asimilables a los de actividad recreativa de Juegos y apuestas conforme a lo que establezca la normativa sectorial en materia de juego.<br>Locales espec\u00edficos de apuestas.<br>Culturales y de ocio:<br>Parques de atracciones, ferias y asimilables.<br>Parques acu\u00e1ticos.<br>Casetas de feria.<br>Parques zool\u00f3gicos.<br>Parques recreativos infantiles.<br>Recintos abiertos y v\u00edas p\u00fablicas:<br>Verbenas, desfiles y fiestas populares o manifestaciones folcl\u00f3ricas.<br>De ocio y diversi\u00f3n:<br>Bares especiales:<br>Bares de copas sin actuaciones musicales en directo.<br>Bares de copas con actuaciones musicales en directo.<br>De hosteler\u00eda y restauraci\u00f3n:<br>Tabernas y bodegas.<br>Cafeter\u00edas, bares, caf\u00e9-bares y asimilables.<br>Chocolater\u00edas, helader\u00edas, salones de t\u00e9, croissanteries y asimilables.<br>Restaurantes, autoservicios de restauraci\u00f3n y asimilables.<br>Bares-restaurante.<br>Bares y restaurantes de hoteles, excepto para dar servicio a sus hu\u00e9spedes.<br>Salones de banquetes.<br>Terrazas.<br><br><br><\/p><\/blockquote><\/figure>\n\n\n\n<script async=\"\" src=\"\/\/pagead2.googlesyndication.com\/pagead\/js\/adsbygoogle.js\"><\/script> <!-- Vida 2 --> <ins class=\"adsbygoogle\" style=\"display:inline-block;width:336px;height:280px\" data-ad-client=\"ca-pub-7450064428034605\" data-ad-slot=\"9336835571\"><\/ins> <script> (adsbygoogle = window.adsbygoogle || []).push({}); <\/script>\n\n\n\n<figure class=\"wp-block-embed is-type-rich is-provider-vida-de-madrid\"><div class=\"wp-block-embed__wrapper\">\n<blockquote class=\"wp-embedded-content\" data-secret=\"Fawk39guVP\"><a href=\"http:\/\/www.vidademadrid.com\/es\/15626\/coronavirus-madrid\/\">Coronavirus Madrid: \u00faltima hora, datos sobre positivos y fallecidos<\/a><\/blockquote><iframe loading=\"lazy\" class=\"wp-embedded-content\" sandbox=\"allow-scripts\" security=\"restricted\" style=\"position: absolute; clip: rect(1px, 1px, 1px, 1px);\" src=\"http:\/\/www.vidademadrid.com\/es\/15626\/coronavirus-madrid\/embed\/#?secret=Fawk39guVP\" data-secret=\"Fawk39guVP\" width=\"600\" height=\"338\" title=\"&#171;Coronavirus Madrid: \u00faltima hora, datos sobre positivos y fallecidos&#187; &#8212; Vida de Madrid\" frameborder=\"0\" marginwidth=\"0\" marginheight=\"0\" scrolling=\"no\"><\/iframe>\n<\/div><\/figure>\n\n\n<p><strong><a href=\"http:\/\/www.vidademadrid.com\/es\/tag\/coronavirus\/\">Informaci\u00f3n \u00fatil sobre supermercados, mercados, medidas en Madrid en nuestro especial coronavirus<\/a><\/strong><\/p>","protected":false},"excerpt":{"rendered":"<p>El texto completo del decreto<\/p>\n","protected":false},"author":1,"featured_media":16913,"comment_status":"open","ping_status":"open","sticky":false,"template":"","format":"standard","meta":{"footnotes":""},"categories":[12],"tags":[54],"class_list":{"0":"post-16910","1":"post","2":"type-post","3":"status-publish","4":"format-standard","5":"has-post-thumbnail","7":"category-actualidad-noticias-madrid","8":"tag-coronavirus"},"_links":{"self":[{"href":"https:\/\/www.vidademadrid.com\/es\/wp-json\/wp\/v2\/posts\/16910","targetHints":{"allow":["GET"]}}],"collection":[{"href":"https:\/\/www.vidademadrid.com\/es\/wp-json\/wp\/v2\/posts"}],"about":[{"href":"https:\/\/www.vidademadrid.com\/es\/wp-json\/wp\/v2\/types\/post"}],"author":[{"embeddable":true,"href":"https:\/\/www.vidademadrid.com\/es\/wp-json\/wp\/v2\/users\/1"}],"replies":[{"embeddable":true,"href":"https:\/\/www.vidademadrid.com\/es\/wp-json\/wp\/v2\/comments?post=16910"}],"version-history":[{"count":9,"href":"https:\/\/www.vidademadrid.com\/es\/wp-json\/wp\/v2\/posts\/16910\/revisions"}],"predecessor-version":[{"id":17076,"href":"https:\/\/www.vidademadrid.com\/es\/wp-json\/wp\/v2\/posts\/16910\/revisions\/17076"}],"wp:featuredmedia":[{"embeddable":true,"href":"https:\/\/www.vidademadrid.com\/es\/wp-json\/wp\/v2\/media\/16913"}],"wp:attachment":[{"href":"https:\/\/www.vidademadrid.com\/es\/wp-json\/wp\/v2\/media?parent=16910"}],"wp:term":[{"taxonomy":"category","embeddable":true,"href":"https:\/\/www.vidademadrid.com\/es\/wp-json\/wp\/v2\/categories?post=16910"},{"taxonomy":"post_tag","embeddable":true,"href":"https:\/\/www.vidademadrid.com\/es\/wp-json\/wp\/v2\/tags?post=16910"}],"curies":[{"name":"wp","href":"https:\/\/api.w.org\/{rel}","templated":true}]}}