{"id":16449,"date":"2020-06-30T00:00:30","date_gmt":"2020-06-29T22:00:30","guid":{"rendered":"http:\/\/www.vidademadrid.com\/es\/?p=16449"},"modified":"2025-10-04T10:09:46","modified_gmt":"2025-10-04T08:09:46","slug":"operacion-triunfo-2020-concierto-julio-2020-madrid","status":"publish","type":"post","link":"https:\/\/www.vidademadrid.com\/es\/16449\/operacion-triunfo-2020-concierto-julio-2020-madrid\/","title":{"rendered":"Operaci\u00f3n Triunfo 2020: dos nuevos conciertos en Madrid a las 17 h el 25 y 26 julio"},"content":{"rendered":"\n<h2>Actualizaci\u00f3n 5 de julio 2020<\/h2>\n\n<p>Anunciados dos nuevos conciertos en las tardes del 25 y 26 julio. Es decir, cada d\u00eda habr\u00e1 dos conciertos, los de las 21 h -ya sold out- y <strong>los nuevos conciertos el 25 de julio a las 17 h y el 26 de julio a las 17 h<\/strong>.\n\n<script async=\"\" src=\"https:\/\/pagead2.googlesyndication.com\/pagead\/js\/adsbygoogle.js\"><\/script> <ins class=\"adsbygoogle\" style=\"display:block\" data-ad-format=\"fluid\" data-ad-layout-key=\"-7f+eo+1+2-5\" data-ad-client=\"ca-pub-7450064428034605\" data-ad-slot=\"7327027071\"><\/ins><script>(adsbygoogle = window.adsbygoogle || []).push({});<\/script>\n\n<h2>Actualizaci\u00f3n 30 de junio 2020<\/h2>\n<p>Ya es oficial: <strong>el 25 y 26 julio<\/strong> habr\u00e1 dos conciertos de Operaci\u00f3n Triunfo en 2020 en el Wizink Center. Bajo el lema <strong>\u00abD\u00edselo a la vida\u00bb<\/strong>, los protagonistas de OT2020 actuar\u00e1n frente a un publico reducido y en directo streaming.<\/p>\n\n<p>En el escenario estar\u00e1n Anaju, Anne, Ariadna, Bruno, Eli, Eva, Flavio, G\u00e8rard, Hugo, Javy, Jes\u00fas, Maialen, Nia, Nick, Rafa y Samantha. Direcci\u00f3n musical de Manu Guix y direcci\u00f3n art\u00edstica de Ivan Labanda.<\/p>\n\n\n<p>Entradas presenciales a la venta desde el viernes 3 de julio a las 11 h en la web del Corte Ingl\u00e9s.<\/p>\n\n\n\n<figure class=\"wp-block-embed is-type-rich is-provider-vida-de-madrid\"><div class=\"wp-block-embed__wrapper\">\n<blockquote class=\"wp-embedded-content\" data-secret=\"wZ0Phc9GOi\"><a href=\"https:\/\/www.vidademadrid.com\/es\/22409\/todos-los-conciertos-del-verano-julio-y-agosto-2020-en-madrid-actualizado\/\">Todos los conciertos del verano (julio y agosto 2020) en Madrid. Actualizado<\/a><\/blockquote><iframe loading=\"lazy\" class=\"wp-embedded-content\" sandbox=\"allow-scripts\" security=\"restricted\" style=\"position: absolute; clip: rect(1px, 1px, 1px, 1px);\" title=\"&#171;Todos los conciertos del verano (julio y agosto 2020) en Madrid. Actualizado&#187; &#8212; Vida de Madrid\" src=\"https:\/\/www.vidademadrid.com\/es\/22409\/todos-los-conciertos-del-verano-julio-y-agosto-2020-en-madrid-actualizado\/embed\/#?secret=wZ0Phc9GOi\" data-secret=\"wZ0Phc9GOi\" width=\"600\" height=\"338\" frameborder=\"0\" marginwidth=\"0\" marginheight=\"0\" scrolling=\"no\"><\/iframe>\n<\/div><\/figure>\n\n\n\n<ul class=\"wp-block-gallery columns-1 is-cropped wp-block-gallery-1 is-layout-flex wp-block-gallery-is-layout-flex\"><li class=\"blocks-gallery-item\"><figure><img loading=\"lazy\" decoding=\"async\" width=\"980\" height=\"980\" src=\"https:\/\/www.vidademadrid.com\/es\/wp-content\/uploads\/2020\/06\/CONCIERTOS-OT-WiZink-Center-980x980.jpg\" alt=\"\" data-id=\"22444\" data-link=\"https:\/\/www.vidademadrid.com\/es\/16449\/operacion-triunfo-2020-concierto-julio-2020-madrid\/conciertos-ot-wizink-center-980x980\/\" class=\"wp-image-22444\" srcset=\"https:\/\/www.vidademadrid.com\/es\/wp-content\/uploads\/2020\/06\/CONCIERTOS-OT-WiZink-Center-980x980.jpg 980w, https:\/\/www.vidademadrid.com\/es\/wp-content\/uploads\/2020\/06\/CONCIERTOS-OT-WiZink-Center-980x980-150x150.jpg 150w, https:\/\/www.vidademadrid.com\/es\/wp-content\/uploads\/2020\/06\/CONCIERTOS-OT-WiZink-Center-980x980-300x300.jpg 300w, https:\/\/www.vidademadrid.com\/es\/wp-content\/uploads\/2020\/06\/CONCIERTOS-OT-WiZink-Center-980x980-768x768.jpg 768w, https:\/\/www.vidademadrid.com\/es\/wp-content\/uploads\/2020\/06\/CONCIERTOS-OT-WiZink-Center-980x980-696x696.jpg 696w, https:\/\/www.vidademadrid.com\/es\/wp-content\/uploads\/2020\/06\/CONCIERTOS-OT-WiZink-Center-980x980-420x420.jpg 420w\" sizes=\"auto, (max-width: 980px) 100vw, 980px\" \/><figcaption>Foto: cartel oficial del concierto<\/figcaption><\/figure><\/li><\/ul>\n\n\n<h2>Actualizaci\u00f3n 11 de junio 2020, 00.30 h<\/h2>\n<p><span class=\"css-901oao css-16my406 r-1qd0xha r-ad9z0x r-bcqeeo r-qvutc0\">Roberto Leal acaba de anunciar que \u00ab<strong>se est\u00e1 pensando en conciertos en <\/strong><\/span><strong><span class=\"r-18u37iz\">Madrid<\/span><\/strong><span class=\"css-901oao css-16my406 r-1qd0xha r-ad9z0x r-bcqeeo r-qvutc0\"> y <\/span><span class=\"r-18u37iz\">Barcelona<\/span><span class=\"css-901oao css-16my406 r-1qd0xha r-ad9z0x r-bcqeeo r-qvutc0\"> a <strong>mitad de julio\u00bb<\/strong>. En el nuevo formato: mitad presencial y mitad virtual<\/span><\/p>\n<h2>&nbsp;<\/h2>\n<h2>Actualizaci\u00f3n 19 de mayo 2020 12:45<\/h2>\n<p>A trav\u00e9s de las redes sociales oficiales del concurso, <strong>Operaci\u00f3n Triunfo<\/strong> acaba de anunciar la <strong>cancelaci\u00f3n de la gira<\/strong> de esta edici\u00f3n 2020. Su paso por Madrid estaba previsto para el d\u00eda 3 de julio, pero obviamente, esto no va a ser posible debido a las consecuencias y precauciones derivadas de la crisis del coronavirus.&nbsp;<\/p>\n<p>El importe de las <strong>entradas<\/strong> ya adquiridas ser\u00e1 devuelto autom\u00e1ticamente en los pr\u00f3ximos d\u00edas mediante el mismo medio de pago con el que se realiz\u00f3 la compra. Para cualquier otra consulta, se podr\u00e1 contactar a trav\u00e9s de venta_entradas@elcorteingles.es.<\/p>\n<p><blockquote class=\"twitter-tweet\" data-width=\"550\" data-dnt=\"true\"><p lang=\"es\" dir=\"ltr\">? Os tenemos que comunicar algo que nos rompe el coraz\u00f3n ? pero las circunstancias sanitarias que vive el mundo son las que son: cancelada la gira &quot;Operaci\u00f3n Triunfo 2020&quot; ?? <a href=\"https:\/\/t.co\/Bb5P0zNVu9\">https:\/\/t.co\/Bb5P0zNVu9<\/a> v\u00eda <a href=\"https:\/\/twitter.com\/rtve?ref_src=twsrc%5Etfw\">@rtve<\/a> <a href=\"https:\/\/twitter.com\/hashtag\/CanalOT19M?src=hash&amp;ref_src=twsrc%5Etfw\">#CanalOT19M<\/a> <a href=\"https:\/\/t.co\/C8S4QBoHDz\">pic.twitter.com\/C8S4QBoHDz<\/a><\/p>&mdash; Operaci\u00f3n Triunfo (@OT_Oficial) <a href=\"https:\/\/twitter.com\/OT_Oficial\/status\/1262691218196217856?ref_src=twsrc%5Etfw\">May 19, 2020<\/a><\/blockquote><script async src=\"https:\/\/platform.twitter.com\/widgets.js\" charset=\"utf-8\"><\/script><\/p>\n<h2>Actualizaci\u00f3n 8 de marzo 2020<\/h2>\n<p>Como comentamos en el post, era probable que las ciudades elegidas para los conciertos de la gira de OT 2020 coincidieran con las seleccionadas para las primeras firmas de discos a las que asistieron los concursantes, y as\u00ed ha sido.&nbsp;La promotora <em>The Project<\/em>, ha confirmado que Barcelona, Sevilla, Valencia y <strong>Madrid<\/strong> ser\u00e1n las ciudades que acoger\u00e1n estos espect\u00e1culos \u00fanicos que contar\u00e1n con la presencia de los 16 concursantes de esta edici\u00f3n de Operaci\u00f3n Triunfo. Las fechas ser\u00edan las siguientes:<\/p>\n<p><script async=\"\" src=\"\/\/pagead2.googlesyndication.com\/pagead\/js\/adsbygoogle.js\"><\/script> <!-- Vida 1 --> <ins class=\"adsbygoogle\" style=\"display: block;\" data-ad-client=\"ca-pub-7450064428034605\" data-ad-slot=\"2284573579\" data-ad-format=\"auto\"><\/ins> <script> (adsbygoogle = window.adsbygoogle || []).push({}); <\/script><\/p>\n<ul>\n<li><strong>Barcelona<\/strong>: 20 de junio en el Palau Sant Jordi<\/li>\n<li><strong>Sevilla<\/strong>: 24 de junio en el Auditorio Roc\u00edo Jurado<\/li>\n<li><strong>Valencia<\/strong>: 27 de junio en el Auditorio Marina Sud<\/li>\n<li><strong>Madrid<\/strong>: 3 de julio en el Wizink Center<\/li>\n<\/ul>\n<p><script async=\"\" src=\"\/\/pagead2.googlesyndication.com\/pagead\/js\/adsbygoogle.js\"><\/script> <!-- Vida 2 --> <ins class=\"adsbygoogle\" style=\"display: inline-block; width: 336px; height: 280px;\" data-ad-client=\"ca-pub-7450064428034605\" data-ad-slot=\"9336835571\"><\/ins> <script> (adsbygoogle = window.adsbygoogle || []).push({}); <\/script><\/p>\n<p>Las entradas ya est\u00e1n disponibles en <strong>www.operaciontriunfo.tv<\/strong> y en <strong>ticketmaster.es<\/strong>. \u00a1No te quedes sin la tuya!<\/p>\n<p><script async=\"\" src=\"\/\/pagead2.googlesyndication.com\/pagead\/js\/adsbygoogle.js\"><\/script> <!-- Vida vertical --> <ins class=\"adsbygoogle\" style=\"display: inline-block; width: 300px; height: 600px;\" data-ad-client=\"ca-pub-7450064428034605\" data-ad-slot=\"7296098777\"><\/ins> <script> (adsbygoogle = window.adsbygoogle || []).push({}); <\/script><\/p>\n<h2>2 de marzo 2020<\/h2>\n<p><strong>Operaci\u00f3n Triunfo 2020<\/strong> se va de gira. El presentador del programa, Roberto Leal, anunci\u00f3 anoche, durante la Gala 7 del concurso, que los 16 concursantes de la edici\u00f3n tendr\u00e1n la oportunidad de recorrer juntos y con su m\u00fasica diferentes ciudades de Espa\u00f1a. \u00bfSer\u00e1 <strong>Madrid<\/strong> una de ellas?<\/p>\n<h2>Operaci\u00f3n Triunfo 2020 se va de gira: D\u00f3nde y cu\u00e1ndo<\/h2>\n<p><em>\u00abSer\u00e1n cuatro conciertos en <strong>cuatro grandes ciudades<\/strong>\u00ab<\/em>, anunci\u00f3 Roberto Leal durante la \u00faltima gala del concurso: <em>\u00abuna oportunidad \u00fanica de ver a los 16 juntos otra vez\u00bb<\/em>.&nbsp;<\/p>\n<p>Por el momento, el programa no ha dado ning\u00fan otro detalle, pero ir\u00e1n desvelando la informaci\u00f3n al respecto en sus <strong>redes sociales<\/strong> ante la expectaci\u00f3n de miles de fanes dispuestos a ir a verlos a cualquiera de las cuatro ciudades.&nbsp;<\/p>\n<p>La noticia lleg\u00f3 solo un d\u00eda despu\u00e9s de que los concursantes salieran de la academia para realizar sus primeras firmas de discos en <strong>Madrid<\/strong>, <strong>Barcelona<\/strong>, <strong>Valencia<\/strong> y <strong>Sevilla<\/strong>, donde fueron gratamente acogidos por miles de espectadores y seguidores del programa.&nbsp;<\/p>\n<p>M\u00e1s de 5.000 personas fueron las que asistieron a la firma de Barcelona para ver a G\u00e8rard, Anaju, Rafa y Hugo. 2.500 personas fueron las que se reunieron para ver en Valencia a Samantha, Flavio y Maialen. Y m\u00e1s de 1.500 recibieron en Madrid a Eva, Nia, Bruno y Jes\u00fas. Por otra parte, Sevilla recibi\u00f3 a los cinco primeros expulsados de la academia: Anne, Javy, Nick, Ariadna y Eli.&nbsp;<\/p>\n<p>Todo apunta a que podr\u00edan ser estas cuatro mismas ciudades las afortunadas en acoger la gira de Operaci\u00f3n Triunfo 2020, pero habr\u00e1 que esperar a que las redes del programa confirmen la informaci\u00f3n sobre las ciudades y las respectivas fechas.&nbsp;<\/p>\n<h2>Operaci\u00f3n Triunfo en Madrid: Ediciones anteriores<\/h2>\n<p>No ser\u00eda la primera vez que Operaci\u00f3n Triunfo pasara con su gira por <strong>Madrid<\/strong>. Las dos ediciones anteriores tambi\u00e9n tuvieron la gran suerte de poder visitar muchos destinos del pa\u00eds con su gira y en ambos casos, Madrid, fue una parada obligatoria y llena de \u00e9xito.&nbsp;<\/p>\n<p>En el caso de <strong>Operaci\u00f3n Triunfo 2017<\/strong>, fue el 16 de marzo de 2018 cuando visitaron la ciudad llenando el Palacio Vistalegre con sus voces y alegr\u00eda para todos sus seguidores. Por otra parte, la edici\u00f3n del <strong>2018<\/strong> dio comienzo a su gira el 8 de febrero de 2019 en el Wizink Center de Madrid.&nbsp;<\/p>\n<p>Estaremos atentos a las redes sociales oficiales del programa para poder conocer todos los detalles de la gira de esta nueva edici\u00f3n de Operaci\u00f3n Triunfo y contarlo todo.&nbsp;<\/p>\n\n\n<figure class=\"wp-block-image td-caption-align-https:\/\/www.vidademadrid.com\/es\/wp-content\/uploads\/2020\/03\/Operaci\u00f3n-Triunfo-2020.jpg\"><img loading=\"lazy\" decoding=\"async\" width=\"851\" height=\"315\" src=\"http:\/\/www.vidademadrid.com\/es\/wp-content\/uploads\/2020\/03\/Operaci\u00f3n-Triunfo-2020.jpg\" alt=\"\" class=\"wp-image-16460\" srcset=\"https:\/\/www.vidademadrid.com\/es\/wp-content\/uploads\/2020\/03\/Operaci\u00f3n-Triunfo-2020.jpg 851w, https:\/\/www.vidademadrid.com\/es\/wp-content\/uploads\/2020\/03\/Operaci\u00f3n-Triunfo-2020-300x111.jpg 300w, https:\/\/www.vidademadrid.com\/es\/wp-content\/uploads\/2020\/03\/Operaci\u00f3n-Triunfo-2020-768x284.jpg 768w, https:\/\/www.vidademadrid.com\/es\/wp-content\/uploads\/2020\/03\/Operaci\u00f3n-Triunfo-2020-696x258.jpg 696w\" sizes=\"auto, (max-width: 851px) 100vw, 851px\" \/><figcaption>Foto: Twitter oficial de Operaci\u00f3n Triunfo 2020<\/figcaption><\/figure>\n\n\n\n<!-- Vida vertical --> <ins class=\"adsbygoogle\" style=\"width:300px;height:600px\" data-ad-client=\"ca-pub-7450064428034605\" data-ad-slot=\"7296098777\"><\/ins>  (adsbygoogle = window.adsbygoogle || []).push({});\n","protected":false},"excerpt":{"rendered":"<p>Ser\u00e1 con p\u00fablico presencial y online<\/p>\n","protected":false},"author":10,"featured_media":16450,"comment_status":"open","ping_status":"open","sticky":false,"template":"","format":"standard","meta":{"footnotes":""},"categories":[85,22,11,111,115],"tags":[70],"class_list":{"0":"post-16449","1":"post","2":"type-post","3":"status-publish","4":"format-standard","5":"has-post-thumbnail","7":"category-cine-series-television","8":"category-conciertos-madrid","9":"category-eventos-madrid","10":"category-exposiciones-madrid","11":"category-planes-del-momento-madrid","12":"tag-wizink-center"},"_links":{"self":[{"href":"https:\/\/www.vidademadrid.com\/es\/wp-json\/wp\/v2\/posts\/16449","targetHints":{"allow":["GET"]}}],"collection":[{"href":"https:\/\/www.vidademadrid.com\/es\/wp-json\/wp\/v2\/posts"}],"about":[{"href":"https:\/\/www.vidademadrid.com\/es\/wp-json\/wp\/v2\/types\/post"}],"author":[{"embeddable":true,"href":"https:\/\/www.vidademadrid.com\/es\/wp-json\/wp\/v2\/users\/10"}],"replies":[{"embeddable":true,"href":"https:\/\/www.vidademadrid.com\/es\/wp-json\/wp\/v2\/comments?post=16449"}],"version-history":[{"count":27,"href":"https:\/\/www.vidademadrid.com\/es\/wp-json\/wp\/v2\/posts\/16449\/revisions"}],"predecessor-version":[{"id":22701,"href":"https:\/\/www.vidademadrid.com\/es\/wp-json\/wp\/v2\/posts\/16449\/revisions\/22701"}],"wp:featuredmedia":[{"embeddable":true,"href":"https:\/\/www.vidademadrid.com\/es\/wp-json\/wp\/v2\/media\/16450"}],"wp:attachment":[{"href":"https:\/\/www.vidademadrid.com\/es\/wp-json\/wp\/v2\/media?parent=16449"}],"wp:term":[{"taxonomy":"category","embeddable":true,"href":"https:\/\/www.vidademadrid.com\/es\/wp-json\/wp\/v2\/categories?post=16449"},{"taxonomy":"post_tag","embeddable":true,"href":"https:\/\/www.vidademadrid.com\/es\/wp-json\/wp\/v2\/tags?post=16449"}],"curies":[{"name":"wp","href":"https:\/\/api.w.org\/{rel}","templated":true}]}}