{"id":16308,"date":"2020-10-21T10:31:56","date_gmt":"2020-10-21T08:31:56","guid":{"rendered":"http:\/\/www.vidademadrid.com\/es\/?p=16308"},"modified":"2020-10-21T11:28:48","modified_gmt":"2020-10-21T09:28:48","slug":"obras-santiago-bernabeu-2020-noticias-fechas","status":"publish","type":"post","link":"https:\/\/www.vidademadrid.com\/es\/16308\/obras-santiago-bernabeu-2020-noticias-fechas\/","title":{"rendered":"Obras del Santiago Bernab\u00e9u: el objetivo es el verano de 2022"},"content":{"rendered":"<p>Las obras de remodelaci\u00f3n del <strong>Santiago Bernab\u00e9u<\/strong> comenzaron el pasado junio, y en este 2020 avanzan a buen ritmo. El <strong>Real Madrid<\/strong> podr\u00eda estrenar nuevo estadio seg\u00fan lo previsto si no ocurre ning\u00fan contratiempo. Sigue leyendo para conocer las noticias y las fechas de las obras del nuevo Santiago Bernab\u00e9u.<\/p>\n\n<script async=\"\" src=\"\/\/pagead2.googlesyndication.com\/pagead\/js\/adsbygoogle.js\"><\/script> <!-- Vida 1 --> <ins class=\"adsbygoogle\" style=\"display:block\" data-ad-client=\"ca-pub-7450064428034605\" data-ad-slot=\"2284573579\" data-ad-format=\"auto\"><\/ins> <script> (adsbygoogle = window.adsbygoogle || []).push({}); <\/script>\n\n<h2><strong>Actualizaci\u00f3n 21 de octubre<\/strong><\/h2>\n\n\n<script async=\"\" src=\"\/\/pagead2.googlesyndication.com\/pagead\/js\/adsbygoogle.js\"><\/script> <!-- Vida 2 --> <ins class=\"adsbygoogle\" style=\"display:inline-block;width:336px;height:280px\" data-ad-client=\"ca-pub-7450064428034605\" data-ad-slot=\"9336835571\"><\/ins> <script> (adsbygoogle = window.adsbygoogle || []).push({}); <\/script>\n\n<p>Mientras que el <strong>Real Madrid<\/strong> sigue disputando sus partidos en el <a href=\"https:\/\/www.vidademadrid.com\/es\/18761\/estadio-di-stefano-historia-donde-esta-capacidad\/\"><strong>Estadio Di Stefano<\/strong><\/a> (que esta noche vivir\u00e1 su primer partido de<a href=\"https:\/\/www.vidademadrid.com\/es\/26110\/champions-league-2020-21-real-madrid-atletico-madrid-apuestas\/\"><strong> Champions League<\/strong><\/a> ante el <strong>Shakhtar Donetsk)<\/strong> las obras del <strong>Santiago Bernab\u00e9u<\/strong> siguen avanzando. El club blanco ha mostrado fotograf\u00edas de c\u00f3mo est\u00e1 yendo la remodelaci\u00f3n de su coliseo, que aunque el verde ya est\u00e9 listo para poder disputar partidos, todav\u00eda es imposible acoger partidos debido a la gran afluencia de gr\u00faas y camiones que trabajan en el estadio merengue. Por lo tanto, es una incertidumbre cu\u00e1ndo el Real Madrid volver\u00e1 al Bernab\u00e9u o a recibir p\u00fablico.<\/p>\n<figure id=\"attachment_26304\" aria-describedby=\"caption-attachment-26304\" style=\"width: 300px\" class=\"wp-caption alignnone\"><a href=\"https:\/\/www.vidademadrid.com\/es\/wp-content\/uploads\/2020\/06\/Bernb\u00e9u.jpg\"><img loading=\"lazy\" decoding=\"async\" class=\"size-medium wp-image-26304\" src=\"https:\/\/www.vidademadrid.com\/es\/wp-content\/uploads\/2020\/06\/Bernb\u00e9u-300x180.jpg\" alt=\"\" width=\"300\" height=\"180\" srcset=\"https:\/\/www.vidademadrid.com\/es\/wp-content\/uploads\/2020\/06\/Bernb\u00e9u-300x180.jpg 300w, https:\/\/www.vidademadrid.com\/es\/wp-content\/uploads\/2020\/06\/Bernb\u00e9u-768x461.jpg 768w, https:\/\/www.vidademadrid.com\/es\/wp-content\/uploads\/2020\/06\/Bernb\u00e9u-696x418.jpg 696w, https:\/\/www.vidademadrid.com\/es\/wp-content\/uploads\/2020\/06\/Bernb\u00e9u-700x420.jpg 700w, https:\/\/www.vidademadrid.com\/es\/wp-content\/uploads\/2020\/06\/Bernb\u00e9u.jpg 1000w\" sizes=\"auto, (max-width: 300px) 100vw, 300px\" \/><\/a><figcaption id=\"caption-attachment-26304\" class=\"wp-caption-text\">Foto: Realmadrid.com<\/figcaption><\/figure>\n\n\n<script async=\"\" src=\"\/\/pagead2.googlesyndication.com\/pagead\/js\/adsbygoogle.js\"><\/script> <!-- Vida vertical --> <ins class=\"adsbygoogle\" style=\"display:inline-block;width:300px;height:600px\" data-ad-client=\"ca-pub-7450064428034605\" data-ad-slot=\"7296098777\"><\/ins> <script> (adsbygoogle = window.adsbygoogle || []).push({}); <\/script>\n\n<p>El objetivo es que el nuevo Santiago Bernab\u00e9u est\u00e9 listo para <strong>2022,&nbsp;<\/strong>aunque el complejo que le rodea de zonas peatonales no estar\u00e1 completo hasta enero de 2023. Que el Real Madrid est\u00e9 disputando todav\u00eda sus partidos en <strong>Valdebebas<\/strong> le ha venido bien para acelerar las obras del nuevo Bernab\u00e9u, pero las pretensiones del nuevo estadio madridista (que cambiar\u00e1 por completo) siguen siendo muy altas y una fecha anterior al <strong>verano de 2022<\/strong> se antoja complicada.<\/p>\n\n\n<script data-wid=\"auto\" type=\"text\/javascript\" src=\"https:\/\/content.viralize.tv\/display\/?zid=AADiaHd5cH72qFIl&amp;cid=AAavJ782-a6XkST-&amp;activation=adfill&amp;vip_mode=playing&amp;vip_position=bottom-right\"><\/script>\n\n<h2><strong>Actualizaci\u00f3n 1 de junio<\/strong><\/h2>\n<p>Mientras que el <strong>Real Madrid<\/strong> ya tiene fecha para su estreno en partido oficial el <strong>Estadio Di Stefano<\/strong> (14 de junio ante el Sevilla), las obras del <strong>Santiago Bernab\u00e9u<\/strong> avanzan a paso agigantado.<\/p>\n<p>En cuanto a las obras, se ha comenzado con la demolici\u00f3n de la T4, o lo que es lo mismo, la zona de oficinas del club blanco. Y en el interior del <strong>Bernab\u00e9u<\/strong> se est\u00e1n realizando labores de escombro, con demolici\u00f3n de parte de la grada y retirada de algunos asientos.&nbsp;<\/p>\n<p>Todo parece indicar que podr\u00eda volver el f\u00fatbol al coliseo blanco a principios de la temporada que viene, sobre el mes de octubre, eso s\u00ed, solamente con un tanto por ciento del aforo (se habla del 30%), y seg\u00fan vaya evolucionando la pandemia, tal y como ha dicho, <strong>Irene Lozano<\/strong>, presidente del Consejo Superior de Deportes.<\/p>\n<p>&nbsp;<\/p>\n<h2><strong>Actualizaci\u00f3n 12 de mayo<\/strong><\/h2>\n<p>Nos hemos acercado a los aleda\u00f1os del estadio del Real Madrid para conocer <em>in situ<\/em> sus principales novedades:<\/p>\n\n\n<figure class=\"wp-block-embed is-type-rich is-provider-vida-de-madrid\"><div class=\"wp-block-embed__wrapper\">\n<blockquote class=\"wp-embedded-content\" data-secret=\"QwEr1obi8V\"><a href=\"https:\/\/www.vidademadrid.com\/es\/19989\/santiago-bernabeu-real-madrid-obras-video\/\">El nuevo Santiago Bernab\u00e9u en la fase 1. V\u00eddeo<\/a><\/blockquote><iframe loading=\"lazy\" class=\"wp-embedded-content\" sandbox=\"allow-scripts\" security=\"restricted\" style=\"position: absolute; clip: rect(1px, 1px, 1px, 1px);\" title=\"&#171;El nuevo Santiago Bernab\u00e9u en la fase 1. V\u00eddeo&#187; &#8212; Vida de Madrid\" src=\"https:\/\/www.vidademadrid.com\/es\/19989\/santiago-bernabeu-real-madrid-obras-video\/embed\/#?secret=QwEr1obi8V\" data-secret=\"QwEr1obi8V\" width=\"600\" height=\"338\" frameborder=\"0\" marginwidth=\"0\" marginheight=\"0\" scrolling=\"no\"><\/iframe>\n<\/div><\/figure>\n\n\n<p><\/p>\n<h2><strong>Actualizaci\u00f3n 17 de abril<\/strong><\/h2>\n<p>La crisis sanitaria creada por el <a href=\"https:\/\/www.vidademadrid.com\/es\/tag\/coronavirus\/\"><strong>coronavirus<\/strong> <\/a>ha hecho que se pare el mundo del f\u00fatbol, pero esta situaci\u00f3n la ha aprovechado el <strong>Real Madrid<\/strong> para seguir avanzando en las obras del <strong>Santiago Bernab\u00e9u.&nbsp;<\/strong>Las obras se vieron paralizadas cuando se decret\u00f3 el cierre toda actividad no esencial, pero desde el pasado 9 de abril los blancos han retomado las obras de remodelaci\u00f3n del estadio despu\u00e9s de que el Gobierno permitiese la vuelta al trabajo del sector de la construcci\u00f3n.<\/p>\n<p>El nuevo <strong>Santiago Bernab\u00e9u<\/strong> deber\u00eda estar listo para inaugurarse el temporada <strong>2022\/23<\/strong>, pero de seguir paralizado el f\u00fatbol estos avances podr\u00edan precipitar el estreno del nuevo coliseo blanco.<\/p>\n<p>El <strong>Real Madrid<\/strong> incluso ha presentado estos d\u00edas en sus redes sociales un v\u00eddeo en el que muestra c\u00f3mo sera su nuevo estadio:<\/p>\n<blockquote class=\"twitter-tweet\">\n<p><\/p>\n<p dir=\"ltr\" lang=\"es\">?\ufe0f\u2728 Por muchos momentos m\u00e1s inolvidables en casa&#8230;<br>? El Santiago Bernab\u00e9u del futuro.<a href=\"https:\/\/twitter.com\/hashtag\/RMFansEnCasa?src=hash&amp;ref_src=twsrc%5Etfw\">#RMFansEnCasa<\/a> | <a href=\"https:\/\/twitter.com\/hashtag\/YoMeQuedoEnCasa?src=hash&amp;ref_src=twsrc%5Etfw\">#YoMeQuedoEnCasa<\/a> <a href=\"https:\/\/t.co\/ETgLVRpznD\">pic.twitter.com\/ETgLVRpznD<\/a><\/p>\n<p>\u2014 Real Madrid C.F.\u26bd (@realmadrid) <a href=\"https:\/\/twitter.com\/realmadrid\/status\/1249766803741372418?ref_src=twsrc%5Etfw\">April 13, 2020<\/a><\/p>\n<\/blockquote>\n<p><script async=\"\" src=\"https:\/\/platform.twitter.com\/widgets.js\" charset=\"utf-8\"><\/script><\/p>\n<p><script async=\"\" src=\"\/\/pagead2.googlesyndication.com\/pagead\/js\/adsbygoogle.js\"><\/script> <!-- Vida 1 --> <ins class=\"adsbygoogle\" style=\"display: block;\" data-ad-client=\"ca-pub-7450064428034605\" data-ad-slot=\"2284573579\" data-ad-format=\"auto\"><\/ins> <script> (adsbygoogle = window.adsbygoogle || []).push({}); <\/script><\/p>\n<h2><strong>1 de marzo<\/strong><\/h2>\n<h3><strong>Obras del Santiago Bernab\u00e9u en 2020: primeras reformas<\/strong><\/h3>\n<p><script async=\"\" src=\"\/\/pagead2.googlesyndication.com\/pagead\/js\/adsbygoogle.js\"><\/script> <!-- Vida 2 --> <ins class=\"adsbygoogle\" style=\"display: inline-block; width: 336px; height: 280px;\" data-ad-client=\"ca-pub-7450064428034605\" data-ad-slot=\"9336835571\"><\/ins> <script> (adsbygoogle = window.adsbygoogle || []).push({}); <\/script>El pasado mayo se escenificaba de forma oficial a la reforma del <strong>Santiago Bernab\u00e9u<\/strong> en una presentaci\u00f3n entre la entonces alcaldesa de <strong>Madrid, Manuela Carmena<\/strong>, y el presidente del <strong>Real Madrid Florentino P\u00e9rez<\/strong>.<\/p>\n<p>La obras para el nuevo estadio del <strong>Real Madrid<\/strong> comenzaron el pasado verano, y ya se pueden observar los primeros cambios en el <strong>Santiago Bernab\u00e9u. <\/strong>El Centro Comercial La Esquina del Bernab\u00e9u, de la calle <strong>Padre Dami\u00e1n,<\/strong> fue la primera gran reforma que sufri\u00f3 el estadio blanco, siendo demolida. Despu\u00e9s llego el desmontaje de la iluminaci\u00f3n, la calefacci\u00f3n, la megafon\u00eda y el wifi, y ahora se est\u00e1 trabajando en la primera gran obra visual que sufrir\u00e1 templo merengue: la retirada de la cubierta de fondo norte y sur.<\/p>\n<p>Despu\u00e9s se seguir\u00e1 con la construcci\u00f3n de una nueva grada en lateral oeste, tambi\u00e9n con una instalaci\u00f3n de un videomarcador 360\u00ba, que pondr\u00e1 al <strong>Bernab\u00e9u<\/strong> a la vanguardia tecnol\u00f3gica. M\u00e1s tarde se seguir\u00e1 con el cambio de fachada en la <strong>Castellana<\/strong>, que incluye una zona comercial, un hotel y el area VIP, y por \u00faltimo llegar\u00e1 el cerramiento completo del estadio y la cubierta retr\u00e1ctil.<\/p>\n<h3><strong>Obras del Santiago Bernab\u00e9u en 2020: presupuesto y fechas<\/strong><\/h3>\n<p><script async=\"\" src=\"\/\/pagead2.googlesyndication.com\/pagead\/js\/adsbygoogle.js\"><\/script> <!-- Vida vertical --> <ins class=\"adsbygoogle\" style=\"display: inline-block; width: 300px; height: 600px;\" data-ad-client=\"ca-pub-7450064428034605\" data-ad-slot=\"7296098777\"><\/ins> <script> (adsbygoogle = window.adsbygoogle || []).push({}); <\/script>El presupuesto marcado para las obras del <strong>Santiago Bernab\u00e9u<\/strong> es de 525 millones de euros, y el tiempo de ejecuci\u00f3n de las obras est\u00e1 marcado en 44 meses, seg\u00fan el <strong>Bolet\u00edn Oficial de la Comunidad de Madrid<\/strong>, por lo que el <strong>Real Madrid<\/strong> estrenar\u00eda nuevo estadio para la temporada 2022\/23.<\/p>\n<p>Seguiremos informando de todas las noticias que sucedan con las obras de remodelaci\u00f3n del Santiago Bernab\u00e9u.<\/p>","protected":false},"excerpt":{"rendered":"<p>La remodelaci\u00f3n avanza a buen ritmo.<\/p>\n","protected":false},"author":9,"featured_media":26305,"comment_status":"open","ping_status":"open","sticky":false,"template":"","format":"standard","meta":{"footnotes":""},"categories":[78],"tags":[77,60],"class_list":{"0":"post-16308","1":"post","2":"type-post","3":"status-publish","4":"format-standard","5":"has-post-thumbnail","7":"category-deporte","8":"tag-estadio-santiago-bernabeu","9":"tag-real-madrid"},"_links":{"self":[{"href":"https:\/\/www.vidademadrid.com\/es\/wp-json\/wp\/v2\/posts\/16308","targetHints":{"allow":["GET"]}}],"collection":[{"href":"https:\/\/www.vidademadrid.com\/es\/wp-json\/wp\/v2\/posts"}],"about":[{"href":"https:\/\/www.vidademadrid.com\/es\/wp-json\/wp\/v2\/types\/post"}],"author":[{"embeddable":true,"href":"https:\/\/www.vidademadrid.com\/es\/wp-json\/wp\/v2\/users\/9"}],"replies":[{"embeddable":true,"href":"https:\/\/www.vidademadrid.com\/es\/wp-json\/wp\/v2\/comments?post=16308"}],"version-history":[{"count":12,"href":"https:\/\/www.vidademadrid.com\/es\/wp-json\/wp\/v2\/posts\/16308\/revisions"}],"predecessor-version":[{"id":26307,"href":"https:\/\/www.vidademadrid.com\/es\/wp-json\/wp\/v2\/posts\/16308\/revisions\/26307"}],"wp:featuredmedia":[{"embeddable":true,"href":"https:\/\/www.vidademadrid.com\/es\/wp-json\/wp\/v2\/media\/26305"}],"wp:attachment":[{"href":"https:\/\/www.vidademadrid.com\/es\/wp-json\/wp\/v2\/media?parent=16308"}],"wp:term":[{"taxonomy":"category","embeddable":true,"href":"https:\/\/www.vidademadrid.com\/es\/wp-json\/wp\/v2\/categories?post=16308"},{"taxonomy":"post_tag","embeddable":true,"href":"https:\/\/www.vidademadrid.com\/es\/wp-json\/wp\/v2\/tags?post=16308"}],"curies":[{"name":"wp","href":"https:\/\/api.w.org\/{rel}","templated":true}]}}