{"id":1623,"date":"2016-01-12T13:18:04","date_gmt":"2016-01-12T12:18:04","guid":{"rendered":"http:\/\/www.vidademadrid.com\/es\/?p=1623"},"modified":"2016-01-12T15:49:18","modified_gmt":"2016-01-12T14:49:18","slug":"gastrofestival-2016-madrid-programa","status":"publish","type":"post","link":"https:\/\/www.vidademadrid.com\/es\/1623\/gastrofestival-2016-madrid-programa\/","title":{"rendered":"Gastrofestival 2016 Madrid, el programa: tapa+botell\u00edn 3\u20ac, men\u00fas especiales y mucho m\u00e1s"},"content":{"rendered":"<p>\u00a1C\u00f3mete Madrid! As\u00ed se presenta la nueva edici\u00f3n del <strong>Gastrofestival 2016 Madrid<\/strong>, un evento que une Madrid y comida (algo bastante natural, tengo que decir&#8230; <a href=\"http:\/\/www.vidademadrid.com\/es\/restaurantes-bares-madrid\/\">y que me encanta<\/a>). En este post toda la info b\u00e1sica sobre el programa del Gastrofestival 2016: hay muchas cosas que hacer, mejor apuntarse algo antes para no perderse nada.<\/p>\n<h2>Gastrofestival 2016 en Madrid: programa e info<\/h2>\n<ul>\n<li><strong>\u00bfCuando? Las fechas<\/strong>: el Gastrofestival 2016 de Madrid es desde el sabado 23 de enero hasta el domingo 7 de febrero 2016.<\/li>\n<li><strong>\u00bfDonde?<\/strong> \u00a1En todo Madrid! Participan 300 restaurantes, hay muchos eventos en Conde Duque, eventos tambi\u00e9n en unos Mercados, y hay otros eventos especiales <a href=\"http:\/\/www.museothyssen.org\/thyssen\/ficha_actividad\/433\" target=\"_blank\">(como en el Museo Thyssen-Bornemisza)<\/a>.<\/li>\n<li><strong>\u00bfQue se come?<\/strong> Se puede tapear con \u00ab<strong>Degustatapas<\/strong>\u00bb o \u00abNuestras barras favoritas con un Rioja\u00bb: 3 euros tapa+botell\u00edn de cerveza y 6 euros tapa+vino Rioja. O se puede <strong>comer y cenar<\/strong> con men\u00fas especiales, precio m\u00e1ximo 40 euros.<\/li>\n<li>Eventos culturales: \u00ab<strong>Gastrocultura<\/strong>\u00bb en el centro Conde Duque, con mezclar\u00e1 gastronom\u00eda con artes y cultura.<\/li>\n<li>Eventos en los <strong>mercados<\/strong>: talleres, degustaciones, etc. en los mercados de Ant\u00f3n Mart\u00edn, San Ant\u00f3n, Barcel\u00f3, la Paz, y Vallehermoso.<\/li>\n<\/ul>\n<p><script async src=\"\/\/pagead2.googlesyndication.com\/pagead\/js\/adsbygoogle.js\"><\/script><br \/>\n<!-- Vida 2 --><br \/>\n<ins class=\"adsbygoogle\"\n     style=\"display:inline-block;width:336px;height:280px\"\n     data-ad-client=\"ca-pub-7450064428034605\"\n     data-ad-slot=\"9336835571\"><\/ins><br \/>\n<script>\n(adsbygoogle = window.adsbygoogle || []).push({});\n<\/script><\/p>\n<p><a href=\"http:\/\/www.gastrofestivalmadrid.com\/es\/locales\" target=\"_blank\">El mapa y el listado de todos los restaurantes y bares del Gastrofestival 2016<\/a> est\u00e1 en la web oficial, donde tambi\u00e9n est\u00e1 la info de los eventos especiales.<\/p>\n<p><script async src=\"\/\/pagead2.googlesyndication.com\/pagead\/js\/adsbygoogle.js\"><\/script><br \/>\n<!-- Vida 1 --><br \/>\n<ins class=\"adsbygoogle\"\n     style=\"display:block\"\n     data-ad-client=\"ca-pub-7450064428034605\"\n     data-ad-slot=\"2284573579\"\n     data-ad-format=\"auto\"><\/ins><br \/>\n<script>\n(adsbygoogle = window.adsbygoogle || []).push({});\n<\/script><\/p>\n","protected":false},"excerpt":{"rendered":"<p>Todo sobre la nueva edici\u00f3n del Gastrofestival<\/p>\n","protected":false},"author":1,"featured_media":1626,"comment_status":"open","ping_status":"open","sticky":false,"template":"","format":"standard","meta":{"footnotes":""},"categories":[11],"tags":[],"class_list":{"0":"post-1623","1":"post","2":"type-post","3":"status-publish","4":"format-standard","5":"has-post-thumbnail","7":"category-eventos-madrid"},"_links":{"self":[{"href":"https:\/\/www.vidademadrid.com\/es\/wp-json\/wp\/v2\/posts\/1623","targetHints":{"allow":["GET"]}}],"collection":[{"href":"https:\/\/www.vidademadrid.com\/es\/wp-json\/wp\/v2\/posts"}],"about":[{"href":"https:\/\/www.vidademadrid.com\/es\/wp-json\/wp\/v2\/types\/post"}],"author":[{"embeddable":true,"href":"https:\/\/www.vidademadrid.com\/es\/wp-json\/wp\/v2\/users\/1"}],"replies":[{"embeddable":true,"href":"https:\/\/www.vidademadrid.com\/es\/wp-json\/wp\/v2\/comments?post=1623"}],"version-history":[{"count":14,"href":"https:\/\/www.vidademadrid.com\/es\/wp-json\/wp\/v2\/posts\/1623\/revisions"}],"predecessor-version":[{"id":1638,"href":"https:\/\/www.vidademadrid.com\/es\/wp-json\/wp\/v2\/posts\/1623\/revisions\/1638"}],"wp:featuredmedia":[{"embeddable":true,"href":"https:\/\/www.vidademadrid.com\/es\/wp-json\/wp\/v2\/media\/1626"}],"wp:attachment":[{"href":"https:\/\/www.vidademadrid.com\/es\/wp-json\/wp\/v2\/media?parent=1623"}],"wp:term":[{"taxonomy":"category","embeddable":true,"href":"https:\/\/www.vidademadrid.com\/es\/wp-json\/wp\/v2\/categories?post=1623"},{"taxonomy":"post_tag","embeddable":true,"href":"https:\/\/www.vidademadrid.com\/es\/wp-json\/wp\/v2\/tags?post=1623"}],"curies":[{"name":"wp","href":"https:\/\/api.w.org\/{rel}","templated":true}]}}