{"id":16224,"date":"2020-02-26T14:17:59","date_gmt":"2020-02-26T13:17:59","guid":{"rendered":"http:\/\/www.vidademadrid.com\/es\/?p=16224"},"modified":"2020-04-17T10:04:09","modified_gmt":"2020-04-17T08:04:09","slug":"aitana-concierto-madrid-diciembre-2020-entradas","status":"publish","type":"post","link":"https:\/\/www.vidademadrid.com\/es\/16224\/aitana-concierto-madrid-diciembre-2020-entradas\/","title":{"rendered":"Aitana en concierto en Madrid en diciembre de 2020. Todos los detalles sobre las entradas"},"content":{"rendered":"<p><strong>Aitana<\/strong> vuelve a Madrid el pr\u00f3ximo mes de <strong>diciembre de 2020<\/strong> con la segunda parte de su gira. Tras recorrer todo el pa\u00eds con la primera parte de &#8216;Play Tour&#8217; en la que present\u00f3 su \u00e1lbum &#8216;Spoiler&#8217;, la cantante ha anunciado sus nuevas fechas para este 2020. A continuaci\u00f3n, te contamos todo sobre su pr\u00f3xima visita a Madrid.\u00a0<\/p>\n<h2>Aitana en concierto en Madrid: \u00bfD\u00f3nde y cu\u00e1ndo?<\/h2>\n<p><script async=\"\" src=\"\/\/pagead2.googlesyndication.com\/pagead\/js\/adsbygoogle.js\"><\/script> <!-- Vida 1 --> <ins class=\"adsbygoogle\" style=\"display: block;\" data-ad-client=\"ca-pub-7450064428034605\" data-ad-slot=\"2284573579\" data-ad-format=\"auto\"><\/ins> <script> (adsbygoogle = window.adsbygoogle || []).push({}); <\/script><\/p>\n<p>El concierto de Aitana en Madrid ser\u00e1 el pr\u00f3ximo <strong>20 de diciembre en el Wizink Center<\/strong> y ser\u00e1 el que ponga punto y final a la segunda parte de su gira \u2018<strong>\u271a\u25b6TOUR<\/strong>\u2019. Esta etapa arrancar\u00e1 en Valencia el 23 de mayo y recorrer\u00e1 tambi\u00e9n Barcelona, Marbella, Chiclana de la Frontera, Sevilla y Bilbao.\u00a0<\/p>\n<p>Esta cita madrile\u00f1a ser\u00e1 la tercera para la ya consolidada artista, quien consigui\u00f3 sold out tanto en el Teatro Real, como en el Palacio Vistalegre el a\u00f1o pasado y reuni\u00f3 a m\u00e1s de 100.000 espectadores durante la primera etapa de su gira.\u00a0<\/p>\n<h2>Aitana en concierto en Madrid: Entradas 20 de diciembre 2020<\/h2>\n<p><script async=\"\" src=\"\/\/pagead2.googlesyndication.com\/pagead\/js\/adsbygoogle.js\"><\/script> <!-- Vida 2 --> <ins class=\"adsbygoogle\" style=\"display: inline-block; width: 336px; height: 280px;\" data-ad-client=\"ca-pub-7450064428034605\" data-ad-slot=\"9336835571\"><\/ins> <script> (adsbygoogle = window.adsbygoogle || []).push({}); <\/script><\/p>\n<p>Las entradas para el concierto de Aitana en Madrid el 20 de diciembre de 2020 ya est\u00e1n a la venta en distintas plataformas digitales como la web de la artista, <strong>aitanamusic<\/strong>, <strong>TicketMaster<\/strong> y en la propia <strong>web del Wizink Center Madrid<\/strong>: <a href=\"https:\/\/ticketmaster-es.tm7508.net\/c\/2014209\/427744\/7508?u=https%3A%2F%2Fwww.ticketmaster.es%2Fartist%2Faitana-entradas%2F1010977\">pincha aqu\u00ed para ver precios y comprar<\/a>.\u00a0<\/p>\n<p>A falta de algunas fechas por anunciar, ya puedes conseguir las entradas para ver uno de los eventos que m\u00e1s expectaci\u00f3n cre\u00f3 durante 2019 y donde no faltar\u00e1n nuevas canciones, adem\u00e1s de sus \u00e9xitos m\u00e1s conocidos como &#8216;Tel\u00e9fono&#8217;, &#8216;Vas a quedarte&#8217;, &#8216;Lo Malo&#8217; y &#8216;Me Quedo&#8217;, entre otros.\u00a0<\/p>\n<p>Aqu\u00ed os dejamos su \u00faltimo trabajo, &#8216;+&#8217;, del que podr\u00e1s disfrutar en directo en el concierto de Madrid este 2020, que cuenta ya con m\u00e1s de 20 millones de reproducciones en Youtube.\u00a0<\/p>\n<p><script async=\"\" src=\"\/\/pagead2.googlesyndication.com\/pagead\/js\/adsbygoogle.js\"><\/script> <!-- Vida vertical --> <ins class=\"adsbygoogle\" style=\"display: inline-block; width: 300px; height: 600px;\" data-ad-client=\"ca-pub-7450064428034605\" data-ad-slot=\"7296098777\"><\/ins> <script> (adsbygoogle = window.adsbygoogle || []).push({}); <\/script><\/p>\n\n\n<figure class=\"wp-block-embed-youtube wp-block-embed is-type-video is-provider-youtube wp-embed-aspect-16-9 wp-has-aspect-ratio\"><div class=\"wp-block-embed__wrapper\">\n<iframe loading=\"lazy\" width=\"696\" height=\"392\" src=\"https:\/\/www.youtube.com\/embed\/pPoAE5DnQRg?feature=oembed\" frameborder=\"0\" allow=\"accelerometer; autoplay; encrypted-media; gyroscope; picture-in-picture\" allowfullscreen><\/iframe>\n<\/div><figcaption>\u00ab+\u00bb, el \u00faltimo trabajo de Aitana<\/figcaption><\/figure>\n","protected":false},"excerpt":{"rendered":"<p>La cantante cerrar\u00e1 la segunda parte de &#8216;\u271a\u25b6TOUR&#8217; en el Wizink Center<\/p>\n","protected":false},"author":10,"featured_media":16227,"comment_status":"open","ping_status":"open","sticky":false,"template":"","format":"standard","meta":{"footnotes":""},"categories":[22],"tags":[70],"class_list":{"0":"post-16224","1":"post","2":"type-post","3":"status-publish","4":"format-standard","5":"has-post-thumbnail","7":"category-conciertos-madrid","8":"tag-wizink-center"},"_links":{"self":[{"href":"https:\/\/www.vidademadrid.com\/es\/wp-json\/wp\/v2\/posts\/16224","targetHints":{"allow":["GET"]}}],"collection":[{"href":"https:\/\/www.vidademadrid.com\/es\/wp-json\/wp\/v2\/posts"}],"about":[{"href":"https:\/\/www.vidademadrid.com\/es\/wp-json\/wp\/v2\/types\/post"}],"author":[{"embeddable":true,"href":"https:\/\/www.vidademadrid.com\/es\/wp-json\/wp\/v2\/users\/10"}],"replies":[{"embeddable":true,"href":"https:\/\/www.vidademadrid.com\/es\/wp-json\/wp\/v2\/comments?post=16224"}],"version-history":[{"count":6,"href":"https:\/\/www.vidademadrid.com\/es\/wp-json\/wp\/v2\/posts\/16224\/revisions"}],"predecessor-version":[{"id":17193,"href":"https:\/\/www.vidademadrid.com\/es\/wp-json\/wp\/v2\/posts\/16224\/revisions\/17193"}],"wp:featuredmedia":[{"embeddable":true,"href":"https:\/\/www.vidademadrid.com\/es\/wp-json\/wp\/v2\/media\/16227"}],"wp:attachment":[{"href":"https:\/\/www.vidademadrid.com\/es\/wp-json\/wp\/v2\/media?parent=16224"}],"wp:term":[{"taxonomy":"category","embeddable":true,"href":"https:\/\/www.vidademadrid.com\/es\/wp-json\/wp\/v2\/categories?post=16224"},{"taxonomy":"post_tag","embeddable":true,"href":"https:\/\/www.vidademadrid.com\/es\/wp-json\/wp\/v2\/tags?post=16224"}],"curies":[{"name":"wp","href":"https:\/\/api.w.org\/{rel}","templated":true}]}}