{"id":16085,"date":"2020-02-18T19:55:18","date_gmt":"2020-02-18T18:55:18","guid":{"rendered":"http:\/\/www.vidademadrid.com\/es\/?p=16085"},"modified":"2020-02-18T19:57:38","modified_gmt":"2020-02-18T18:57:38","slug":"bicimad-2020-ciudad-lineal","status":"publish","type":"post","link":"https:\/\/www.vidademadrid.com\/es\/16085\/bicimad-2020-ciudad-lineal\/","title":{"rendered":"BiciMad en Ciudad Lineal: d\u00f3nde est\u00e1n las nuevas estaciones de la ampliaci\u00f3n 2020"},"content":{"rendered":"<p><span style=\"color: #000000;\"><strong>BiciMad<\/strong> sigue con su expansi\u00f3n fuera de la M30, el <strong>Ayuntamiento de Madrid<\/strong> ha anunciado las nuevas estaciones de la ampliaci\u00f3n 2020: ocho de ellas estar\u00e1n en el Distrito de <strong>Ciudad Lineal<\/strong>. En este art\u00edculo te damos toda la informaci\u00f3n sobre la ubicaci\u00f3n de estas nuevas estaciones.<\/span><\/p>\n<h2><strong>BiciMad en Ciudad Lineal: las ocho nuevas estaciones 2020<\/strong><\/h2>\n<p><script async=\"\" src=\"\/\/pagead2.googlesyndication.com\/pagead\/js\/adsbygoogle.js\"><\/script> <!-- Vida 1 --> <ins class=\"adsbygoogle\" style=\"display:block\" data-ad-client=\"ca-pub-7450064428034605\" data-ad-slot=\"2284573579\" data-ad-format=\"auto\"><\/ins> <script> (adsbygoogle = window.adsbygoogle || []).push({}); <\/script><\/p>\n<p>Ser\u00e1n ocho las nuevas estaciones <strong>BiciMad 2020<\/strong> ubicadas en <strong>Ciudad Lineal.<\/strong> Las ocho nuevas se suman a las dos anteriores, convirtiendo a Ciudad Lineal en el Distrito fuera de la M30 con m\u00e1s estaciones de BiciMad. Las dos ya existentes est\u00e1n situadas en la <strong>Avenida Daroca 2<\/strong> y la <strong>Calle Virgen de la Alegr\u00eda,&nbsp;<\/strong>y las nuevas estar\u00e1n en los barrios de <strong>San Pascual, Ventas, Pueblo Nuevo y Concepci\u00f3n.<\/strong><\/p>\n<p><script async=\"\" src=\"\/\/pagead2.googlesyndication.com\/pagead\/js\/adsbygoogle.js\"><\/script> <!-- Vida 2 --> <ins class=\"adsbygoogle\" style=\"display:inline-block;width:336px;height:280px\" data-ad-client=\"ca-pub-7450064428034605\" data-ad-slot=\"9336835571\"><\/ins> <script> (adsbygoogle = window.adsbygoogle || []).push({}); <\/script><\/p>\n<h2><strong>BiciMad en Ciudad Lineal: las tres nuevas estaciones de San Pascual<\/strong><\/h2>\n<ul>\n<li><span style=\"color: #000000;\">Calle Derechos Humanos \/ calle Esteban Mola<\/span><\/li>\n<li><span style=\"color: #000000;\">Avenida Badajoz \/ calle Virgen de \u00c1frica<\/span><\/li>\n<li><span style=\"color: #000000;\">Calle Canal de Mozambique \/ calle Padre Coloma<\/span><\/li>\n<\/ul>\n<h2><strong>BiciMad en Ciudad Lineal: las tres<\/strong><strong>&nbsp;nuevas estaciones de Ventas<\/strong><\/h2>\n<ul>\n<li><span style=\"color: #000000;\">Avenida Marqu\u00e9s de Corbera, 12<\/span><\/li>\n<li><span style=\"color: #000000;\">Calle San Marcelo \/ calle Ram\u00f3n Patuel<\/span><\/li>\n<li><span style=\"color: #000000;\">Avenida Marqu\u00e9s de Corbera, 61 (frente al Metro La Elipa)&nbsp;<\/span><\/li>\n<\/ul>\n<h2><strong>BiciMad en Ciudad Lineal: la<\/strong><strong> nueva estaci\u00f3n de Pueblo Nuevo<\/strong><\/h2>\n<ul>\n<li><span style=\"color: #000000;\">Calle Alcal\u00e1, 339 (Metro Quintana)&nbsp;<\/span><\/li>\n<\/ul>\n<h2><strong>BiciMad en Ciudad Lineal: la<\/strong><strong> nueva estaci\u00f3n de Concepci\u00f3n<\/strong><\/h2>\n<ul>\n<li>Calle Jos\u00e9 del Hierro \/ calle Emilio Gastesi Fern\u00e1ndez (polideportivo)<\/li>\n<\/ul>\n<p>A continuaci\u00f3n el Mapa con las ocho nuevas estaciones de <strong>BiciMad<\/strong> en <strong>Ciudad Lineal<\/strong><\/p>\n\n\n<h3>Calle Derechos Humanos \/ calle Esteban Mola<\/h3>\n<script async=\"\" src=\"\/\/pagead2.googlesyndication.com\/pagead\/js\/adsbygoogle.js\"><\/script> <!-- Vida 1 --> <ins class=\"adsbygoogle\" style=\"display:block\" data-ad-client=\"ca-pub-7450064428034605\" data-ad-slot=\"2284573579\" data-ad-format=\"auto\"><\/ins> <script> (adsbygoogle = window.adsbygoogle || []).push({}); <\/script><br>\n<iframe loading=\"lazy\" src=\"https:\/\/www.google.com\/maps\/embed?pb=!1m18!1m12!1m3!1d3036.667565166225!2d-3.6575909847414976!3d40.438359479362596!2m3!1f0!2f0!3f0!3m2!1i1024!2i768!4f13.1!3m3!1m2!1s0xd422f36e89613e1%3A0x1de687ecf500ce51!2sCalle%20de%20Esteban%20Mora%20%26%20Calle%20Derechos%20Humanos%2C%2028027%20Madrid!5e0!3m2!1ses!2ses!4v1582052165639!5m2!1ses!2ses\" width=\"100%\" height=\"450\" frameborder=\"0\" style=\"border:0;\" allowfullscreen=\"\"><\/iframe>\n\n<h3>Avenida Badajoz \/ calle Virgen de \u00c1frica<\/h3>\n<iframe loading=\"lazy\" src=\"https:\/\/www.google.com\/maps\/embed?pb=!1m18!1m12!1m3!1d3036.5321168503124!2d-3.6576215847413995!3d40.44135817936225!2m3!1f0!2f0!3f0!3m2!1i1024!2i768!4f13.1!3m3!1m2!1s0xd422f311716b807%3A0xcfb24a620b31ae5c!2sCalle%20de%20la%20Virgen%20de%20%C3%81frica%20%26%20Av.%20de%20Badajoz%2C%2028027%20Madrid!5e0!3m2!1ses!2ses!4v1582051869262!5m2!1ses!2ses\" width=\"100%\" height=\"450\" frameborder=\"0\" style=\"border:0;\" allowfullscreen=\"\"><\/iframe>\n\n\n<h3>Calle Canal de Mozambique \/ Calle Padre Coloma <\/h3>\n<iframe loading=\"lazy\" src=\"https:\/\/www.google.com\/maps\/embed?pb=!1m18!1m12!1m3!1d759.1435174609439!2d-3.6527966707756128!3d40.44042939871018!2m3!1f0!2f0!3f0!3m2!1i1024!2i768!4f13.1!3m3!1m2!1s0xd422f30a849be7d%3A0x22a2d1ef02328517!2sCalle%20Canal%20de%20Mozambique%20%26%20Calle%20Padre%20Coloma%2C%2028027%20Madrid!5e0!3m2!1ses!2ses!4v1582051914217!5m2!1ses!2ses\" width=\"100%\" height=\"450\" frameborder=\"0\" style=\"border:0;\" allowfullscreen=\"\"><\/iframe>\n\n<h3>Avenida Marqu\u00e9s de Corbera, 12<\/h3>\n<iframe loading=\"lazy\" src=\"https:\/\/www.google.com\/maps\/embed?pb=!1m18!1m12!1m3!1d3037.36628341871!2d-3.657674784742016!3d40.422887579364364!2m3!1f0!2f0!3f0!3m2!1i1024!2i768!4f13.1!3m3!1m2!1s0xd422f51ba4dc429%3A0xeaa4cd6815bb96df!2sAv.%20del%20Marqu%C3%A9s%20de%20Corbera%2C%2012%2C%2028017%20Madrid!5e0!3m2!1ses!2ses!4v1582051944289!5m2!1ses!2ses\" width=\"100%\" height=\"450\"  frameborder=\"0\" style=\"border:0;\" allowfullscreen=\"\"><\/iframe>\n\n\n<h3>Calle San Marcelo \/ Calle Ram\u00f3n Patuel<\/h3>\n<iframe loading=\"lazy\" src=\"https:\/\/www.google.com\/maps\/embed?pb=!1m18!1m12!1m3!1d3037.144149538741!2d-3.657700984741831!3d40.42780687936376!2m3!1f0!2f0!3f0!3m2!1i1024!2i768!4f13.1!3m3!1m2!1s0xd422f4eee30441b%3A0x3f58a0f89dcc2b0e!2sCalle%20San%20Marcelo%20%26%20Calle%20Ram%C3%B3n%20Patuel%2C%2028017%20Madrid!5e0!3m2!1ses!2ses!4v1582051963774!5m2!1ses!2ses\" width=\"100%\" height=\"450\" frameborder=\"0\" style=\"border:0;\" allowfullscreen=\"\"><\/iframe>\n\n<h3>Avenida Marqu\u00e9s de Corbera, 61<\/h3>\n<iframe loading=\"lazy\" src=\"https:\/\/www.google.com\/maps\/embed?pb=!1m18!1m12!1m3!1d3037.181169643775!2d-3.6527387847418584!3d40.426987079364075!2m3!1f0!2f0!3f0!3m2!1i1024!2i768!4f13.1!3m3!1m2!1s0xd422f4509492e8b%3A0xe4c3cb17530052a!2sAv.%20del%20Marqu%C3%A9s%20de%20Corbera%2C%2061%2C%2028017%20Madrid!5e0!3m2!1ses!2ses!4v1582051995217!5m2!1ses!2ses\" width=\"100%\" height=\"450\" frameborder=\"0\" style=\"border:0;\" allowfullscreen=\"\"><\/iframe>\n\n<h3>Calle Alcal\u00e1, 339<\/h3>\n<iframe loading=\"lazy\" src=\"https:\/\/www.google.com\/maps\/embed?pb=!1m18!1m12!1m3!1d3036.886355321407!2d-3.6500572847416497!3d40.43351527936326!2m3!1f0!2f0!3f0!3m2!1i1024!2i768!4f13.1!3m3!1m2!1s0xd422f4739b445fb%3A0x53c0693fc847c1a0!2sCalle%20de%20Alcal%C3%A1%2C%20339%2C%2028027%20Madrid!5e0!3m2!1ses!2ses!4v1582052016043!5m2!1ses!2ses\" width=\"100%\" height=\"450\" frameborder=\"0\" style=\"border:0;\" allowfullscreen=\"\"><\/iframe>\n\n<h3>Calle Jos\u00e9 del Hierro \/ calle Emilio Gastesi Fern\u00e1ndez (polideportivo)<\/h3>\n<iframe loading=\"lazy\" src=\"https:\/\/www.google.com\/maps\/embed?pb=!1m18!1m12!1m3!1d1766.9595818788232!2d-3.6496415034719276!3d40.436960038323996!2m3!1f0!2f0!3f0!3m2!1i1024!2i768!4f13.1!3m3!1m2!1s0xd422f3ed0f2f3f5%3A0x5f4b217e3d724162!2sPolideportivo%20Municipal%20La%20Concepci%C3%B3n!5e0!3m2!1ses!2ses!4v1582052038781!5m2!1ses!2ses\" width=\"100%\" height=\"450\" frameborder=\"0\" style=\"border:0;\" allowfullscreen=\"\"><\/iframe>\n","protected":false},"excerpt":{"rendered":"<p>El Distrito de Ciudad Lineal pone en marcha sus primeras estaciones del servicio de bicicletas<\/p>\n","protected":false},"author":9,"featured_media":16093,"comment_status":"open","ping_status":"open","sticky":false,"template":"","format":"standard","meta":{"footnotes":""},"categories":[12,23],"tags":[42,30],"class_list":{"0":"post-16085","1":"post","2":"type-post","3":"status-publish","4":"format-standard","5":"has-post-thumbnail","7":"category-actualidad-noticias-madrid","8":"category-transportes-huelgas-madrid","9":"tag-bicimad","10":"tag-ciudad-lineal"},"_links":{"self":[{"href":"https:\/\/www.vidademadrid.com\/es\/wp-json\/wp\/v2\/posts\/16085","targetHints":{"allow":["GET"]}}],"collection":[{"href":"https:\/\/www.vidademadrid.com\/es\/wp-json\/wp\/v2\/posts"}],"about":[{"href":"https:\/\/www.vidademadrid.com\/es\/wp-json\/wp\/v2\/types\/post"}],"author":[{"embeddable":true,"href":"https:\/\/www.vidademadrid.com\/es\/wp-json\/wp\/v2\/users\/9"}],"replies":[{"embeddable":true,"href":"https:\/\/www.vidademadrid.com\/es\/wp-json\/wp\/v2\/comments?post=16085"}],"version-history":[{"count":5,"href":"https:\/\/www.vidademadrid.com\/es\/wp-json\/wp\/v2\/posts\/16085\/revisions"}],"predecessor-version":[{"id":16096,"href":"https:\/\/www.vidademadrid.com\/es\/wp-json\/wp\/v2\/posts\/16085\/revisions\/16096"}],"wp:featuredmedia":[{"embeddable":true,"href":"https:\/\/www.vidademadrid.com\/es\/wp-json\/wp\/v2\/media\/16093"}],"wp:attachment":[{"href":"https:\/\/www.vidademadrid.com\/es\/wp-json\/wp\/v2\/media?parent=16085"}],"wp:term":[{"taxonomy":"category","embeddable":true,"href":"https:\/\/www.vidademadrid.com\/es\/wp-json\/wp\/v2\/categories?post=16085"},{"taxonomy":"post_tag","embeddable":true,"href":"https:\/\/www.vidademadrid.com\/es\/wp-json\/wp\/v2\/tags?post=16085"}],"curies":[{"name":"wp","href":"https:\/\/api.w.org\/{rel}","templated":true}]}}