{"id":16059,"date":"2020-02-18T09:43:57","date_gmt":"2020-02-18T08:43:57","guid":{"rendered":"http:\/\/www.vidademadrid.com\/es\/?p=16059"},"modified":"2020-04-01T13:10:32","modified_gmt":"2020-04-01T11:10:32","slug":"linea-001-emt-madrid-paradas","status":"publish","type":"post","link":"https:\/\/www.vidademadrid.com\/es\/16059\/linea-001-emt-madrid-paradas\/","title":{"rendered":"L\u00ednea 001 Emt Madrid: paradas y recorrido del nuevo autob\u00fas gratuito"},"content":{"rendered":"<p>Hoy se pone en marcha y por fin conocemos las paradas y el recorrido de la L\u00ednea 001, el nuevo <a href=\"http:\/\/www.vidademadrid.com\/es\/15610\/autobus-gratis-madrid-gran-via-atocha\/\">autob\u00fas gratuito de Emt Madrid que permite moverse sin coste y sin billete<\/a> desde Moncloa a Atocha.<\/p>\n<p>La L\u00ednea 001, que no debes confundir con la L\u00ednea 1, efectuar\u00e1 18 paradas destino Moncloa y 16 destino Atocha. Sigue leyendo para conocer el recorrido de la L\u00ednea 001.<\/p>\n<h2>L\u00ednea 001 de Atocha a Moncloa: paradas y recorrido<\/h2>\n<p><script async=\"\" src=\"\/\/pagead2.googlesyndication.com\/pagead\/js\/adsbygoogle.js\"><\/script> <!-- Vida 1 --> <ins class=\"adsbygoogle\" style=\"display: block;\" data-ad-client=\"ca-pub-7450064428034605\" data-ad-slot=\"2284573579\" data-ad-format=\"auto\"><\/ins> <script> (adsbygoogle = window.adsbygoogle || []).push({}); <\/script>Sentido ida. Paradas L\u00ednea 001<\/p>\n<blockquote>\n<p>Atocha Renfe &#8211; 5710<br \/>Ministerio de Agricultura &#8211; 5453<br \/>Prado-Atocha &#8211; 82<br \/>Museo del Prado-Jard\u00edn Bot\u00e1nico &#8211; 5511<br \/>Neptuno &#8211; 78<br \/>Cibeles &#8211; 69<br \/>C\u00edrculo de Bellas Artes &#8211; 5135<br \/>Gran V\u00eda-Pedro Zerolo &#8211; 5137<br \/>Gran V\u00eda-Montera &#8211; 4094<br \/>Gran V\u00eda-Callao &#8211; 9<br \/>Santo Domingo &#8211; 168<br \/>Gran V\u00eda-Plaza de Espa\u00f1a &#8211; 283<br \/>Plaza de Espa\u00f1a &#8211; 1750<br \/>Ventura Rodr\u00edguez &#8211; 172<br \/>Princesa-Rey Francisco &#8211; 734<br \/>Arg\u00fcelles &#8211; 736<br \/>Altamirano &#8211; 738<br \/>Moncloa &#8211; 4816<br \/>Moncloa &#8211; 2800<\/p>\n<\/blockquote>\n<h3>V\u00eddeo mapa recorrido L\u00ednea 001 sentido Moncloa<\/h3>\n<p><iframe loading=\"lazy\" src=\"https:\/\/www.youtube.com\/embed\/1na6SQIxl90\" width=\"100%\" height=\"315\" frameborder=\"0\" allowfullscreen=\"allowfullscreen\"><\/iframe><\/p>\n<h2>L\u00ednea 001 de Moncloa a Atocha: paradas y recorrido<\/h2>\n<p><script async=\"\" src=\"\/\/pagead2.googlesyndication.com\/pagead\/js\/adsbygoogle.js\"><\/script> <!-- Vida 2 --> <ins class=\"adsbygoogle\" style=\"display: inline-block; width: 336px; height: 280px;\" data-ad-client=\"ca-pub-7450064428034605\" data-ad-slot=\"9336835571\"><\/ins> <script> (adsbygoogle = window.adsbygoogle || []).push({}); <\/script>Sentido vuelta. Paradas L\u00ednea 001<\/p>\n<blockquote>\n<p>Moncloa &#8211; 2800<br \/>Altamirano &#8211; 737<br \/>Arg\u00fcelles &#8211; 735<br \/>Princesa-Rey Francisco &#8211; 193<br \/>Ventura Rodr\u00edguez &#8211; 173<br \/>Gran V\u00eda-Plaza de Espa\u00f1a &#8211; 171<br \/>Santo Domingo &#8211; 169<br \/>Gran V\u00eda-Callao &#8211; 723<br \/>Gran V\u00eda-Montera &#8211; 724<br \/>Gran V\u00eda-Pedro Zerolo &#8211; 5138<br \/>C\u00edrculo de Bellas Artes &#8211; 164<br \/>C\u00edrculo de Bellas Artes &#8211; 90<br \/>Banco de Espa\u00f1a &#8211; 76<br \/>Neptuno &#8211; 77<br \/>Museo del Prado-Jard\u00edn Bot\u00e1nico &#8211; 79<br \/>Prado-Atocha &#8211; 81<br \/>Atocha Renfe &#8211; 5710<\/p>\n<\/blockquote>\n<h3>V\u00eddeo mapa recorrido sentido Atocha<\/h3>\n<p><iframe loading=\"lazy\" src=\"https:\/\/www.youtube.com\/embed\/5-yL6R3ilPU\" width=\"560\" height=\"315\" frameborder=\"0\" allowfullscreen=\"allowfullscreen\"><\/iframe><\/p>\n\n<h3 id=\"video>V\u00eddeo | En el nuevo bus 001<\/h3>\n\n\n<h3 id=\"video\">V\u00eddeo | En el bus 001<\/h3>\n<iframe loading=\"lazy\" width=\"853\" height=\"480\" src=\"https:\/\/www.youtube.com\/embed\/luBG7qvFbEY\" frameborder=\"0\" allow=\"accelerometer; autoplay; encrypted-media; gyroscope; picture-in-picture\" allowfullscreen><\/iframe>\n","protected":false},"excerpt":{"rendered":"<p>La informaci\u00f3n y los mapas del autob\u00fas desde Moncloa a Atocha<\/p>\n","protected":false},"author":1,"featured_media":16060,"comment_status":"open","ping_status":"open","sticky":false,"template":"","format":"standard","meta":{"footnotes":""},"categories":[12,23],"tags":[72,57],"class_list":{"0":"post-16059","1":"post","2":"type-post","3":"status-publish","4":"format-standard","5":"has-post-thumbnail","7":"category-actualidad-noticias-madrid","8":"category-transportes-huelgas-madrid","9":"tag-emt-madrid","10":"tag-gratis"},"_links":{"self":[{"href":"https:\/\/www.vidademadrid.com\/es\/wp-json\/wp\/v2\/posts\/16059","targetHints":{"allow":["GET"]}}],"collection":[{"href":"https:\/\/www.vidademadrid.com\/es\/wp-json\/wp\/v2\/posts"}],"about":[{"href":"https:\/\/www.vidademadrid.com\/es\/wp-json\/wp\/v2\/types\/post"}],"author":[{"embeddable":true,"href":"https:\/\/www.vidademadrid.com\/es\/wp-json\/wp\/v2\/users\/1"}],"replies":[{"embeddable":true,"href":"https:\/\/www.vidademadrid.com\/es\/wp-json\/wp\/v2\/comments?post=16059"}],"version-history":[{"count":3,"href":"https:\/\/www.vidademadrid.com\/es\/wp-json\/wp\/v2\/posts\/16059\/revisions"}],"predecessor-version":[{"id":16090,"href":"https:\/\/www.vidademadrid.com\/es\/wp-json\/wp\/v2\/posts\/16059\/revisions\/16090"}],"wp:featuredmedia":[{"embeddable":true,"href":"https:\/\/www.vidademadrid.com\/es\/wp-json\/wp\/v2\/media\/16060"}],"wp:attachment":[{"href":"https:\/\/www.vidademadrid.com\/es\/wp-json\/wp\/v2\/media?parent=16059"}],"wp:term":[{"taxonomy":"category","embeddable":true,"href":"https:\/\/www.vidademadrid.com\/es\/wp-json\/wp\/v2\/categories?post=16059"},{"taxonomy":"post_tag","embeddable":true,"href":"https:\/\/www.vidademadrid.com\/es\/wp-json\/wp\/v2\/tags?post=16059"}],"curies":[{"name":"wp","href":"https:\/\/api.w.org\/{rel}","templated":true}]}}