{"id":15904,"date":"2020-02-11T19:35:19","date_gmt":"2020-02-11T18:35:19","guid":{"rendered":"http:\/\/www.vidademadrid.com\/es\/?p=15904"},"modified":"2020-04-01T12:08:06","modified_gmt":"2020-04-01T10:08:06","slug":"real-madrid-fichajes-verano-2020","status":"publish","type":"post","link":"https:\/\/www.vidademadrid.com\/es\/15904\/real-madrid-fichajes-verano-2020\/","title":{"rendered":"Real Madrid: los fichajes de verano 2020 (confirmados y rumores)"},"content":{"rendered":"<p>Durante el mercado invernal el<strong> Real Madrid<\/strong> confirm\u00f3 la que ser\u00e1 la primera incorporaci\u00f3n de la plantilla en este 2020. Adem\u00e1s, el club blanco ya mira en el horizonte el mercado de fichajes de verano, en el que se espera alg\u00fan movimiento importante. Sigue leyendo para descubrir toda las \u00faltimas noticias sobre mercado del Real Madrid: <strong>los fichajes de verano 2020 (confirmados y rumores)<\/strong>.<\/p>\n<h2><strong>Real Madrid, los fichajes confirmados para el verano 2020<\/strong><\/h2>\n<p><script async=\"\" src=\"\/\/pagead2.googlesyndication.com\/pagead\/js\/adsbygoogle.js\"><\/script> <!-- Vida 1 --> <ins class=\"adsbygoogle\" style=\"display: block;\" data-ad-client=\"ca-pub-7450064428034605\" data-ad-slot=\"2284573579\" data-ad-format=\"auto\"><\/ins> <script> (adsbygoogle = window.adsbygoogle || []).push({}); <\/script>Empezamos nuestro especial con los <strong>fichajes del Real Madrid<\/strong> ya confirmados para el verano 2020. El joven brasile\u00f1o <strong>Reinier Jes\u00fas<\/strong> es el primer fichaje del equipo madridista para este a\u00f1o, llega procedente de <strong>Flamengo<\/strong> a cambio de 30 millones de euros. El futbolista de 18 a\u00f1os se unir\u00e1 al filial blanco en breve, y estar\u00e1 dirigido por <strong>Ra\u00fal Gonz\u00e1lez<\/strong> durante lo que queda de campa\u00f1a. Su evoluci\u00f3n determinar\u00e1 si pasa a las \u00f3rdenes de <strong>Zidane<\/strong> al comienzo de la temporada 2020\/21.<\/p>\n<p>Al igual que ocurre con <strong>Reinier<\/strong>, el rendimiento de los jugadores que el Madrid tiene cedidos servir\u00e1 al t\u00e9cnico franc\u00e9s para evaluar si son v\u00e1lidos para formar parte de la plantilla merengue. Los futbolistas que deben volver al comienzo de la pr\u00f3xima temporada son: <strong>\u00c1lvaro Odriozola, Achraf Hakimi, Martin Odegaard, Sergio Reguil\u00f3n, Jes\u00fas Vallejo, Takefusa Kubo, \u00d3scar Rodr\u00edguez, Dani Ceballos, Borja Mayoral o Andriy Lunin.<\/strong><\/p>\n<h2><strong>Real Madrid, rumores de fichajes para el verano 2020<\/strong><\/h2>\n<p><script async=\"\" src=\"\/\/pagead2.googlesyndication.com\/pagead\/js\/adsbygoogle.js\"><\/script> <!-- Vida 2 --> <ins class=\"adsbygoogle\" style=\"display: inline-block; width: 336px; height: 280px;\" data-ad-client=\"ca-pub-7450064428034605\" data-ad-slot=\"9336835571\"><\/ins> <script> (adsbygoogle = window.adsbygoogle || []).push({}); <\/script>\u00bfCu\u00e1les son los <strong>rumores de fichajes del Real Madrid<\/strong> para el verano 2020? Desde que en el verano de 2017 se truncara su fichaje por el Real Madrid y firmara finalmente por el <strong>Par\u00eds Saint-Germain<\/strong>, <strong>Kylian Mbapp\u00e9<\/strong> es una obsesi\u00f3n para el club blanco y para la afici\u00f3n madridista. El joven franc\u00e9s es el fichaje ansiado por el presidente <strong>Florentino P\u00e9rez<\/strong> y <strong>Zidane<\/strong>. El t\u00e9cnico galo se confes\u00f3 el pasado noviembre cuando se enfrentaron en <strong>Champions League<\/strong>: \u00abEstoy enamorado de Mbapp\u00e9 desde hace tiempo\u00bb.<\/p>\n<p><script async=\"\" src=\"\/\/pagead2.googlesyndication.com\/pagead\/js\/adsbygoogle.js\"><\/script> <!-- Vida vertical --> <ins class=\"adsbygoogle\" style=\"display: inline-block; width: 300px; height: 600px;\" data-ad-client=\"ca-pub-7450064428034605\" data-ad-slot=\"7296098777\"><\/ins> <script> (adsbygoogle = window.adsbygoogle || []).push({}); <\/script>M\u00e1s noticias. Adem\u00e1s de <strong>Mbapp\u00e9<\/strong>, otros jugadores que est\u00e1n sonando para reforzar el combinado blanco en el mercado de verano 2020 son: <strong>Eduardo Camavinga<\/strong> (centrocampista de 17 a\u00f1os del Rennes), <strong>Rayan Cherki<\/strong> (atacante de 16 a\u00f1os del Olympique de Lyon), o <strong>Donny van de Beek<\/strong> (centrocampista de 22 a\u00f1os del Ajax) entre otros.<\/p>\n","protected":false},"excerpt":{"rendered":"<p>Nuestro especial sobre el pr\u00f3ximo mercado del equipo entrenado por Zidane<\/p>\n","protected":false},"author":9,"featured_media":15908,"comment_status":"open","ping_status":"open","sticky":false,"template":"","format":"standard","meta":{"footnotes":""},"categories":[78],"tags":[60],"class_list":{"0":"post-15904","1":"post","2":"type-post","3":"status-publish","4":"format-standard","5":"has-post-thumbnail","7":"category-deporte","8":"tag-real-madrid"},"_links":{"self":[{"href":"https:\/\/www.vidademadrid.com\/es\/wp-json\/wp\/v2\/posts\/15904","targetHints":{"allow":["GET"]}}],"collection":[{"href":"https:\/\/www.vidademadrid.com\/es\/wp-json\/wp\/v2\/posts"}],"about":[{"href":"https:\/\/www.vidademadrid.com\/es\/wp-json\/wp\/v2\/types\/post"}],"author":[{"embeddable":true,"href":"https:\/\/www.vidademadrid.com\/es\/wp-json\/wp\/v2\/users\/9"}],"replies":[{"embeddable":true,"href":"https:\/\/www.vidademadrid.com\/es\/wp-json\/wp\/v2\/comments?post=15904"}],"version-history":[{"count":5,"href":"https:\/\/www.vidademadrid.com\/es\/wp-json\/wp\/v2\/posts\/15904\/revisions"}],"predecessor-version":[{"id":15916,"href":"https:\/\/www.vidademadrid.com\/es\/wp-json\/wp\/v2\/posts\/15904\/revisions\/15916"}],"wp:featuredmedia":[{"embeddable":true,"href":"https:\/\/www.vidademadrid.com\/es\/wp-json\/wp\/v2\/media\/15908"}],"wp:attachment":[{"href":"https:\/\/www.vidademadrid.com\/es\/wp-json\/wp\/v2\/media?parent=15904"}],"wp:term":[{"taxonomy":"category","embeddable":true,"href":"https:\/\/www.vidademadrid.com\/es\/wp-json\/wp\/v2\/categories?post=15904"},{"taxonomy":"post_tag","embeddable":true,"href":"https:\/\/www.vidademadrid.com\/es\/wp-json\/wp\/v2\/tags?post=15904"}],"curies":[{"name":"wp","href":"https:\/\/api.w.org\/{rel}","templated":true}]}}