{"id":15610,"date":"2020-02-18T00:05:57","date_gmt":"2020-02-17T23:05:57","guid":{"rendered":"http:\/\/www.vidademadrid.com\/es\/?p=15610"},"modified":"2020-06-20T09:22:54","modified_gmt":"2020-06-20T07:22:54","slug":"autobus-gratis-madrid-gran-via-atocha","status":"publish","type":"post","link":"https:\/\/www.vidademadrid.com\/es\/15610\/autobus-gratis-madrid-gran-via-atocha\/","title":{"rendered":"El autob\u00fas gratuito de Madrid cruza la Gran V\u00eda y llega a Atocha: recorrido y horario"},"content":{"rendered":"<p><span style=\"color: #000000;\"><em><strong>Actualizaci\u00f3n &#8211; 18 febrero 2020.<\/strong><\/em><\/span><\/p>\n<p><span style=\"color: #000000;\">19.00 h &#8211; Est\u00e1 activa desde las 16 h la nueva l\u00ednea 001. As\u00ed te contamos en directo Instagram nuestra prueba. <a href=\"http:\/\/www.vidademadrid.com\/es\/16059\/linea-001-emt-madrid-paradas\/\">Pincha aqu\u00ed para conocer paradas y recorrido<\/a><\/span><\/p>\n<p><iframe loading=\"lazy\" width=\"100%\" height=\"480\" src=\"https:\/\/www.youtube.com\/embed\/luBG7qvFbEY\" frameborder=\"0\" allow=\"accelerometer; autoplay; encrypted-media; gyroscope; picture-in-picture\" allowfullscreen=\"\"><\/iframe><\/p>\n<p>&nbsp;<\/p>\n<p><span style=\"color: #000000;\">09.30 h &#8211; Ya tenemos la informaci\u00f3n sobre las paradas y el recorrido completo, <a style=\"color: #000000;\" href=\"http:\/\/www.vidademadrid.com\/es\/16059\/linea-001-emt-madrid-paradas\/\">pincha aqu\u00ed para leer todo<\/a><\/span><\/p>\n<p><span style=\"color: #000000;\">00.00 h &#8211; Hoy empieza a circular el autob\u00fas Moncloa &#8211; Gran V\u00eda &#8211; Atocha. A las 12 h en Atocha el alcalde presentar\u00e1 oficialmente la nueva l\u00ednea y anunciar\u00e1 su n\u00famero (<em>\u00bfL\u00ednea 001?<\/em>) y sus paradas, que hasta hoy no han sido a\u00fan desveladas. S\u00edguenos en Twitter @vidademadrid para las actualizaciones en tiempo real.<\/span><\/p>\n<hr>\n<p><em><strong>Art\u00edculo original &#8211; 2 de febrero 2020.<\/strong><\/em><\/p>\n<p>El Ayuntamiento de Madrid pone en marcha la <strong>l\u00edneas cero de autob\u00fas<\/strong>. \u00bfEn qu\u00e9 consisten? Cero emisiones y cero coste. S\u00ed, como le lees. A partir del mes de febrero podr\u00e1s usar el transporte p\u00fablico en Madrid de forma gratuita, en las dos l\u00edneas cero que est\u00e1n a punto de ser inauguradas. \u00a1Por cierto! Una de estas l\u00edneas cruzar\u00e1 la Gran V\u00eda y unir\u00e1 Moncloa con Atocha. Te contamos cu\u00e1l es el recorrido del <strong>autob\u00fas gratuito de Madrid que cruzar\u00e1 la Gran V\u00eda y llegar\u00e1 a Atocha<\/strong>.<\/p>\n<h2>Autob\u00fas gratuito de Madrid (Gran V\u00eda &#8211; Atocha): Recorrido<\/h2>\n<p><script async=\"\" src=\"\/\/pagead2.googlesyndication.com\/pagead\/js\/adsbygoogle.js\"><\/script> <!-- Vida 1 --> <ins class=\"adsbygoogle\" style=\"display: block;\" data-ad-client=\"ca-pub-7450064428034605\" data-ad-slot=\"2284573579\" data-ad-format=\"auto\"><\/ins> <script> (adsbygoogle = window.adsbygoogle || []).push({}); <\/script><\/p>\n<p>A finales del mes de febrero los autobuses el\u00e9ctricos, cero emisiones, estar\u00e1n trabajando en las denominadas Zonas de Bajas Emisiones, con dos l\u00edneas que arrancar\u00e1n de Moncloa a Atocha y de Arg\u00fcelles a Puerta de Toledo. La <strong>l\u00ednea cero norte-sur<\/strong> circular\u00e1 <strong>desde Arg\u00fcelles hasta Puerta de Toledo<\/strong>, mientras que la <strong>l\u00ednea cero este-oeste<\/strong>&nbsp;nos permitir\u00e1 <strong>atravesar la Gran V\u00eda de Madrid a coste cero.<\/strong><\/p>\n<p>El <strong>autob\u00fas gratis que circular\u00e1 por la Gran V\u00eda<\/strong> ser\u00e1 el m\u00e1s utilizado. \u00bfPor qu\u00e9? Gracias a esta l\u00ednea de autob\u00fas gratuita podremos viajar por una de las arterias principales de la ciudad y llegar as\u00ed, por ejemplo, <strong>desde Plaza de Espa\u00f1a hasta Cibeles sin transbordo<\/strong> y sin pagar ni un euro. Actualmente ninguna l\u00ednea de autob\u00fas comunica Princesa o Gran V\u00eda con Atocha, lo que supondr\u00e1 una mejora m\u00e1s que considerable para los usuarios de autob\u00fas, m\u00e1s all\u00e1 de que el servicio sea gratuito.&nbsp;<\/p>\n<p>El autob\u00fas gratuito de Madrid que circular\u00e1 a lo largo de la Gran V\u00eda tendr\u00e1 sus <strong>cabeceras en Atocha y Moncloa<\/strong>.<\/p>\n<figure id=\"attachment_15661\" aria-describedby=\"caption-attachment-15661\" style=\"width: 696px\" class=\"wp-caption alignright\"><a href=\"http:\/\/www.vidademadrid.com\/es\/wp-content\/uploads\/2020\/02\/autobus-gratis-gran-via.png\"><img loading=\"lazy\" decoding=\"async\" class=\"size-large wp-image-15661\" src=\"http:\/\/www.vidademadrid.com\/es\/wp-content\/uploads\/2020\/02\/autobus-gratis-gran-via-1024x724.png\" alt=\"\" width=\"696\" height=\"492\" srcset=\"https:\/\/www.vidademadrid.com\/es\/wp-content\/uploads\/2020\/02\/autobus-gratis-gran-via-1024x724.png 1024w, https:\/\/www.vidademadrid.com\/es\/wp-content\/uploads\/2020\/02\/autobus-gratis-gran-via-300x212.png 300w, https:\/\/www.vidademadrid.com\/es\/wp-content\/uploads\/2020\/02\/autobus-gratis-gran-via-768x543.png 768w, https:\/\/www.vidademadrid.com\/es\/wp-content\/uploads\/2020\/02\/autobus-gratis-gran-via-696x492.png 696w, https:\/\/www.vidademadrid.com\/es\/wp-content\/uploads\/2020\/02\/autobus-gratis-gran-via-1068x755.png 1068w, https:\/\/www.vidademadrid.com\/es\/wp-content\/uploads\/2020\/02\/autobus-gratis-gran-via-1920x1357.png 1920w, https:\/\/www.vidademadrid.com\/es\/wp-content\/uploads\/2020\/02\/autobus-gratis-gran-via-594x420.png 594w, https:\/\/www.vidademadrid.com\/es\/wp-content\/uploads\/2020\/02\/autobus-gratis-gran-via-100x70.png 100w\" sizes=\"auto, (max-width: 696px) 100vw, 696px\" \/><\/a><figcaption id=\"caption-attachment-15661\" class=\"wp-caption-text\">Recorrido del autob\u00fas Moncloa-Gran V\u00eda-Atocha. Fuente: Ayuntamiento de Madrid<\/figcaption><\/figure>\n<h2>Horario del autob\u00fas gratis de Atocha a Moncloa<\/h2>\n<p><script async=\"\" src=\"\/\/pagead2.googlesyndication.com\/pagead\/js\/adsbygoogle.js\"><\/script> <!-- Vida 2 --> <ins class=\"adsbygoogle\" style=\"display: inline-block; width: 336px; height: 280px;\" data-ad-client=\"ca-pub-7450064428034605\" data-ad-slot=\"9336835571\"><\/ins> <script> (adsbygoogle = window.adsbygoogle || []).push({}); <\/script><\/p>\n<p>La l\u00ednea cero de Madrid este-oeste funcionar\u00e1 en horario ininterrumpido <strong>desde las 7:00 horas<\/strong>, salida desde ambos puntos (Atocha y Moncloa), y <strong>finalizar\u00e1 el servicio a las 23:30 horas<\/strong>, en el caso de Moncloa, <strong>y a las 23:00 horas<\/strong>, si su recorrido finaliza en Atocha.<\/p>\n<p>Es decir, podremos usar el <strong>autob\u00fas gratuito para circular por la Gran V\u00eda, Princesa y Paseo del Prado<\/strong> durante m\u00e1s de 15 horas al d\u00eda.&nbsp;<\/p>\n<p>Estas l\u00edneas cero ayudar\u00e1n tambi\u00e9n a descongestionar las l\u00edneas de autob\u00fas normales y a conectar puntos que en la actualidad solo se conectan con un cambio de l\u00ednea, una mejora que los pasajeros de transporte p\u00fablico notar\u00e1n especialmente en las horas puntas.<\/p>\n<p><script async=\"\" src=\"\/\/pagead2.googlesyndication.com\/pagead\/js\/adsbygoogle.js\"><\/script> <!-- Vida vertical --> <ins class=\"adsbygoogle\" style=\"display: inline-block; width: 300px; height: 600px;\" data-ad-client=\"ca-pub-7450064428034605\" data-ad-slot=\"7296098777\"><\/ins> <script> (adsbygoogle = window.adsbygoogle || []).push({}); <\/script><\/p>\n<h3 id=\"video\">V\u00eddeo &#8211; Vida de Madrid en el nuevo autob\u00fas 001<\/h3>\n<p><iframe loading=\"lazy\" width=\"100%\" height=\"480\" src=\"https:\/\/www.youtube.com\/embed\/luBG7qvFbEY\" frameborder=\"0\" allow=\"accelerometer; autoplay; encrypted-media; gyroscope; picture-in-picture\" allowfullscreen=\"\"><\/iframe><\/p>\n\n\n<p><\/p>\n","protected":false},"excerpt":{"rendered":"<p>Ayer hubo la inauguraci\u00f3n de la nueva l\u00ednea 001. Nuestro reportaje<\/p>\n","protected":false},"author":1,"featured_media":16083,"comment_status":"open","ping_status":"open","sticky":false,"template":"","format":"standard","meta":{"footnotes":""},"categories":[12,23],"tags":[125,72,92,57,71],"class_list":{"0":"post-15610","1":"post","2":"type-post","3":"status-publish","4":"format-standard","5":"has-post-thumbnail","7":"category-actualidad-noticias-madrid","8":"category-transportes-huelgas-madrid","9":"tag-atocha","10":"tag-emt-madrid","11":"tag-gran-via","12":"tag-gratis","13":"tag-moverse-en-autobus-por-madrid"},"_links":{"self":[{"href":"https:\/\/www.vidademadrid.com\/es\/wp-json\/wp\/v2\/posts\/15610","targetHints":{"allow":["GET"]}}],"collection":[{"href":"https:\/\/www.vidademadrid.com\/es\/wp-json\/wp\/v2\/posts"}],"about":[{"href":"https:\/\/www.vidademadrid.com\/es\/wp-json\/wp\/v2\/types\/post"}],"author":[{"embeddable":true,"href":"https:\/\/www.vidademadrid.com\/es\/wp-json\/wp\/v2\/users\/1"}],"replies":[{"embeddable":true,"href":"https:\/\/www.vidademadrid.com\/es\/wp-json\/wp\/v2\/comments?post=15610"}],"version-history":[{"count":18,"href":"https:\/\/www.vidademadrid.com\/es\/wp-json\/wp\/v2\/posts\/15610\/revisions"}],"predecessor-version":[{"id":16098,"href":"https:\/\/www.vidademadrid.com\/es\/wp-json\/wp\/v2\/posts\/15610\/revisions\/16098"}],"wp:featuredmedia":[{"embeddable":true,"href":"https:\/\/www.vidademadrid.com\/es\/wp-json\/wp\/v2\/media\/16083"}],"wp:attachment":[{"href":"https:\/\/www.vidademadrid.com\/es\/wp-json\/wp\/v2\/media?parent=15610"}],"wp:term":[{"taxonomy":"category","embeddable":true,"href":"https:\/\/www.vidademadrid.com\/es\/wp-json\/wp\/v2\/categories?post=15610"},{"taxonomy":"post_tag","embeddable":true,"href":"https:\/\/www.vidademadrid.com\/es\/wp-json\/wp\/v2\/tags?post=15610"}],"curies":[{"name":"wp","href":"https:\/\/api.w.org\/{rel}","templated":true}]}}