{"id":15430,"date":"2020-01-25T23:17:23","date_gmt":"2020-01-25T22:17:23","guid":{"rendered":"http:\/\/www.vidademadrid.com\/es\/?p=15430"},"modified":"2020-03-25T11:09:35","modified_gmt":"2020-03-25T10:09:35","slug":"reportaje-la-reina-letizia-en-fitur-2020","status":"publish","type":"post","link":"https:\/\/www.vidademadrid.com\/es\/15430\/reportaje-la-reina-letizia-en-fitur-2020\/","title":{"rendered":"Reportaje: La Reina Letizia en Fitur 2020"},"content":{"rendered":"<p>As\u00ed vivimos <strong>el primer d\u00eda de Fitur 2020<\/strong>. La llegada de la Reina Letizia y su visita en los pabellones de la Feria del Turismo en Ifema. Con ella el alcalde de Madrid y la presidenta de la Comunidad de Madrid. El d\u00eda sigue con mi visita a los stand de Euskadi, Islas Canarias, Madrid -donde estaba la vicealcaldesa Bego\u00f1a Villac\u00eds-, Castilla-La Mancha, Baleares, Murcia, Cantabria, Catalunya. En el v\u00eddeo la retransmisi\u00f3n de lo publicado en las Stories Instagram de @vidademadrid.<\/p>\n","protected":false},"excerpt":{"rendered":"<p>El primer d\u00eda de la Feria: la llegada de la Reina y su visita en los pabellones de Ifema<\/p>\n","protected":false},"author":5,"featured_media":15432,"comment_status":"open","ping_status":"open","sticky":false,"template":"","format":"video","meta":{"footnotes":""},"categories":[36],"tags":[40],"class_list":{"0":"post-15430","1":"post","2":"type-post","3":"status-publish","4":"format-video","5":"has-post-thumbnail","7":"category-reportajes","8":"tag-ifema","9":"post_format-post-format-video"},"_links":{"self":[{"href":"https:\/\/www.vidademadrid.com\/es\/wp-json\/wp\/v2\/posts\/15430","targetHints":{"allow":["GET"]}}],"collection":[{"href":"https:\/\/www.vidademadrid.com\/es\/wp-json\/wp\/v2\/posts"}],"about":[{"href":"https:\/\/www.vidademadrid.com\/es\/wp-json\/wp\/v2\/types\/post"}],"author":[{"embeddable":true,"href":"https:\/\/www.vidademadrid.com\/es\/wp-json\/wp\/v2\/users\/5"}],"replies":[{"embeddable":true,"href":"https:\/\/www.vidademadrid.com\/es\/wp-json\/wp\/v2\/comments?post=15430"}],"version-history":[{"count":1,"href":"https:\/\/www.vidademadrid.com\/es\/wp-json\/wp\/v2\/posts\/15430\/revisions"}],"predecessor-version":[{"id":15431,"href":"https:\/\/www.vidademadrid.com\/es\/wp-json\/wp\/v2\/posts\/15430\/revisions\/15431"}],"wp:featuredmedia":[{"embeddable":true,"href":"https:\/\/www.vidademadrid.com\/es\/wp-json\/wp\/v2\/media\/15432"}],"wp:attachment":[{"href":"https:\/\/www.vidademadrid.com\/es\/wp-json\/wp\/v2\/media?parent=15430"}],"wp:term":[{"taxonomy":"category","embeddable":true,"href":"https:\/\/www.vidademadrid.com\/es\/wp-json\/wp\/v2\/categories?post=15430"},{"taxonomy":"post_tag","embeddable":true,"href":"https:\/\/www.vidademadrid.com\/es\/wp-json\/wp\/v2\/tags?post=15430"}],"curies":[{"name":"wp","href":"https:\/\/api.w.org\/{rel}","templated":true}]}}