{"id":15303,"date":"2020-03-06T12:00:39","date_gmt":"2020-03-06T11:00:39","guid":{"rendered":"http:\/\/www.vidademadrid.com\/es\/?p=15303"},"modified":"2020-03-12T13:20:13","modified_gmt":"2020-03-12T12:20:13","slug":"marzo-2020-en-madrid","status":"publish","type":"post","link":"https:\/\/www.vidademadrid.com\/es\/15303\/marzo-2020-en-madrid\/","title":{"rendered":"Marzo 2020 en Madrid: agenda Vida de Madrid con los mejores planes"},"content":{"rendered":"<p>En esta p\u00e1gina est\u00e1 la agenda de <em>Vida de Madrid<\/em> con todos los mejores planes de <strong>marzo 2020 en Madrid<\/strong>. La agenda est\u00e1 siempre actualizada con eventos, actividades y planes para hacer. Si quieres informarnos de un evento que falta al listado, puedes escribirnos a info@vidademadrid.com .<\/p>\n<p>Sigue leyendo para leer la agenda del mes de marzo 2020 o pincha para descubrir qu\u00e9 hacer el <a href=\"#finde\">pr\u00f3ximo finde<\/a>.<\/p>\n\n\n<script async=\"\" src=\"\/\/pagead2.googlesyndication.com\/pagead\/js\/adsbygoogle.js\"><\/script> <!-- Vida vertical --> <ins class=\"adsbygoogle\" style=\"display:inline-block;width:300px;height:600px\" data-ad-client=\"ca-pub-7450064428034605\" data-ad-slot=\"7296098777\"><\/ins> <script> (adsbygoogle = window.adsbygoogle || []).push({}); <\/script>\n\n\n\n<figure class=\"wp-block-embed is-type-rich is-provider-vida-de-madrid\"><div class=\"wp-block-embed__wrapper\">\n<blockquote class=\"wp-embedded-content\" data-secret=\"ZhlWcai1Dz\"><a href=\"http:\/\/www.vidademadrid.com\/es\/16732\/medidas-coronavirus-madrid-eventos-museos-conciertos-transportes\/\">Medidas coronavirus Madrid: eventos, museos, conciertos, transportes<\/a><\/blockquote><iframe loading=\"lazy\" class=\"wp-embedded-content\" sandbox=\"allow-scripts\" security=\"restricted\" style=\"position: absolute; clip: rect(1px, 1px, 1px, 1px);\" src=\"http:\/\/www.vidademadrid.com\/es\/16732\/medidas-coronavirus-madrid-eventos-museos-conciertos-transportes\/embed\/#?secret=ZhlWcai1Dz\" data-secret=\"ZhlWcai1Dz\" width=\"600\" height=\"338\" title=\"&#171;Medidas coronavirus Madrid: eventos, museos, conciertos, transportes&#187; &#8212; Vida de Madrid\" frameborder=\"0\" marginwidth=\"0\" marginheight=\"0\" scrolling=\"no\"><\/iframe>\n<\/div><\/figure>\n\n\n<h2>Agenda de marzo 2020 en Madrid<\/h2>\n<ul>\n<li>Del 1 al 22 de marzo &#8211; <strong>Teatro, \u00abEl sentido del humor: Dos tontos y yo\u00bb<\/strong>, con Santiago Segura, Florentino Fern\u00e1ndez y Jos\u00e9 Mota que estrenan el Gran Teatro Bankia Pr\u00edncipe P\u00edo. <a href=\"http:\/\/www.vidademadrid.com\/es\/16334\/gran-teatro-bankia-principe-pio-programacion-2020\/\">Nuestro especial<\/a><\/li>\n<li>Del 3 al 21 de marzo &#8211; <strong>Concierto en holograma de Mar\u00eda Callas<\/strong>\u00a0en el Gran Teatro Bankia Pr\u00edncipe P\u00edo. <a href=\"http:\/\/www.vidademadrid.com\/es\/15846\/holograma-maria-callas-madrid\/\">Nuestro art\u00edculo<\/a><\/li>\n<li>Del 3 de marzo (hasta el 31 de mayo) &#8211; <strong>Women, un siglo de cambio<\/strong>. El pasado, presente y futuro de las mujeres en el mundo, en el archivo fotogr\u00e1fico de National Geographic. En el Palacio de Gaviria. Pronto aqu\u00ed nuestro art\u00edculo.<\/li>\n<li>Del 5 al 31 de marzo &#8211; <strong>Exposici\u00f3n de Leticia Felgueroso. <\/strong>Fotos digitales de Madrid y m\u00e1s. En Espacio Cibeles.<\/li>\n<li>Del 5 de marzo (al 19 de abril) &#8211; <strong>Casa Decor 2020<\/strong>. En Vel\u00e1zquez 21. <a href=\"http:\/\/www.vidademadrid.com\/es\/16604\/casa-decor-2020-madrid\/\">Nuestro art\u00edculo<\/a><\/li>\n<\/ul>\n<p><!-- Vida 2 --><\/p>\n<ul>\n<li>7 de marzo &#8211; <strong>Concierto solidario por Kenya<\/strong>. Organizado por Thribune.org. Con Chenoa, Soraya, Mercedes Ferrer, Lourdes Pastor y m\u00e1s. A las 19.30h en el\u00a0Teatro Monumental. <a href=\"http:\/\/thribune.org\/kenia\/\">Web y entradas<\/a><\/li>\n<li>7 y 8 de marzo &#8211; <strong>Mercado de Motores<\/strong>. En el Museo del Ferrocarril. S\u00e1b 11-22 h y Dom 11-21 h.<\/li>\n<li>Hasta el 8 de marzo &#8211; <strong>X Festival Internacional de Magia<\/strong> en el Teatro Circo Price. <a href=\"https:\/\/www.teatrocircoprice.es\/programacion\/x-festival-internacional-de-magia\">Web<\/a>\u00a0<\/li>\n<li>8 de marzo &#8211; <strong>Manifestaci\u00f3n 8M Madrid<\/strong> desde Atocha a Plaza de Espa\u00f1a. A las 17 h.<\/li>\n<li>8 de marzo &#8211; <strong>Acto institucional 8M en el Parque de Clara Campoamor<\/strong>. <a href=\"http:\/\/www.vidademadrid.com\/es\/16601\/parque-clara-campoamor-madrid-eventos-8m-2020\/\">Detalles en nuestro art\u00edculo con toda la programaci\u00f3n del finde en Distrito Latina<\/a><\/li>\n<li>11 de marzo &#8211; <span style=\"background-color: #ff0000;\">SUSPENDIDO<\/span> <strong>Gala de los Premios MIN<\/strong> de la M\u00fasica Independiente en el Teatro Circo Price. <a href=\"https:\/\/www.premiosmin.com\/que\">Web<\/a><\/li>\n<\/ul>\n<h2 id=\"finde\">Finde del 13-14-15 marzo<\/h2>\n<ul>\n<li>14 de marzo &#8211; <span style=\"background-color: #ff0000;\">SUSPENDIDO <\/span><strong>Carnaval de C\u00e1diz en Madrid<\/strong> en el Wizink Center. <a href=\"http:\/\/www.vidademadrid.com\/es\/15200\/carnaval-de-cadiz-en-madrid-2020-entradas\/\">Info y entradas en el art\u00edculo Vida de Madrid<\/a><\/li>\n<li>14 de marzo &#8211; <strong>UMAMII en LAB Madrid<\/strong>. Experiencia multisensorial con m\u00fasica electr\u00f3nica en Chamart\u00edn.\u00a0<\/li>\n<li>15 de marzo &#8211; <span style=\"background-color: #ff0000;\">SUSPENDIDO<\/span> <strong>Mercado Planetario Madrid<\/strong>. De 10 a 16 h. <a href=\"http:\/\/www.vidademadrid.com\/es\/16028\/mercado-productores-planetario-madrid\/\">Nuestro reportaje<\/a><\/li>\n<li>15 de marzo &#8211; <span style=\"background-color: #ff0000;\">SUSPENDIDO<\/span> <strong>After Brunch Closing Party<\/strong> en Las Ventas. <a href=\"https:\/\/www.facebook.com\/events\/566060884124787\/\">Info<\/a><\/li>\n<li>17 de marzo &#8211; <strong>D\u00eda de San Patricio<\/strong>.\u00a0<\/li>\n<li>20, 21 y 22 de marzo &#8211; <span style=\"background-color: #ff0000;\">SUSPENDIDO<\/span> <strong>MadrEAT Food Market<\/strong> en Plaza Azca. De 12 a 20 h (domingo hasta las 18 h). <a href=\"http:\/\/www.madreat.org\/\">Web<\/a><\/li>\n<li>20, 21 y 22 de marzo &#8211; <span style=\"background-color: #ff0000;\">SUSPENDIDO<\/span> <strong>Interocio, Feria Internacional de Ocio. <\/strong>En Ifema. Pronto aqu\u00ed nuestro art\u00edculo.<\/li>\n<li>21 y 22 de marzo &#8211; <span style=\"background-color: #ff0000;\">SUSPENDIDO<\/span> <strong>Mercado Productores<\/strong> en el Matadero. S\u00e1bado de 11 a 19 h y domingo de 11 a 17 h.<\/li>\n<li>27 de marzo &#8211; <span style=\"background-color: #ff0000;\">SUSPENDIDO<\/span> <strong>Noche de los Teatros.\u00a0<\/strong><\/li>\n<li>28 y 29 de marzo &#8211; <span style=\"background-color: #ff0000;\">SUSPENDIDO<\/span> <strong>Mybarrio Pop Up<\/strong> en el Palacio de Santa Barbara. Dise\u00f1o local, moda, arte, decoraci\u00f3n con market, performances, m\u00fasica y propuestas gastron\u00f3micas. De 12 a 20 h &#8211; <a href=\"https:\/\/www.eventbrite.es\/e\/registro-mybarrio-madrid-92215375671\">Entrada gratis previo registro<\/a><\/li>\n<li>29 de marzo &#8211; <span style=\"background-color: #ff0000;\">SUSPENDIDO<\/span> <strong>Coraz\u00f3n Classic Match<\/strong>. Real Madrid &#8211; FC Porto, partido ben\u00e9fico por la infancia en el Bernan\u00e9u.\u00a0 <a href=\"http:\/\/www.vidademadrid.com\/es\/16573\/corazon-classic-match-2020-entradas-jugadores\/\">Nuestro art\u00edculo<\/a><\/li>\n<li>Del 30 de marzo (hasta el 2 de abril) &#8211; <span style=\"background-color: #ff0000;\">SUSPENDIDO<\/span> <strong>Sal\u00f3n Gourmets<\/strong>. Feria de alimentaci\u00f3n y bebidas de calidad. En Ifema. Pronto aqu\u00ed nuestro art\u00edculo.<\/li>\n<li>A partir del 31 de marzo &#8211; <span style=\"background-color: #ff0000;\">SUSPENDIDO<\/span> <strong>\u00abInvitadas. Fragmentos sobre mujeres, ideolog\u00eda y artes pl\u00e1sticas en Espa\u00f1a (1833-1931)\u00bb. <\/strong>Nueva exposici\u00f3n en el Prado. <a href=\"http:\/\/www.vidademadrid.com\/es\/16264\/invitadas-museo-prado-nueva-exposicion-mujeres-2020\/\">Nuestro art\u00edculo<\/a><\/li>\n<\/ul>\n<p>\u00a0<\/p>\n\n\n<script async=\"\" src=\"\/\/pagead2.googlesyndication.com\/pagead\/js\/adsbygoogle.js\"><\/script> <!-- Vida 1 --> <ins class=\"adsbygoogle\" style=\"display:block\" data-ad-client=\"ca-pub-7450064428034605\" data-ad-slot=\"2284573579\" data-ad-format=\"auto\"><\/ins> <script> (adsbygoogle = window.adsbygoogle || []).push({}); <\/script>\n\n\n<h2>Todo el mes de marzo 2020<\/h2>\n<ul>\n<li><strong>Paseos literarios de Gald\u00f3s es Madrid<\/strong> &#8211; <a href=\"https:\/\/diario.madrid.es\/blog\/notas-de-prensa\/comienzan-los-paseos-literarios-de-galdos-es-madrid\/\">Info<\/a><\/li>\n<li>(Hasta el 19 de abril) &#8211; <strong>Juego de Tronos, la exposici\u00f3n oficial<\/strong>. En Ifema.<\/li>\n<\/ul>\n<ul>\n<li>(Hasta el 19 de abril) \u2013&nbsp;<strong><em>Tutankham\u00f3n: la tumba y sus tesoros<\/em><\/strong>, una&nbsp;exposici\u00f3n&nbsp;sobre&nbsp;<strong>Antiguo Egipto<\/strong>&nbsp;en el Espacio 5.1 en&nbsp;IFEMA.&nbsp;<a href=\"http:\/\/www.vidademadrid.com\/es\/14498\/exposicion-egipto-madrid-2019-2020-tutankhamon-en-ifema-entradas\/\">Info y entradas en el art\u00edculo Vida de Madrid<\/a><\/li>\n<li>(Hasta el 8 de mayo) \u2013&nbsp;<strong><em>Clicks!<\/em>, exposici\u00f3n de Playmobil<\/strong>&nbsp;en el Palacio de Gaviria \u2013&nbsp;<a href=\"http:\/\/www.vidademadrid.com\/es\/14655\/exposicion-de-playmobil-en-madrid-2019-2020-clicks-en-el-palacio-gaviria\/\">Art\u00edculo Vida de Madrid<\/a><\/li>\n<li>(Hasta el 31 de mayo) \u2013&nbsp;<strong>Exposici\u00f3n&nbsp;<em>Game On<\/em>&nbsp;\u2013&nbsp;<\/strong>En la Fundaci\u00f3n Canal (Plaza Castilla), exposici\u00f3n internacional sobre la historia y la cultura del videojuego. <a href=\"http:\/\/www.vidademadrid.com\/es\/14600\/exposicion-videojuegos-madrid-canal-2019-2020-entradas\/\">Art\u00edculo Vida de Madrid<\/a><\/li>\n<li>Comida o cena en uno de los&nbsp;<strong>restaurantes del momento en Madrid<\/strong>:&nbsp;<a href=\"http:\/\/www.vidademadrid.com\/es\/restaurantes-bares-madrid\/\">lee mis rese\u00f1as<\/a>&nbsp;o vive las experiencias en mis&nbsp;<a href=\"https:\/\/instagram.com\/VidaDeMadrid\">Stories Destacadas<\/a>.<\/li>\n<li><strong>Rutas de MicroPlanMadrid<\/strong>: Madrid Secreto a Secreto (en el Centro), Asesinatos a la madrile\u00f1a (en Malasa\u00f1a), y muchas m\u00e1s visitas interesantes (inclusas las a tabernas de Madrid).&nbsp;<a href=\"https:\/\/microplanmadrid.com\/planes-madrid-ocio\/\">Agenda en su web<\/a><\/li>\n<\/ul>\n<p>\u00bfFalta algo? Env\u00edanos un correo a info@vidademadrid.com<\/p>","protected":false},"excerpt":{"rendered":"<p>Los mejores planes del mes<\/p>\n","protected":false},"author":1,"featured_media":16364,"comment_status":"open","ping_status":"open","sticky":false,"template":"","format":"standard","meta":{"footnotes":""},"categories":[1],"tags":[],"class_list":{"0":"post-15303","1":"post","2":"type-post","3":"status-publish","4":"format-standard","5":"has-post-thumbnail","7":"category-varios"},"_links":{"self":[{"href":"https:\/\/www.vidademadrid.com\/es\/wp-json\/wp\/v2\/posts\/15303","targetHints":{"allow":["GET"]}}],"collection":[{"href":"https:\/\/www.vidademadrid.com\/es\/wp-json\/wp\/v2\/posts"}],"about":[{"href":"https:\/\/www.vidademadrid.com\/es\/wp-json\/wp\/v2\/types\/post"}],"author":[{"embeddable":true,"href":"https:\/\/www.vidademadrid.com\/es\/wp-json\/wp\/v2\/users\/1"}],"replies":[{"embeddable":true,"href":"https:\/\/www.vidademadrid.com\/es\/wp-json\/wp\/v2\/comments?post=15303"}],"version-history":[{"count":25,"href":"https:\/\/www.vidademadrid.com\/es\/wp-json\/wp\/v2\/posts\/15303\/revisions"}],"predecessor-version":[{"id":17620,"href":"https:\/\/www.vidademadrid.com\/es\/wp-json\/wp\/v2\/posts\/15303\/revisions\/17620"}],"wp:featuredmedia":[{"embeddable":true,"href":"https:\/\/www.vidademadrid.com\/es\/wp-json\/wp\/v2\/media\/16364"}],"wp:attachment":[{"href":"https:\/\/www.vidademadrid.com\/es\/wp-json\/wp\/v2\/media?parent=15303"}],"wp:term":[{"taxonomy":"category","embeddable":true,"href":"https:\/\/www.vidademadrid.com\/es\/wp-json\/wp\/v2\/categories?post=15303"},{"taxonomy":"post_tag","embeddable":true,"href":"https:\/\/www.vidademadrid.com\/es\/wp-json\/wp\/v2\/tags?post=15303"}],"curies":[{"name":"wp","href":"https:\/\/api.w.org\/{rel}","templated":true}]}}