{"id":15200,"date":"2020-01-18T11:32:28","date_gmt":"2020-01-18T10:32:28","guid":{"rendered":"http:\/\/www.vidademadrid.com\/es\/?p=15200"},"modified":"2020-03-31T13:20:38","modified_gmt":"2020-03-31T11:20:38","slug":"carnaval-de-cadiz-en-madrid-2020-entradas","status":"publish","type":"post","link":"https:\/\/www.vidademadrid.com\/es\/15200\/carnaval-de-cadiz-en-madrid-2020-entradas\/","title":{"rendered":"Carnaval de C\u00e1diz en Madrid 2020, entradas para el evento del WiZink Center"},"content":{"rendered":"<p><em><strong>Actualizaci\u00f3n 3 marzo 2020:<\/strong><\/em><\/p>\n<p>Tenemos cartel actualizado, con dos nuevas chirigotas: \u00abLos #Cadizfornia\u00bb, chirigota ganadora COAC 2020, y \u00abEstr\u00e9s por cuatro\u00bb \u2013 chirigota ganadora 4\u00ba premio 2020. Adem\u00e1s, el horario ha sido ampliado a 7 horas.<\/p>\n<p><a href=\"http:\/\/www.vidademadrid.com\/es\/wp-content\/uploads\/2020\/01\/CARTEL_TICKETING_GENERAL_DIGITAL_771x1080.png\"><img loading=\"lazy\" decoding=\"async\" class=\"aligncenter size-large wp-image-16493\" src=\"http:\/\/www.vidademadrid.com\/es\/wp-content\/uploads\/2020\/01\/CARTEL_TICKETING_GENERAL_DIGITAL_771x1080-731x1024.png\" alt=\"\" width=\"696\" height=\"975\" srcset=\"https:\/\/www.vidademadrid.com\/es\/wp-content\/uploads\/2020\/01\/CARTEL_TICKETING_GENERAL_DIGITAL_771x1080-731x1024.png 731w, https:\/\/www.vidademadrid.com\/es\/wp-content\/uploads\/2020\/01\/CARTEL_TICKETING_GENERAL_DIGITAL_771x1080-214x300.png 214w, https:\/\/www.vidademadrid.com\/es\/wp-content\/uploads\/2020\/01\/CARTEL_TICKETING_GENERAL_DIGITAL_771x1080-768x1076.png 768w, https:\/\/www.vidademadrid.com\/es\/wp-content\/uploads\/2020\/01\/CARTEL_TICKETING_GENERAL_DIGITAL_771x1080-696x975.png 696w, https:\/\/www.vidademadrid.com\/es\/wp-content\/uploads\/2020\/01\/CARTEL_TICKETING_GENERAL_DIGITAL_771x1080-300x420.png 300w, https:\/\/www.vidademadrid.com\/es\/wp-content\/uploads\/2020\/01\/CARTEL_TICKETING_GENERAL_DIGITAL_771x1080.png 771w\" sizes=\"auto, (max-width: 696px) 100vw, 696px\" \/><\/a><\/p>\n<hr \/>\n<p><strong>El Carnaval de C\u00e1diz se vive en Madrid<\/strong> gracias al evento que se celebrar\u00e1 en el <strong>WiZink Center<\/strong>. No te pierdas la fiesta del a\u00f1o y vive el <strong>Carnaval en Madrid<\/strong>. Sigue leyendo para conocer el <strong>programa<\/strong>, los <strong>artistas<\/strong> que te har\u00e1n bailar y todas las sorpresas que te esperan en este <strong>Carnaval de C\u00e1diz en Madrid 2020<\/strong>. \u00bfTe apuntas?<\/p>\n<h2>Carnaval de C\u00e1diz en Madrid 2020: programa<\/h2>\n<p><script async=\"\" src=\"\/\/pagead2.googlesyndication.com\/pagead\/js\/adsbygoogle.js\"><\/script> <!-- Vida 1 --> <ins class=\"adsbygoogle\" style=\"display: block;\" data-ad-client=\"ca-pub-7450064428034605\" data-ad-slot=\"2284573579\" data-ad-format=\"auto\"><\/ins> <script> (adsbygoogle = window.adsbygoogle || []).push({}); <\/script>Por primera vez el Carnaval de C\u00e1diz llega a Madrid con un programa donde no faltar\u00e1n las chirigotas ni las actuaciones de artistas gaditanos muy conocidos en el panorama nacional.<\/p>\n<p>El WiZink Center se viste de gala el pr\u00f3ximo <strong>14 de marzo<\/strong> para celebrar el primer Carnaval de C\u00e1diz en Madrid 2020. La decoraci\u00f3n y la ambientaci\u00f3n nos transportar\u00e1 a una de las fiestas m\u00e1s conocidas de Andaluc\u00eda. Por supuesto, ir con disfraz a este evento est\u00e1 m\u00e1s que permitido.<\/p>\n<h2>Carnaval de C\u00e1diz en Madrid 2020: artistas que participan<\/h2>\n<p><script async=\"\" src=\"\/\/pagead2.googlesyndication.com\/pagead\/js\/adsbygoogle.js\"><\/script> <!-- Vida 2 --> <ins class=\"adsbygoogle\" style=\"display: inline-block; width: 336px; height: 280px;\" data-ad-client=\"ca-pub-7450064428034605\" data-ad-slot=\"9336835571\"><\/ins> <script> (adsbygoogle = window.adsbygoogle || []).push({}); <\/script>A la cita no faltar\u00e1n las <strong>comparsas y chirigotas<\/strong> m\u00e1s famosas de C\u00e1diz en Madrid: Los Jevis de la Gran V\u00eda, Los Globetrotters, La gaditana que volvi\u00f3 y La Indomable. Se suma a la fiesta la chirigota Gipsy Scream, segunda finalista del Carnaval de C\u00e1diz en 2019.<\/p>\n<p>El Carnaval de C\u00e1diz en Madrid 2020 acoger\u00e1 tambi\u00e9n las actuaciones de artistas gaditanos tan conocidos como <strong>Andy y Lucas<\/strong>, <strong>L\u00e9rica<\/strong> o <strong>Malamanera<\/strong>.<\/p>\n<h2>Carnaval de C\u00e1diz en Madrid 2020: comprar entradas para el WiZink Center<\/h2>\n<p>Las <strong>entradas para el Carnaval de C\u00e1diz en Madrid 2020<\/strong> (20 \u20ac) ya est\u00e1n a la venta, y se podr\u00e1n adquirir en la <a href=\"https:\/\/www.vivecarnavaldecadizmadrid.com\/\">p\u00e1gina oficial del Carnaval de C\u00e1diz en Madrid 2020<\/a>, en la <a href=\"https:\/\/www.wizinkcenter.es\/informacion?evento=vive-el-carnaval-de-c-diz-madrid\">venta de entradas de WiZink Center<\/a> o en <a href=\"https:\/\/www.ticketmaster.es\/artist\/vive-el-carnaval-de-cadiz-en-madrid-entradas\/1020899\">Ticketmaster<\/a>.<\/p>\n<p><script async=\"\" src=\"\/\/pagead2.googlesyndication.com\/pagead\/js\/adsbygoogle.js\"><\/script> <!-- Vida vertical --> <ins class=\"adsbygoogle\" style=\"display: inline-block; width: 300px; height: 600px;\" data-ad-client=\"ca-pub-7450064428034605\" data-ad-slot=\"7296098777\"><\/ins> <script> (adsbygoogle = window.adsbygoogle || []).push({}); <\/script>No te pierdas la celebraci\u00f3n m\u00e1s colorida del a\u00f1o y disfruta del Carnaval de C\u00e1diz en Madrid.<\/p>\n<p>\u00a1Ah! todav\u00eda quedan muchas sorpresas por descubrir&#8230;<\/p>\n<p>Foto: prensa Carnaval de C\u00e1diz en Madrid<\/p>\n","protected":false},"excerpt":{"rendered":"<p>\u00bfC\u00f3mo disfrutar del Carnaval de C\u00e1diz sin moverte de Madrid?<\/p>\n","protected":false},"author":1,"featured_media":0,"comment_status":"open","ping_status":"open","sticky":false,"template":"","format":"standard","meta":{"footnotes":""},"categories":[11],"tags":[45,70],"class_list":{"0":"post-15200","1":"post","2":"type-post","3":"status-publish","4":"format-standard","6":"category-eventos-madrid","7":"tag-carnaval","8":"tag-wizink-center"},"_links":{"self":[{"href":"https:\/\/www.vidademadrid.com\/es\/wp-json\/wp\/v2\/posts\/15200","targetHints":{"allow":["GET"]}}],"collection":[{"href":"https:\/\/www.vidademadrid.com\/es\/wp-json\/wp\/v2\/posts"}],"about":[{"href":"https:\/\/www.vidademadrid.com\/es\/wp-json\/wp\/v2\/types\/post"}],"author":[{"embeddable":true,"href":"https:\/\/www.vidademadrid.com\/es\/wp-json\/wp\/v2\/users\/1"}],"replies":[{"embeddable":true,"href":"https:\/\/www.vidademadrid.com\/es\/wp-json\/wp\/v2\/comments?post=15200"}],"version-history":[{"count":2,"href":"https:\/\/www.vidademadrid.com\/es\/wp-json\/wp\/v2\/posts\/15200\/revisions"}],"predecessor-version":[{"id":16494,"href":"https:\/\/www.vidademadrid.com\/es\/wp-json\/wp\/v2\/posts\/15200\/revisions\/16494"}],"wp:attachment":[{"href":"https:\/\/www.vidademadrid.com\/es\/wp-json\/wp\/v2\/media?parent=15200"}],"wp:term":[{"taxonomy":"category","embeddable":true,"href":"https:\/\/www.vidademadrid.com\/es\/wp-json\/wp\/v2\/categories?post=15200"},{"taxonomy":"post_tag","embeddable":true,"href":"https:\/\/www.vidademadrid.com\/es\/wp-json\/wp\/v2\/tags?post=15200"}],"curies":[{"name":"wp","href":"https:\/\/api.w.org\/{rel}","templated":true}]}}