{"id":15098,"date":"2020-01-03T11:20:43","date_gmt":"2020-01-03T10:20:43","guid":{"rendered":"http:\/\/www.vidademadrid.com\/es\/?p=15098"},"modified":"2020-01-03T11:20:44","modified_gmt":"2020-01-03T10:20:44","slug":"cabalgata-reyes-villaverde","status":"publish","type":"post","link":"https:\/\/www.vidademadrid.com\/es\/15098\/cabalgata-reyes-villaverde\/","title":{"rendered":"Cabalgata Villaverde Oeste y Este (Butarque) 2020: fecha, horario y recorrido"},"content":{"rendered":"\n<p>Aqu\u00ed te damos toda la informaci\u00f3n sobre las dos <strong>Cabalgatas de Reyes en Villaverde en 2020<\/strong>. Fecha, horario y recorrido a continuaci\u00f3n.<\/p>\n<h3>Fecha, horario y recorrido Cabalgata de Reyes Villaverde Oeste 2020<\/h3>\n<p><script async=\"\" src=\"\/\/pagead2.googlesyndication.com\/pagead\/js\/adsbygoogle.js\"><\/script> <!-- Vida 1 --> <ins class=\"adsbygoogle\" style=\"display: block;\" data-ad-client=\"ca-pub-7450064428034605\" data-ad-slot=\"2284573579\" data-ad-format=\"auto\"><\/ins> <script> (adsbygoogle = window.adsbygoogle || []).push({}); <\/script>Seg\u00fan informa la Junta de distrito, la Cabalgata 2020 en Villaverde Oeste tendr\u00e1 lugar el 5 de enero 2020. Habr\u00e1 recepci\u00f3n a los Reyes Magos en el Paseo de Orovilla a las 17:30 horas. Cabalgata Oeste (Espinillo-Los \u00c1ngeles-Villaverde Alto). con salida a las 18 horas desde calle  Unanimidad y llegada en Paseo Alberto Palacios, 43.<\/p>\n<h3>Fecha, horario y recorrido Cabalgata de Reyes Villaverde Este (Butarque) 2020<\/h3>\n<p><script async=\"\" src=\"\/\/pagead2.googlesyndication.com\/pagead\/js\/adsbygoogle.js\"><\/script> <!-- Vida 2 --> <ins class=\"adsbygoogle\" style=\"display: inline-block; width: 336px; height: 280px;\" data-ad-client=\"ca-pub-7450064428034605\" data-ad-slot=\"9336835571\"><\/ins> <script> (adsbygoogle = window.adsbygoogle || []).push({}); <\/script>En Villaverde Este, habr\u00e1 recepci\u00f3n a los Reyes Magos en el Centro Sociocultural Marconi a las 15:30 h y en el Parque Dehesa Boyal a las 16:30 h. El desfile de San Crist\u00f3bal-Villaverde Bajo- Los Rosales-Butarque sale a las 17 horas  desde  calle Burjasot y llega en plaza de los Metales.\n\n<p><script async=\"\" src=\"\/\/pagead2.googlesyndication.com\/pagead\/js\/adsbygoogle.js\"><\/script> <!-- Vida vertical --> <ins class=\"adsbygoogle\" style=\"display: inline-block; width: 300px; height: 600px;\" data-ad-client=\"ca-pub-7450064428034605\" data-ad-slot=\"7296098777\"><\/ins> <script> (adsbygoogle = window.adsbygoogle || []).push({}); <\/script><\/p>\n","protected":false},"excerpt":{"rendered":"<p>Muchos eventos en Villaverde con los Reyes<\/p>\n","protected":false},"author":1,"featured_media":0,"comment_status":"open","ping_status":"open","sticky":false,"template":"","format":"standard","meta":{"footnotes":""},"categories":[1],"tags":[],"class_list":{"0":"post-15098","1":"post","2":"type-post","3":"status-publish","4":"format-standard","6":"category-varios"},"_links":{"self":[{"href":"https:\/\/www.vidademadrid.com\/es\/wp-json\/wp\/v2\/posts\/15098","targetHints":{"allow":["GET"]}}],"collection":[{"href":"https:\/\/www.vidademadrid.com\/es\/wp-json\/wp\/v2\/posts"}],"about":[{"href":"https:\/\/www.vidademadrid.com\/es\/wp-json\/wp\/v2\/types\/post"}],"author":[{"embeddable":true,"href":"https:\/\/www.vidademadrid.com\/es\/wp-json\/wp\/v2\/users\/1"}],"replies":[{"embeddable":true,"href":"https:\/\/www.vidademadrid.com\/es\/wp-json\/wp\/v2\/comments?post=15098"}],"version-history":[{"count":1,"href":"https:\/\/www.vidademadrid.com\/es\/wp-json\/wp\/v2\/posts\/15098\/revisions"}],"predecessor-version":[{"id":15099,"href":"https:\/\/www.vidademadrid.com\/es\/wp-json\/wp\/v2\/posts\/15098\/revisions\/15099"}],"wp:attachment":[{"href":"https:\/\/www.vidademadrid.com\/es\/wp-json\/wp\/v2\/media?parent=15098"}],"wp:term":[{"taxonomy":"category","embeddable":true,"href":"https:\/\/www.vidademadrid.com\/es\/wp-json\/wp\/v2\/categories?post=15098"},{"taxonomy":"post_tag","embeddable":true,"href":"https:\/\/www.vidademadrid.com\/es\/wp-json\/wp\/v2\/tags?post=15098"}],"curies":[{"name":"wp","href":"https:\/\/api.w.org\/{rel}","templated":true}]}}