{"id":15094,"date":"2020-01-03T11:07:24","date_gmt":"2020-01-03T10:07:24","guid":{"rendered":"http:\/\/www.vidademadrid.com\/es\/?p=15094"},"modified":"2020-01-03T11:08:10","modified_gmt":"2020-01-03T10:08:10","slug":"cabalgata-moratalaz-2020","status":"publish","type":"post","link":"https:\/\/www.vidademadrid.com\/es\/15094\/cabalgata-moratalaz-2020\/","title":{"rendered":"Cabalgata de Reyes Moratalaz 2020: fecha, horario y recorrido"},"content":{"rendered":"\n<p>Aqu\u00ed ten\u00e9is todos los detalles sobre la <strong>Cabalgata de Reyes en Moratalaz en 2020<\/strong>. La Junta de Distrito ha organizado el evento as\u00ed como os vamos a informar ahora, con fecha, horario y recorrido a continuaci\u00f3n.<\/p>\n<h3>Fecha y horario Cabalgata de Reyes Moratalaz 2020<\/h3>\n<p><script async=\"\" src=\"\/\/pagead2.googlesyndication.com\/pagead\/js\/adsbygoogle.js\"><\/script> <!-- Vida 1 --> <ins class=\"adsbygoogle\" style=\"display: block;\" data-ad-client=\"ca-pub-7450064428034605\" data-ad-slot=\"2284573579\" data-ad-format=\"auto\"><\/ins> <script> (adsbygoogle = window.adsbygoogle || []).push({}); <\/script>La Cabalgata 2020 Moratalaz tiene lugar el s\u00e1bado 4 de enero, con comienzo a las 17 horas y llegada sobre las 20.30 horas.<\/p>\n<h3>Recorrido de la Cabalgata de Reyes Moratalaz 2020<\/h3>\n<p><script async=\"\" src=\"\/\/pagead2.googlesyndication.com\/pagead\/js\/adsbygoogle.js\"><\/script> <!-- Vida 2 --> <ins class=\"adsbygoogle\" style=\"display: inline-block; width: 336px; height: 280px;\" data-ad-client=\"ca-pub-7450064428034605\" data-ad-slot=\"9336835571\"><\/ins> <script> (adsbygoogle = window.adsbygoogle || []).push({}); <\/script>El recorrido del desfile de las carrozas de la Cabalgata 2020 en Moratalaz es el siguiente:  Calle Corregidor Diego de Valderr\u00e1bano esquina con Camino de los Vinateros, Plaza del Corregidor Alonso de Tobar, Avda. de Moratalaz, Plaza del Encuentro, Hacienda de Pavones, Calle Ca\u00f1ada, Camino de los Vinateros, Avda. de Moratalaz, Pico de los Artilleros, Pza. Corregidor Conde de Maceda y Taboada, Hacienda de Pavones, Fuente Carrantona. La llegada, donde la Junta de Distrito Moratalaz. Habr\u00e1 ah\u00ed  concierto de Villancicos y actuaci\u00f3n de las payasas Chispa y Chispita. \n<p><script async=\"\" src=\"\/\/pagead2.googlesyndication.com\/pagead\/js\/adsbygoogle.js\"><\/script> <!-- Vida vertical --> <ins class=\"adsbygoogle\" style=\"display: inline-block; width: 300px; height: 600px;\" data-ad-client=\"ca-pub-7450064428034605\" data-ad-slot=\"7296098777\"><\/ins> <script> (adsbygoogle = window.adsbygoogle || []).push({}); <\/script><\/p>\n","protected":false},"excerpt":{"rendered":"<p>Con actuaci\u00f3n de payasas <\/p>\n","protected":false},"author":1,"featured_media":0,"comment_status":"open","ping_status":"open","sticky":false,"template":"","format":"standard","meta":{"footnotes":""},"categories":[1],"tags":[],"class_list":{"0":"post-15094","1":"post","2":"type-post","3":"status-publish","4":"format-standard","6":"category-varios"},"_links":{"self":[{"href":"https:\/\/www.vidademadrid.com\/es\/wp-json\/wp\/v2\/posts\/15094","targetHints":{"allow":["GET"]}}],"collection":[{"href":"https:\/\/www.vidademadrid.com\/es\/wp-json\/wp\/v2\/posts"}],"about":[{"href":"https:\/\/www.vidademadrid.com\/es\/wp-json\/wp\/v2\/types\/post"}],"author":[{"embeddable":true,"href":"https:\/\/www.vidademadrid.com\/es\/wp-json\/wp\/v2\/users\/1"}],"replies":[{"embeddable":true,"href":"https:\/\/www.vidademadrid.com\/es\/wp-json\/wp\/v2\/comments?post=15094"}],"version-history":[{"count":1,"href":"https:\/\/www.vidademadrid.com\/es\/wp-json\/wp\/v2\/posts\/15094\/revisions"}],"predecessor-version":[{"id":15095,"href":"https:\/\/www.vidademadrid.com\/es\/wp-json\/wp\/v2\/posts\/15094\/revisions\/15095"}],"wp:attachment":[{"href":"https:\/\/www.vidademadrid.com\/es\/wp-json\/wp\/v2\/media?parent=15094"}],"wp:term":[{"taxonomy":"category","embeddable":true,"href":"https:\/\/www.vidademadrid.com\/es\/wp-json\/wp\/v2\/categories?post=15094"},{"taxonomy":"post_tag","embeddable":true,"href":"https:\/\/www.vidademadrid.com\/es\/wp-json\/wp\/v2\/tags?post=15094"}],"curies":[{"name":"wp","href":"https:\/\/api.w.org\/{rel}","templated":true}]}}