{"id":15090,"date":"2020-01-03T11:01:05","date_gmt":"2020-01-03T10:01:05","guid":{"rendered":"http:\/\/www.vidademadrid.com\/es\/?p=15090"},"modified":"2020-01-03T11:01:31","modified_gmt":"2020-01-03T10:01:31","slug":"cabalgata-puerta-del-angel-latina-2020","status":"publish","type":"post","link":"https:\/\/www.vidademadrid.com\/es\/15090\/cabalgata-puerta-del-angel-latina-2020\/","title":{"rendered":"Cabalgata Puerta del \u00c1ngel-Latina 2020: fecha, horario y recorrido"},"content":{"rendered":"\n<p>Los vecinos del distrito Latina pueden disfrutar este a\u00f1o de la <strong>Cabalgata de Reyes en Puerta del \u00c1ngel-Latina en 2020<\/strong> seg\u00fan toda la informaci\u00f3n que os damos aqu\u00ed a continuaci\u00f3n (fecha, horario y recorrido).<\/p>\n<h3>Fecha y horario Cabalgata de Reyes Puerta del \u00c1ngel-Latina 2020<\/h3>\n<p><script async=\"\" src=\"\/\/pagead2.googlesyndication.com\/pagead\/js\/adsbygoogle.js\"><\/script> <!-- Vida 1 --> <ins class=\"adsbygoogle\" style=\"display: block;\" data-ad-client=\"ca-pub-7450064428034605\" data-ad-slot=\"2284573579\" data-ad-format=\"auto\"><\/ins> <script> (adsbygoogle = window.adsbygoogle || []).push({}); <\/script>La Cabalgata del distrito Latina, que empezar\u00e1 en Puerta del \u00c1ngel, est\u00e1 en programa para el domingo 5 de enero 2020.<\/p>\n<h3>Recorrido de la Cabalgata de Reyes Puerta del \u00c1ngel-Latina 2020<\/h3>\n<p><script async=\"\" src=\"\/\/pagead2.googlesyndication.com\/pagead\/js\/adsbygoogle.js\"><\/script> <!-- Vida 2 --> <ins class=\"adsbygoogle\" style=\"display: inline-block; width: 336px; height: 280px;\" data-ad-client=\"ca-pub-7450064428034605\" data-ad-slot=\"9336835571\"><\/ins> <script> (adsbygoogle = window.adsbygoogle || []).push({}); <\/script>Como ya dicho, las carrozas saldr\u00e1n de la Plaza Puerta del \u00c1ngel, a las 17.30. Los Reyes recorrer\u00e1n Alto de Extremadura, las calles Higueras, Alhambra, Duquesa de Parcent, Camarena, Oca\u00f1a (Intercambiador de Transportes de Aluche), Avenida de las \u00c1guilas. Llegar\u00e1n a la Plaza Distrito Latina, donde la sede de la Junta, sobre las 19.30 h.\n<p><script async=\"\" src=\"\/\/pagead2.googlesyndication.com\/pagead\/js\/adsbygoogle.js\"><\/script> <!-- Vida vertical --> <ins class=\"adsbygoogle\" style=\"display: inline-block; width: 300px; height: 600px;\" data-ad-client=\"ca-pub-7450064428034605\" data-ad-slot=\"7296098777\"><\/ins> <script> (adsbygoogle = window.adsbygoogle || []).push({}); <\/script><\/p>\n","protected":false},"excerpt":{"rendered":"<p>Este domingo<\/p>\n","protected":false},"author":1,"featured_media":0,"comment_status":"open","ping_status":"open","sticky":false,"template":"","format":"standard","meta":{"footnotes":""},"categories":[1],"tags":[],"class_list":{"0":"post-15090","1":"post","2":"type-post","3":"status-publish","4":"format-standard","6":"category-varios"},"_links":{"self":[{"href":"https:\/\/www.vidademadrid.com\/es\/wp-json\/wp\/v2\/posts\/15090","targetHints":{"allow":["GET"]}}],"collection":[{"href":"https:\/\/www.vidademadrid.com\/es\/wp-json\/wp\/v2\/posts"}],"about":[{"href":"https:\/\/www.vidademadrid.com\/es\/wp-json\/wp\/v2\/types\/post"}],"author":[{"embeddable":true,"href":"https:\/\/www.vidademadrid.com\/es\/wp-json\/wp\/v2\/users\/1"}],"replies":[{"embeddable":true,"href":"https:\/\/www.vidademadrid.com\/es\/wp-json\/wp\/v2\/comments?post=15090"}],"version-history":[{"count":2,"href":"https:\/\/www.vidademadrid.com\/es\/wp-json\/wp\/v2\/posts\/15090\/revisions"}],"predecessor-version":[{"id":15092,"href":"https:\/\/www.vidademadrid.com\/es\/wp-json\/wp\/v2\/posts\/15090\/revisions\/15092"}],"wp:attachment":[{"href":"https:\/\/www.vidademadrid.com\/es\/wp-json\/wp\/v2\/media?parent=15090"}],"wp:term":[{"taxonomy":"category","embeddable":true,"href":"https:\/\/www.vidademadrid.com\/es\/wp-json\/wp\/v2\/categories?post=15090"},{"taxonomy":"post_tag","embeddable":true,"href":"https:\/\/www.vidademadrid.com\/es\/wp-json\/wp\/v2\/tags?post=15090"}],"curies":[{"name":"wp","href":"https:\/\/api.w.org\/{rel}","templated":true}]}}