{"id":15087,"date":"2020-01-03T10:53:34","date_gmt":"2020-01-03T09:53:34","guid":{"rendered":"http:\/\/www.vidademadrid.com\/es\/?p=15087"},"modified":"2020-01-03T10:53:34","modified_gmt":"2020-01-03T09:53:34","slug":"cabalgata-vicalvaro-2020","status":"publish","type":"post","link":"https:\/\/www.vidademadrid.com\/es\/15087\/cabalgata-vicalvaro-2020\/","title":{"rendered":"Cabalgata de Reyes Vic\u00e1lvaro 2020: fecha, horario y recorrido"},"content":{"rendered":"\n<p>El domingo tendr\u00e1 lugar la gran Cabalgata de la Castellana, pero tambi\u00e9n la <strong>Cabalgata de Reyes en Vic\u00e1lvaro en 2020<\/strong>. Fecha, horario y recorrido del desfile de ese barrio, en los siguientes p\u00e1rrafos.<\/p>\n<h3>Fecha y horario Cabalgata de Reyes Vic\u00e1lvaro2020<\/h3>\n<p><script async=\"\" src=\"\/\/pagead2.googlesyndication.com\/pagead\/js\/adsbygoogle.js\"><\/script> <!-- Vida 1 --> <ins class=\"adsbygoogle\" style=\"display: block;\" data-ad-client=\"ca-pub-7450064428034605\" data-ad-slot=\"2284573579\" data-ad-format=\"auto\"><\/ins> <script> (adsbygoogle = window.adsbygoogle || []).push({}); <\/script>Como dicho, la Cabalgata de Vic\u00e1lvaro ser\u00e1 este domingo, 5 de enero 2020. Las carrozas saldr\u00e1n a las 17.30 h.<\/p>\n<h3>Recorrido de la Cabalgata de Reyes Vic\u00e1lvaro 2020<\/h3>\n<p><script async=\"\" src=\"\/\/pagead2.googlesyndication.com\/pagead\/js\/adsbygoogle.js\"><\/script> <!-- Vida 2 --> <ins class=\"adsbygoogle\" style=\"display: inline-block; width: 336px; height: 280px;\" data-ad-client=\"ca-pub-7450064428034605\" data-ad-slot=\"9336835571\"><\/ins> <script> (adsbygoogle = window.adsbygoogle || []).push({}); <\/script>El recorrido empieza desde el colegio Pedro Duque, Minerva y seguir\u00e1 en las calles San Cipriano, Avenida de Daroca, Calahorra, Camino Viejo de Vic\u00e1lvaro, Pza. de Alosno, Avda. de la Democracia, Tren de Arganda, Bulevar de Indalecio Prieto. Las carrozas terminar\u00e1n en el Centro Cultural Valdebernardo.\n<p><script async=\"\" src=\"\/\/pagead2.googlesyndication.com\/pagead\/js\/adsbygoogle.js\"><\/script> <!-- Vida vertical --> <ins class=\"adsbygoogle\" style=\"display: inline-block; width: 300px; height: 600px;\" data-ad-client=\"ca-pub-7450064428034605\" data-ad-slot=\"7296098777\"><\/ins> <script> (adsbygoogle = window.adsbygoogle || []).push({}); <\/script><\/p>\n","protected":false},"excerpt":{"rendered":"<p>Este domingo<\/p>\n","protected":false},"author":1,"featured_media":0,"comment_status":"open","ping_status":"open","sticky":false,"template":"","format":"standard","meta":{"footnotes":""},"categories":[1],"tags":[],"class_list":{"0":"post-15087","1":"post","2":"type-post","3":"status-publish","4":"format-standard","6":"category-varios"},"_links":{"self":[{"href":"https:\/\/www.vidademadrid.com\/es\/wp-json\/wp\/v2\/posts\/15087","targetHints":{"allow":["GET"]}}],"collection":[{"href":"https:\/\/www.vidademadrid.com\/es\/wp-json\/wp\/v2\/posts"}],"about":[{"href":"https:\/\/www.vidademadrid.com\/es\/wp-json\/wp\/v2\/types\/post"}],"author":[{"embeddable":true,"href":"https:\/\/www.vidademadrid.com\/es\/wp-json\/wp\/v2\/users\/1"}],"replies":[{"embeddable":true,"href":"https:\/\/www.vidademadrid.com\/es\/wp-json\/wp\/v2\/comments?post=15087"}],"version-history":[{"count":1,"href":"https:\/\/www.vidademadrid.com\/es\/wp-json\/wp\/v2\/posts\/15087\/revisions"}],"predecessor-version":[{"id":15088,"href":"https:\/\/www.vidademadrid.com\/es\/wp-json\/wp\/v2\/posts\/15087\/revisions\/15088"}],"wp:attachment":[{"href":"https:\/\/www.vidademadrid.com\/es\/wp-json\/wp\/v2\/media?parent=15087"}],"wp:term":[{"taxonomy":"category","embeddable":true,"href":"https:\/\/www.vidademadrid.com\/es\/wp-json\/wp\/v2\/categories?post=15087"},{"taxonomy":"post_tag","embeddable":true,"href":"https:\/\/www.vidademadrid.com\/es\/wp-json\/wp\/v2\/tags?post=15087"}],"curies":[{"name":"wp","href":"https:\/\/api.w.org\/{rel}","templated":true}]}}