{"id":15084,"date":"2020-01-03T10:47:10","date_gmt":"2020-01-03T09:47:10","guid":{"rendered":"http:\/\/www.vidademadrid.com\/es\/?p=15084"},"modified":"2020-01-03T10:47:11","modified_gmt":"2020-01-03T09:47:11","slug":"cabalgata-aravaca-2020","status":"publish","type":"post","link":"https:\/\/www.vidademadrid.com\/es\/15084\/cabalgata-aravaca-2020\/","title":{"rendered":"Cabalgata de Reyes Aravaca 2020: fecha, horario y recorrido"},"content":{"rendered":"\n<p>Todo listo en Aravaca para acoger a los Reyes Magos. En este art\u00edculo Vida de Madrid os propone toda la informaci\u00f3n pr\u00e1ctica para la <strong>Cabalgata de Reyes en Aravaca en 2020<\/strong>. Fecha, horario y recorrido en los siguientes p\u00e1rrafos.<\/p>\n<h3>Fecha y horario Cabalgata de Reyes Aravaca 2020<\/h3>\n<p><script async=\"\" src=\"\/\/pagead2.googlesyndication.com\/pagead\/js\/adsbygoogle.js\"><\/script> <!-- Vida 1 --> <ins class=\"adsbygoogle\" style=\"display: block;\" data-ad-client=\"ca-pub-7450064428034605\" data-ad-slot=\"2284573579\" data-ad-format=\"auto\"><\/ins> <script> (adsbygoogle = window.adsbygoogle || []).push({}); <\/script>El s\u00e1bado 4 de enero 2020 ser\u00e1 el d\u00eda de la Cabalgata de Aravaca, con comienzo a las 18.30 horas.<\/p>\n<h3>Recorrido de la Cabalgata de Reyes Aravaca 2020<\/h3>\n<p><script async=\"\" src=\"\/\/pagead2.googlesyndication.com\/pagead\/js\/adsbygoogle.js\"><\/script> <!-- Vida 2 --> <ins class=\"adsbygoogle\" style=\"display: inline-block; width: 336px; height: 280px;\" data-ad-client=\"ca-pub-7450064428034605\" data-ad-slot=\"9336835571\"><\/ins> <script> (adsbygoogle = window.adsbygoogle || []).push({}); <\/script>Como dicho, las carrozas saldr\u00e1n a las 18.30 h, desde el Centro Deportivo Municipal Alfredo Goyeneche (calle H\u00famera). Luego se ir\u00e1 por las calles Las Rosas de Aravaca, la Golondrina, Acamar, Osa Mayor, Ctra. de Humera, Glorieta Cirilo Mart\u00edn Mart\u00edn, calle Golondrina, Avenida de la Galaxia. En la plaza Corona Boreal habr\u00e1 a las 19.30 h espect\u00e1culo musical infantil, a las 20:30 h la intervenci\u00f3n de los Reyes y a las 20:45 h. espect\u00e1culo pirot\u00e9cnico y villancicos. Los comerciantes del barrio invitar\u00e1n a la tradicional chocolatada.\n<p><script async=\"\" src=\"\/\/pagead2.googlesyndication.com\/pagead\/js\/adsbygoogle.js\"><\/script> <!-- Vida vertical --> <ins class=\"adsbygoogle\" style=\"display: inline-block; width: 300px; height: 600px;\" data-ad-client=\"ca-pub-7450064428034605\" data-ad-slot=\"7296098777\"><\/ins> <script> (adsbygoogle = window.adsbygoogle || []).push({}); <\/script><\/p>\n","protected":false},"excerpt":{"rendered":"<p>Con espect\u00e1culo pirot\u00e9cnico<\/p>\n","protected":false},"author":1,"featured_media":0,"comment_status":"open","ping_status":"open","sticky":false,"template":"","format":"standard","meta":{"footnotes":""},"categories":[1],"tags":[],"class_list":{"0":"post-15084","1":"post","2":"type-post","3":"status-publish","4":"format-standard","6":"category-varios"},"_links":{"self":[{"href":"https:\/\/www.vidademadrid.com\/es\/wp-json\/wp\/v2\/posts\/15084","targetHints":{"allow":["GET"]}}],"collection":[{"href":"https:\/\/www.vidademadrid.com\/es\/wp-json\/wp\/v2\/posts"}],"about":[{"href":"https:\/\/www.vidademadrid.com\/es\/wp-json\/wp\/v2\/types\/post"}],"author":[{"embeddable":true,"href":"https:\/\/www.vidademadrid.com\/es\/wp-json\/wp\/v2\/users\/1"}],"replies":[{"embeddable":true,"href":"https:\/\/www.vidademadrid.com\/es\/wp-json\/wp\/v2\/comments?post=15084"}],"version-history":[{"count":1,"href":"https:\/\/www.vidademadrid.com\/es\/wp-json\/wp\/v2\/posts\/15084\/revisions"}],"predecessor-version":[{"id":15085,"href":"https:\/\/www.vidademadrid.com\/es\/wp-json\/wp\/v2\/posts\/15084\/revisions\/15085"}],"wp:attachment":[{"href":"https:\/\/www.vidademadrid.com\/es\/wp-json\/wp\/v2\/media?parent=15084"}],"wp:term":[{"taxonomy":"category","embeddable":true,"href":"https:\/\/www.vidademadrid.com\/es\/wp-json\/wp\/v2\/categories?post=15084"},{"taxonomy":"post_tag","embeddable":true,"href":"https:\/\/www.vidademadrid.com\/es\/wp-json\/wp\/v2\/tags?post=15084"}],"curies":[{"name":"wp","href":"https:\/\/api.w.org\/{rel}","templated":true}]}}