{"id":15074,"date":"2020-01-03T10:16:42","date_gmt":"2020-01-03T09:16:42","guid":{"rendered":"http:\/\/www.vidademadrid.com\/es\/?p=15074"},"modified":"2020-01-03T10:16:43","modified_gmt":"2020-01-03T09:16:43","slug":"cabalgata-usera-2020","status":"publish","type":"post","link":"https:\/\/www.vidademadrid.com\/es\/15074\/cabalgata-usera-2020\/","title":{"rendered":"Cabalgata de Reyes Usera 2020: fecha, horario y recorrido"},"content":{"rendered":"\n<p>Este s\u00e1bado los Reyes llegan al barrio de Usera, y aqu\u00ed desde Vida de Madrid queremos contaros todo sobre la <strong>Cabalgata de Reyes en Usera en 2020<\/strong>. Fecha, horario y recorrido a continuaci\u00f3n.<\/p>\n<h3>Fecha y horario Cabalgata de Reyes Usera 2020<\/h3>\n<p><script async=\"\" src=\"\/\/pagead2.googlesyndication.com\/pagead\/js\/adsbygoogle.js\"><\/script> <!-- Vida 1 --> <ins class=\"adsbygoogle\" style=\"display: block;\" data-ad-client=\"ca-pub-7450064428034605\" data-ad-slot=\"2284573579\" data-ad-format=\"auto\"><\/ins> <script> (adsbygoogle = window.adsbygoogle || []).push({}); <\/script>Como acabamos de decir, la fecha de la Cabalgata de Usera es el 4 de enero. Este s\u00e1bado, el desfile empezar\u00e1 sobre las 17.00 h y terminar\u00e1 unas 4 horas despu\u00e9s.<\/p>\n<h3>Recorrido de la Cabalgata de Reyes Usera 2020<\/h3>\n<p><script async=\"\" src=\"\/\/pagead2.googlesyndication.com\/pagead\/js\/adsbygoogle.js\"><\/script> <!-- Vida 2 --> <ins class=\"adsbygoogle\" style=\"display: inline-block; width: 336px; height: 280px;\" data-ad-client=\"ca-pub-7450064428034605\" data-ad-slot=\"9336835571\"><\/ins> <script> (adsbygoogle = window.adsbygoogle || []).push({}); <\/script>Este es el recorrido de la Cabalgata de Usera: Salida desde el Centro Cultural San Ferm\u00edn (Avda. San Ferm\u00edn), Avda. Andaluc\u00eda &#8211; Avda. Poblados, C\/ Eduardo Barreiros &#8211; C\/ Salvador Martinez, Avda. De Orcasur &#8211; Pza. Del Pueblo, Avda. De Orcasur &#8211; Fernando Ortiz &#8211; C\/ Campotejar, C\/ Gran Avenida &#8211; C\/ Unidad &#8211; Avda. Rafaela Ybarra, C\/ Beasa\u00edn &#8211; C\/ Guetaria &#8211; C\/ Cestona, Avda. Rafaela Ybarra &#8211; C\/ Cristo De La Victoria, C\/ Santuario &#8211; C\/ Almendrales &#8211; C\/ Marcelo Usera, Avda. Rafaela Ybarra. El desfile terminar\u00e1 donde la Junta Municipal de Usera. En la explanada habr\u00e1 actuaciones musicales a partir de las 18.30 h y degustaci\u00f3n de chocolate y rosc\u00f3n a las 20.30 h.\n<p><script async=\"\" src=\"\/\/pagead2.googlesyndication.com\/pagead\/js\/adsbygoogle.js\"><\/script> <!-- Vida vertical --> <ins class=\"adsbygoogle\" style=\"display: inline-block; width: 300px; height: 600px;\" data-ad-client=\"ca-pub-7450064428034605\" data-ad-slot=\"7296098777\"><\/ins> <script> (adsbygoogle = window.adsbygoogle || []).push({}); <\/script><\/p>\n","protected":false},"excerpt":{"rendered":"<p>El s\u00e1bado a partir de 17.30 h<\/p>\n","protected":false},"author":1,"featured_media":0,"comment_status":"open","ping_status":"open","sticky":false,"template":"","format":"standard","meta":{"footnotes":""},"categories":[1],"tags":[],"class_list":{"0":"post-15074","1":"post","2":"type-post","3":"status-publish","4":"format-standard","6":"category-varios"},"_links":{"self":[{"href":"https:\/\/www.vidademadrid.com\/es\/wp-json\/wp\/v2\/posts\/15074","targetHints":{"allow":["GET"]}}],"collection":[{"href":"https:\/\/www.vidademadrid.com\/es\/wp-json\/wp\/v2\/posts"}],"about":[{"href":"https:\/\/www.vidademadrid.com\/es\/wp-json\/wp\/v2\/types\/post"}],"author":[{"embeddable":true,"href":"https:\/\/www.vidademadrid.com\/es\/wp-json\/wp\/v2\/users\/1"}],"replies":[{"embeddable":true,"href":"https:\/\/www.vidademadrid.com\/es\/wp-json\/wp\/v2\/comments?post=15074"}],"version-history":[{"count":1,"href":"https:\/\/www.vidademadrid.com\/es\/wp-json\/wp\/v2\/posts\/15074\/revisions"}],"predecessor-version":[{"id":15075,"href":"https:\/\/www.vidademadrid.com\/es\/wp-json\/wp\/v2\/posts\/15074\/revisions\/15075"}],"wp:attachment":[{"href":"https:\/\/www.vidademadrid.com\/es\/wp-json\/wp\/v2\/media?parent=15074"}],"wp:term":[{"taxonomy":"category","embeddable":true,"href":"https:\/\/www.vidademadrid.com\/es\/wp-json\/wp\/v2\/categories?post=15074"},{"taxonomy":"post_tag","embeddable":true,"href":"https:\/\/www.vidademadrid.com\/es\/wp-json\/wp\/v2\/tags?post=15074"}],"curies":[{"name":"wp","href":"https:\/\/api.w.org\/{rel}","templated":true}]}}