{"id":15063,"date":"2020-01-03T09:31:08","date_gmt":"2020-01-03T08:31:08","guid":{"rendered":"http:\/\/www.vidademadrid.com\/es\/?p=15063"},"modified":"2020-01-03T09:31:09","modified_gmt":"2020-01-03T08:31:09","slug":"cabalgata-fuencarral-barrio-pilar","status":"publish","type":"post","link":"https:\/\/www.vidademadrid.com\/es\/15063\/cabalgata-fuencarral-barrio-pilar\/","title":{"rendered":"Cabalgata de Reyes Fuencarral (Barrio del Pilar) 2020: horario y recorrido"},"content":{"rendered":"\n<p>Hoy es el d\u00eda en el que habr\u00e1<strong>Cabalgata de Reyes en el distrito de Fuencarral 2020<\/strong>, en Montecarmelo y Barrio del Pilar. Sigue leyendo para descubrir su horario y recorrido.<\/p>\n<h3>Fecha y horario Cabalgata de Reyes Fuencarral\/Barrio del Pilar 2020<\/h3>\n<p><script async=\"\" src=\"\/\/pagead2.googlesyndication.com\/pagead\/js\/adsbygoogle.js\"><\/script> <!-- Vida 1 --> <ins class=\"adsbygoogle\" style=\"display: block;\" data-ad-client=\"ca-pub-7450064428034605\" data-ad-slot=\"2284573579\" data-ad-format=\"auto\"><\/ins> <script> (adsbygoogle = window.adsbygoogle || []).push({}); <\/script>Como de costumbre, la Cabalgata por el barrio del Pilar es una de las primeras en Madrid, pues empezar\u00e1 a las 17.30 horas de hoy, viernes 3 de enero 2020<\/p>\n<h3>Recorrido de la Cabalgata de Reyes Fuencarral\/Barrio del Pilar  2020<\/h3>\n<p><script async=\"\" src=\"\/\/pagead2.googlesyndication.com\/pagead\/js\/adsbygoogle.js\"><\/script> <!-- Vida 2 --> <ins class=\"adsbygoogle\" style=\"display: inline-block; width: 336px; height: 280px;\" data-ad-client=\"ca-pub-7450064428034605\" data-ad-slot=\"9336835571\"><\/ins> <script> (adsbygoogle = window.adsbygoogle || []).push({}); <\/script>La cabalgata del Barrio del Pilar-Montecarmelo sale de la Avenida Monasterio de Silos 24 y recorrer\u00e1 Calle Monasterio de Samos, Calle Monasterio de Suso y Yuso, Avenida de Montecarmelo, Calle Afueras a Valverde, Calle Nuestra Se\u00f1ora de Valverde, Avenida Llano Castellano, Calle  Marcos de Orueta, Calle San Modesto, Puente Virgen de Bego\u00f1a, Calle Pedro Rico, Avenida Monforte de Lemos. Su final ser\u00e1 donde la Junta Municipal de Fuencarral El Pardo.\n<p><script async=\"\" src=\"\/\/pagead2.googlesyndication.com\/pagead\/js\/adsbygoogle.js\"><\/script> <!-- Vida vertical --> <ins class=\"adsbygoogle\" style=\"display: inline-block; width: 300px; height: 600px;\" data-ad-client=\"ca-pub-7450064428034605\" data-ad-slot=\"7296098777\"><\/ins> <script> (adsbygoogle = window.adsbygoogle || []).push({}); <\/script><\/p>\n","protected":false},"excerpt":{"rendered":"<p>Hoy a las 17.30 h<\/p>\n","protected":false},"author":1,"featured_media":0,"comment_status":"open","ping_status":"open","sticky":false,"template":"","format":"standard","meta":{"footnotes":""},"categories":[1],"tags":[],"class_list":{"0":"post-15063","1":"post","2":"type-post","3":"status-publish","4":"format-standard","6":"category-varios"},"_links":{"self":[{"href":"https:\/\/www.vidademadrid.com\/es\/wp-json\/wp\/v2\/posts\/15063","targetHints":{"allow":["GET"]}}],"collection":[{"href":"https:\/\/www.vidademadrid.com\/es\/wp-json\/wp\/v2\/posts"}],"about":[{"href":"https:\/\/www.vidademadrid.com\/es\/wp-json\/wp\/v2\/types\/post"}],"author":[{"embeddable":true,"href":"https:\/\/www.vidademadrid.com\/es\/wp-json\/wp\/v2\/users\/1"}],"replies":[{"embeddable":true,"href":"https:\/\/www.vidademadrid.com\/es\/wp-json\/wp\/v2\/comments?post=15063"}],"version-history":[{"count":1,"href":"https:\/\/www.vidademadrid.com\/es\/wp-json\/wp\/v2\/posts\/15063\/revisions"}],"predecessor-version":[{"id":15065,"href":"https:\/\/www.vidademadrid.com\/es\/wp-json\/wp\/v2\/posts\/15063\/revisions\/15065"}],"wp:attachment":[{"href":"https:\/\/www.vidademadrid.com\/es\/wp-json\/wp\/v2\/media?parent=15063"}],"wp:term":[{"taxonomy":"category","embeddable":true,"href":"https:\/\/www.vidademadrid.com\/es\/wp-json\/wp\/v2\/categories?post=15063"},{"taxonomy":"post_tag","embeddable":true,"href":"https:\/\/www.vidademadrid.com\/es\/wp-json\/wp\/v2\/tags?post=15063"}],"curies":[{"name":"wp","href":"https:\/\/api.w.org\/{rel}","templated":true}]}}