{"id":15057,"date":"2020-01-02T22:20:24","date_gmt":"2020-01-02T21:20:24","guid":{"rendered":"http:\/\/www.vidademadrid.com\/es\/?p=15057"},"modified":"2020-04-07T12:54:44","modified_gmt":"2020-04-07T10:54:44","slug":"cabalgata-puente-de-vallecas-2020","status":"publish","type":"post","link":"https:\/\/www.vidademadrid.com\/es\/15057\/cabalgata-puente-de-vallecas-2020\/","title":{"rendered":"Cabalgata de Reyes Puente de Vallecas 2020: fecha, horario y recorrido"},"content":{"rendered":"\n<p>Todo listo en Puente de Vallecas para la tradicional Cabalgata de Reyes: sigue leyendo para conocer fecha, hora y recorrido del desfile <strong>Cabalgata de Reyes en el barrio de Puente de Vallecas en 2020<\/strong>.<\/p>\n<h3>Fecha y horario Cabalgata de Reyes Puente de Vallecas 2020<\/h3>\n<p><script async=\"\" src=\"\/\/pagead2.googlesyndication.com\/pagead\/js\/adsbygoogle.js\"><\/script> <!-- Vida 1 --> <ins class=\"adsbygoogle\" style=\"display: block;\" data-ad-client=\"ca-pub-7450064428034605\" data-ad-slot=\"2284573579\" data-ad-format=\"auto\"><\/ins> <script> (adsbygoogle = window.adsbygoogle || []).push({}); <\/script>El tradicional desfile en Puente de Vallecas tendr\u00e1 lugar este s\u00e1bado. La cita es a las 17.30 h del 4 de enero 2020, cuando las carrozas empezar\u00e1n su recorrido por las calles del barrio.<\/p>\n<h3>Recorrido de la Cabalgata de Reyes Puente de Vallecas 2020<\/h3>\n<p><script async=\"\" src=\"\/\/pagead2.googlesyndication.com\/pagead\/js\/adsbygoogle.js\"><\/script> <!-- Vida 2 --> <ins class=\"adsbygoogle\" style=\"display: inline-block; width: 336px; height: 280px;\" data-ad-client=\"ca-pub-7450064428034605\" data-ad-slot=\"9336835571\"><\/ins> <script> (adsbygoogle = window.adsbygoogle || []).push({}); <\/script>El recorrido de la Cabalgata en Puente de Vallecas empieza en la calle de Villamayor de Santiago, sigue por la avenida de la Gavia, calle de Real de Arganda, paseo Federico Garc\u00eda Lorca. El desfile terminar\u00e1 frente al edificio de educaci\u00f3n infantil del CEIP Honduras.\n<p><script async=\"\" src=\"\/\/pagead2.googlesyndication.com\/pagead\/js\/adsbygoogle.js\"><\/script> <!-- Vida vertical --> <ins class=\"adsbygoogle\" style=\"display: inline-block; width: 300px; height: 600px;\" data-ad-client=\"ca-pub-7450064428034605\" data-ad-slot=\"7296098777\"><\/ins> <script> (adsbygoogle = window.adsbygoogle || []).push({}); <\/script><\/p>\n","protected":false},"excerpt":{"rendered":"<p>El desfile terminar\u00e1 frente al edificio de educaci\u00f3n infantil del CEIP Honduras<\/p>\n","protected":false},"author":1,"featured_media":0,"comment_status":"open","ping_status":"open","sticky":false,"template":"","format":"standard","meta":{"footnotes":""},"categories":[1],"tags":[81],"class_list":{"0":"post-15057","1":"post","2":"type-post","3":"status-publish","4":"format-standard","6":"category-varios","7":"tag-vallecas"},"_links":{"self":[{"href":"https:\/\/www.vidademadrid.com\/es\/wp-json\/wp\/v2\/posts\/15057","targetHints":{"allow":["GET"]}}],"collection":[{"href":"https:\/\/www.vidademadrid.com\/es\/wp-json\/wp\/v2\/posts"}],"about":[{"href":"https:\/\/www.vidademadrid.com\/es\/wp-json\/wp\/v2\/types\/post"}],"author":[{"embeddable":true,"href":"https:\/\/www.vidademadrid.com\/es\/wp-json\/wp\/v2\/users\/1"}],"replies":[{"embeddable":true,"href":"https:\/\/www.vidademadrid.com\/es\/wp-json\/wp\/v2\/comments?post=15057"}],"version-history":[{"count":1,"href":"https:\/\/www.vidademadrid.com\/es\/wp-json\/wp\/v2\/posts\/15057\/revisions"}],"predecessor-version":[{"id":15058,"href":"https:\/\/www.vidademadrid.com\/es\/wp-json\/wp\/v2\/posts\/15057\/revisions\/15058"}],"wp:attachment":[{"href":"https:\/\/www.vidademadrid.com\/es\/wp-json\/wp\/v2\/media?parent=15057"}],"wp:term":[{"taxonomy":"category","embeddable":true,"href":"https:\/\/www.vidademadrid.com\/es\/wp-json\/wp\/v2\/categories?post=15057"},{"taxonomy":"post_tag","embeddable":true,"href":"https:\/\/www.vidademadrid.com\/es\/wp-json\/wp\/v2\/tags?post=15057"}],"curies":[{"name":"wp","href":"https:\/\/api.w.org\/{rel}","templated":true}]}}