{"id":15055,"date":"2020-01-02T22:15:50","date_gmt":"2020-01-02T21:15:50","guid":{"rendered":"http:\/\/www.vidademadrid.com\/es\/?p=15055"},"modified":"2020-01-02T22:29:45","modified_gmt":"2020-01-02T21:29:45","slug":"cabalgata-tetuan-2020","status":"publish","type":"post","link":"https:\/\/www.vidademadrid.com\/es\/15055\/cabalgata-tetuan-2020\/","title":{"rendered":"Cabalgata de Reyes Tetu\u00e1n 2020: fecha, horario y recorrido"},"content":{"rendered":"\n<p>Casi todo listo para la <strong>Cabalgata de Reyes en el barrio de Tet\u00faan en 2020<\/strong>: sigue leyendo este art\u00edculo para descubrir fecha, horario y recorrido.<\/p>\n<h3>Fecha y horario Cabalgata de Reyes Tet\u00faan 2020<\/h3>\n<p><script async=\"\" src=\"\/\/pagead2.googlesyndication.com\/pagead\/js\/adsbygoogle.js\"><\/script> <!-- Vida 1 --> <ins class=\"adsbygoogle\" style=\"display: block;\" data-ad-client=\"ca-pub-7450064428034605\" data-ad-slot=\"2284573579\" data-ad-format=\"auto\"><\/ins> <script> (adsbygoogle = window.adsbygoogle || []).push({}); <\/script>La Cabalgata de Tetu\u00e1n, organizada por la Junta Municipal de Distrito, est\u00e1 programada para este s\u00e1bado, es decir el 4 de enero 2020. La hora de salida es: 18 h.<\/p>\n<h3>Recorrido de la Cabalgata de Reyes Tetu\u00e1n 2020<\/h3>\n<p><script async=\"\" src=\"\/\/pagead2.googlesyndication.com\/pagead\/js\/adsbygoogle.js\"><\/script> <!-- Vida 2 --> <ins class=\"adsbygoogle\" style=\"display: inline-block; width: 336px; height: 280px;\" data-ad-client=\"ca-pub-7450064428034605\" data-ad-slot=\"9336835571\"><\/ins> <script> (adsbygoogle = window.adsbygoogle || []).push({}); <\/script>Como siempre, la Cabalgata de Tet\u00faan recorrer\u00e1 la calle Bravo Murillo. Saldr\u00e1 desde la Glorieta de Cuatro Caminos y subir\u00e1 hasta el edificio de la Junta Municipal de Tetu\u00e1n.\n<p><script async=\"\" src=\"\/\/pagead2.googlesyndication.com\/pagead\/js\/adsbygoogle.js\"><\/script> <!-- Vida vertical --> <ins class=\"adsbygoogle\" style=\"display: inline-block; width: 300px; height: 600px;\" data-ad-client=\"ca-pub-7450064428034605\" data-ad-slot=\"7296098777\"><\/ins> <script> (adsbygoogle = window.adsbygoogle || []).push({}); <\/script><\/p>\n","protected":false},"excerpt":{"rendered":"<p>Los Reyes Magos recorren Bravo Murillo<\/p>\n","protected":false},"author":1,"featured_media":0,"comment_status":"open","ping_status":"open","sticky":false,"template":"","format":"standard","meta":{"footnotes":""},"categories":[1],"tags":[],"class_list":{"0":"post-15055","1":"post","2":"type-post","3":"status-publish","4":"format-standard","6":"category-varios"},"_links":{"self":[{"href":"https:\/\/www.vidademadrid.com\/es\/wp-json\/wp\/v2\/posts\/15055","targetHints":{"allow":["GET"]}}],"collection":[{"href":"https:\/\/www.vidademadrid.com\/es\/wp-json\/wp\/v2\/posts"}],"about":[{"href":"https:\/\/www.vidademadrid.com\/es\/wp-json\/wp\/v2\/types\/post"}],"author":[{"embeddable":true,"href":"https:\/\/www.vidademadrid.com\/es\/wp-json\/wp\/v2\/users\/1"}],"replies":[{"embeddable":true,"href":"https:\/\/www.vidademadrid.com\/es\/wp-json\/wp\/v2\/comments?post=15055"}],"version-history":[{"count":2,"href":"https:\/\/www.vidademadrid.com\/es\/wp-json\/wp\/v2\/posts\/15055\/revisions"}],"predecessor-version":[{"id":15062,"href":"https:\/\/www.vidademadrid.com\/es\/wp-json\/wp\/v2\/posts\/15055\/revisions\/15062"}],"wp:attachment":[{"href":"https:\/\/www.vidademadrid.com\/es\/wp-json\/wp\/v2\/media?parent=15055"}],"wp:term":[{"taxonomy":"category","embeddable":true,"href":"https:\/\/www.vidademadrid.com\/es\/wp-json\/wp\/v2\/categories?post=15055"},{"taxonomy":"post_tag","embeddable":true,"href":"https:\/\/www.vidademadrid.com\/es\/wp-json\/wp\/v2\/tags?post=15055"}],"curies":[{"name":"wp","href":"https:\/\/api.w.org\/{rel}","templated":true}]}}