{"id":15046,"date":"2020-01-02T13:11:56","date_gmt":"2020-01-02T12:11:56","guid":{"rendered":"http:\/\/www.vidademadrid.com\/es\/?p=15046"},"modified":"2020-01-02T13:13:23","modified_gmt":"2020-01-02T12:13:23","slug":"cabalgata-san-blas-2020","status":"publish","type":"post","link":"https:\/\/www.vidademadrid.com\/es\/15046\/cabalgata-san-blas-2020\/","title":{"rendered":"Cabalgata de Reyes San Blas 2020: fecha, horario y recorrido"},"content":{"rendered":"<p>En este art\u00edculo os vamos a dar toda la informaci\u00f3n sobre la <strong>Cabalgata de Reyes en el barrio de San Blas en 2020<\/strong>: nueva fecha (diferente a la de los a\u00f1os pasados), horario y recorrido.<\/p>\n<h3>Fecha y horario Cabalgata de Reyes San Blas 2020<\/h3>\n<p><script async=\"\" src=\"\/\/pagead2.googlesyndication.com\/pagead\/js\/adsbygoogle.js\"><\/script> <!-- Vida 1 --> <ins class=\"adsbygoogle\" style=\"display:block\" data-ad-client=\"ca-pub-7450064428034605\" data-ad-slot=\"2284573579\" data-ad-format=\"auto\"><\/ins> <script> (adsbygoogle = window.adsbygoogle || []).push({}); <\/script>Este a\u00f1o, debido al partido del Atl\u00e9tico de Madrid, la Cabalgata de Reyes de San Blas tendr\u00e1 lugar el viernes 3 de enero, de 17.30 a 21.00 h.<\/p>\n<h3>Recorrido de la Cabalgata de Reyes San Blas 2020<\/h3>\n<p><script async=\"\" src=\"\/\/pagead2.googlesyndication.com\/pagead\/js\/adsbygoogle.js\"><\/script> <!-- Vida 2 --> <ins class=\"adsbygoogle\" style=\"display:inline-block;width:336px;height:280px\" data-ad-client=\"ca-pub-7450064428034605\" data-ad-slot=\"9336835571\"><\/ins> <script> (adsbygoogle = window.adsbygoogle || []).push({}); <\/script>De San Rom\u00e1n del Valle a Torre Arias.<\/p>\n<p>Recorrido comleto:<\/p>\n<blockquote><p>Ajofr\u00edn, Av. Alberique, Av. Hell\u00edn, Pobladura del Valle, Arcos del Jal\u00f3n, Julia G\u00aa Bout\u00e1n, Av. de Niza, Paseo Ginebra, Suecia, M\u00aa Sevilla Diago, avenida Canillejas a Vic\u00e1lvaro, Aquiles, Lucano, Canal del B\u00f3sforo, San Mariano, N\u00e9ctas, Valderrobres.<\/p><\/blockquote>\n<p><script async=\"\" src=\"\/\/pagead2.googlesyndication.com\/pagead\/js\/adsbygoogle.js\"><\/script> <!-- Vida vertical --> <ins class=\"adsbygoogle\" style=\"display:inline-block;width:300px;height:600px\" data-ad-client=\"ca-pub-7450064428034605\" data-ad-slot=\"7296098777\"><\/ins> <script> (adsbygoogle = window.adsbygoogle || []).push({}); <\/script><\/p>\n","protected":false},"excerpt":{"rendered":"<p>Se adelantar\u00e1 por el partido del Atleti<\/p>\n","protected":false},"author":1,"featured_media":0,"comment_status":"open","ping_status":"open","sticky":false,"template":"","format":"standard","meta":{"footnotes":""},"categories":[1],"tags":[],"class_list":{"0":"post-15046","1":"post","2":"type-post","3":"status-publish","4":"format-standard","6":"category-varios"},"_links":{"self":[{"href":"https:\/\/www.vidademadrid.com\/es\/wp-json\/wp\/v2\/posts\/15046","targetHints":{"allow":["GET"]}}],"collection":[{"href":"https:\/\/www.vidademadrid.com\/es\/wp-json\/wp\/v2\/posts"}],"about":[{"href":"https:\/\/www.vidademadrid.com\/es\/wp-json\/wp\/v2\/types\/post"}],"author":[{"embeddable":true,"href":"https:\/\/www.vidademadrid.com\/es\/wp-json\/wp\/v2\/users\/1"}],"replies":[{"embeddable":true,"href":"https:\/\/www.vidademadrid.com\/es\/wp-json\/wp\/v2\/comments?post=15046"}],"version-history":[{"count":2,"href":"https:\/\/www.vidademadrid.com\/es\/wp-json\/wp\/v2\/posts\/15046\/revisions"}],"predecessor-version":[{"id":15048,"href":"https:\/\/www.vidademadrid.com\/es\/wp-json\/wp\/v2\/posts\/15046\/revisions\/15048"}],"wp:attachment":[{"href":"https:\/\/www.vidademadrid.com\/es\/wp-json\/wp\/v2\/media?parent=15046"}],"wp:term":[{"taxonomy":"category","embeddable":true,"href":"https:\/\/www.vidademadrid.com\/es\/wp-json\/wp\/v2\/categories?post=15046"},{"taxonomy":"post_tag","embeddable":true,"href":"https:\/\/www.vidademadrid.com\/es\/wp-json\/wp\/v2\/tags?post=15046"}],"curies":[{"name":"wp","href":"https:\/\/api.w.org\/{rel}","templated":true}]}}