{"id":14915,"date":"2020-01-20T13:12:16","date_gmt":"2020-01-20T12:12:16","guid":{"rendered":"http:\/\/www.vidademadrid.com\/es\/?p=14915"},"modified":"2021-04-06T19:56:04","modified_gmt":"2021-04-06T17:56:04","slug":"premios-odeon-2020-ganadores","status":"publish","type":"post","link":"https:\/\/www.vidademadrid.com\/es\/14915\/premios-odeon-2020-ganadores\/","title":{"rendered":"Premios Ode\u00f3n 2020: los ganadores"},"content":{"rendered":"\n<script async=\"\" src=\"\/\/pagead2.googlesyndication.com\/pagead\/js\/adsbygoogle.js\"><\/script> <!-- Vida 1 --> <ins class=\"adsbygoogle\" style=\"display:block\" data-ad-client=\"ca-pub-7450064428034605\" data-ad-slot=\"2284573579\" data-ad-format=\"auto\"><\/ins> <script> (adsbygoogle = window.adsbygoogle || []).push({}); <\/script><p><strong>Actualizaci\u00f3n 20 enero 2020. \u00a1Hoy es el d\u00eda de la Gala!<\/strong> S\u00edguela <a href=\"https:\/\/amp.rtve.es\/directo\/la-1\/\">en directo en La1<\/a> y el backstage en <a href=\"https:\/\/instagram.com\/VidaDeMadrid\">las Stories de @vidademadrid<\/a>, aqu\u00ed abajo habr\u00e1 actualizaciones con los nombres de los ganadores de cada categor\u00eda.<\/p>\n<h1>Los ganadores son&#8230;<\/h1>\n<script async=\"\" src=\"\/\/pagead2.googlesyndication.com\/pagead\/js\/adsbygoogle.js\"><\/script> <!-- Vida 2 --> <ins class=\"adsbygoogle\" style=\"display:inline-block;width:336px;height:280px\" data-ad-client=\"ca-pub-7450064428034605\" data-ad-slot=\"9336835571\"><\/ins> <script> (adsbygoogle = window.adsbygoogle || []).push({}); <\/script>\n\n\n<h2>Mejor Canci\u00f3n &#8211; Premios Ode\u00f3n 2020<\/h2>\n<p>Con Altura &#8211; Rosal\u00eda \/ J Balvin \/ El Guincho<br><strong>Ganador: Contando Lunares &#8211; Don Patricio \/ Cruz Cafun\u00e9<\/strong><br>Enchochado de Ti &#8211; Don Patricio<br>La Rubia (Remix 2) &#8211; La Nueva Escuela \/ Omar Montes<br>Lo Siento &#8211; Beret<br>Malamente &#8211; Rosal\u00eda<br>Milion\u00e0ria &#8211; Rosal\u00eda<br>Mujer Bruja &#8211; Lola Indigo \/ Mala Rodr\u00edguez<br>Presiento &#8211; Morat \/ Aitana<br>Yo x Ti, Tu x Mi &#8211; Rosal\u00eda \/ Ozuna<\/p>\n<h2>Mejor Album &#8211; Premios Ode\u00f3n 2020<\/h2>\n<p><strong>Ganador &#8211; #Eldisco &#8211; Alejandro Sanz<\/strong><br>El Azogue &#8211; Marea<br>El Danzar de las Mariposas &#8211; El Barrio<br>El Mal Querer &#8211; Rosalia<br>La Cruz del Mapa &#8211; Manuel Carrasco<br>Nuclear &#8211; Leiva<br>Otras Alas &#8211; Natalia Lacunza<br>Rebobinando &#8211; Camela<br>Spoiler &#8211; Aitana<br>Todas las mujeres que habitan en mi &#8211; Vanesa Mart\u00edn<\/p>\n<h2>Mejor V\u00eddeo &#8211; Premios Ode\u00f3n 2020<\/h2>\n<p>Booty C. &#8211; Tangana \/ Becky G \/ Alizzz<br><strong>Ganador: Con Altura &#8211; Rosal\u00eda \/ J Balvin \/ El Guincho<\/strong><br>Contando Lunares &#8211; Don Patricio \/ Cruz Cafun\u00e9<br>Malamente &#8211; Rosal\u00eda<br>Mi Persona Favorita &#8211; Alejandro Sanz \/ Camila Cabello<br>Perd\u00f3n &#8211; David Bisbal \/ Greeicy<br>Presiento &#8211; Morat \/ Aitana<br>Telefono &#8211; Aitana<br>Ya No Quiero N\u00e1 &#8211; Lola Indigo<br>Yo x Ti, Tu x M\u00ed &#8211; Rosal\u00eda \/ Ozuna<\/p>\n<h2>Artistas Ode\u00f3n Femenino 2020<\/h2>\n<p>Aitana<br>Alba Reche<br>Amaia<br>Ana Guerra<br>Lola Indigo<br>Monica Naranjo<br>Natalia Lacunza<br>Rosal\u00eda<br>Rozalen<br><strong>Ganadora: Vanesa Martin<\/strong><\/p>\n<h2>Artista Ode\u00f3n Masculino 2020<\/h2>\n<p>Alejandro Sanz<br>Antonio Jose<br><strong>Ganador: Beret<\/strong><br>C. Tangana<br>Don Patricio<br>El Barrio<br>Joaquin Sabina<br>Leiva<br>Manuel Carrasco<br>Sergio Dalma<\/p>\n<h2>Mejor Grupo Premios Ode\u00f3n 2020<\/h2>\n<p>Adexe &amp; Nau<br>Amaral<br>Camela<br>Dvicio<br><strong>Ganador: Estopa<\/strong><br>Fangoria<br>Izal<br>Mago De Oz<br>Marea<br>Oques Grasses<\/p>\n<h2>Mejor Artista Latino Premios Ode\u00f3n 2020<\/h2>\n<p>Anuel Aa<br>Bad Bunny<br>Daddy Yankee<br>Danny Ocean<br>J Balvin<br>Lunay<br>Maluma<br><strong>Ganador: Morat<\/strong><br>Ozuna<br>Paulo Londra<\/p>\n<h2>Mejor Artista Revelaci\u00f3n Premios Ode\u00f3n 2020<\/h2>\n<p>Adexe &amp; Nau<br><strong>Ganadora:Aitana<\/strong><br>Alba Reche<br>Alfred Garcia<br>Ana Guerra<br>Beret<br>Cepeda<br>Don Patricio<br>Lola Indigo<br>Natalia Lacunza<\/p>\n<p>&#8212;<\/p>\n<p><em><strong>Art\u00edculo del 20 diciembre 2019<\/strong><\/em><\/p>\n<p><\/p>\n<p><span style=\"font-weight: 400;\">El pr\u00f3ximo 20 de enero se llevar\u00e1 a cabo la gala de los <\/span><b>Premios Ode\u00f3n 2020<\/b><span style=\"font-weight: 400;\"> en el <\/span><b>Teatro Real de Madrid<\/b><span style=\"font-weight: 400;\">. Durante dos horas podremos disfrutar de actuaciones musicales. Se trata de los nuevos galardones del mundo de la m\u00fasica, un evento en donde se reconocen a nivel nacional a los mejores artistas, representaciones y discos del a\u00f1o. <\/span><\/p>\n<p><span style=\"font-weight: 400;\">Estos premios han sido <\/span><b>creados para poner en valor a los artistas m\u00e1s exitosos del a\u00f1o<\/b><span style=\"font-weight: 400;\">. Su objetivo es llegar a un p\u00fablico m\u00e1s general. As\u00ed como a un mayor n\u00famero de profesionales. En resumen, son una especie de premios Goya, pero de m\u00fasica.&nbsp;<\/span><\/p>\n<h2><b>20 enero 2020 celebraci\u00f3n de los Premios Ode\u00f3n 2020&nbsp;<\/b><\/h2>\n<p><span style=\"font-weight: 400;\">Con los <\/span><b>Premios Ode\u00f3n 2020, que se celebrar\u00e1n el d\u00eda lunes 20 de enero<\/b><span style=\"font-weight: 400;\">, se pretende recuperar la m\u00fasica espa\u00f1ola y retomar la tradici\u00f3n de premiar y reconocer a los artistas cada a\u00f1o. Los premios buscan que la sociedad le vuelva a dar la importancia a la m\u00fasica como lo hac\u00edan antiguamente los Premios Amigo (1997-2007).<\/span><span style=\"font-weight: 400;\">Sabes de d\u00f3nde viene su nombre? Del origen de la m\u00fasica, era el <\/span><b>templo en el que los griegos representaban espect\u00e1culos musicales<\/b><span style=\"font-weight: 400;\">. Y si te suena de algo m\u00e1s, es el nombre que llevaba tambi\u00e9n aquella famosa compa\u00f1\u00eda discogr\u00e1fica que cre\u00f3 los primeros discos de doble cara de pizarra.<\/span><\/p>\n<h2><b>Nominados y ganadores de los Premios Ode\u00f3n 2020<\/b><\/h2>\n<p><span style=\"font-weight: 400;\">Los nominados de los Premios Ode\u00f3n 2020 son <\/span><b>escogidos en primera instancia por el comit\u00e9 organizador, <\/b>que ha tenido <span style=\"font-weight: 400;\">en cuenta los datos de escuchas, ventas y visualizaciones generadas durante el a\u00f1o. Sin embargo, en estos premios, la <\/span><b>opini\u00f3n colectiva tambi\u00e9n ser\u00e1 importante<\/b><span style=\"font-weight: 400;\">. Como p\u00fablico, tendremos la oportunidad de votar los ganadores de Artistas Ode\u00f3n del a\u00f1o.&nbsp;<\/span><\/p>\n<p><\/p>\n<p><span style=\"font-weight: 400;\">Foto: Vida de Madrid<\/span><\/p>\n\n\n<p><\/p>\n","protected":false},"excerpt":{"rendered":"<p>Los ganadores de los Premios Ode\u00f3n 2020<\/p>\n","protected":false},"author":1,"featured_media":14919,"comment_status":"open","ping_status":"open","sticky":false,"template":"","format":"standard","meta":{"footnotes":""},"categories":[11],"tags":[168,8,109],"class_list":{"0":"post-14915","1":"post","2":"type-post","3":"status-publish","4":"format-standard","5":"has-post-thumbnail","7":"category-eventos-madrid","8":"tag-alejandro-sanz","9":"tag-centro-de-madrid","10":"tag-teatro-real"},"_links":{"self":[{"href":"https:\/\/www.vidademadrid.com\/es\/wp-json\/wp\/v2\/posts\/14915","targetHints":{"allow":["GET"]}}],"collection":[{"href":"https:\/\/www.vidademadrid.com\/es\/wp-json\/wp\/v2\/posts"}],"about":[{"href":"https:\/\/www.vidademadrid.com\/es\/wp-json\/wp\/v2\/types\/post"}],"author":[{"embeddable":true,"href":"https:\/\/www.vidademadrid.com\/es\/wp-json\/wp\/v2\/users\/1"}],"replies":[{"embeddable":true,"href":"https:\/\/www.vidademadrid.com\/es\/wp-json\/wp\/v2\/comments?post=14915"}],"version-history":[{"count":18,"href":"https:\/\/www.vidademadrid.com\/es\/wp-json\/wp\/v2\/posts\/14915\/revisions"}],"predecessor-version":[{"id":15416,"href":"https:\/\/www.vidademadrid.com\/es\/wp-json\/wp\/v2\/posts\/14915\/revisions\/15416"}],"wp:featuredmedia":[{"embeddable":true,"href":"https:\/\/www.vidademadrid.com\/es\/wp-json\/wp\/v2\/media\/14919"}],"wp:attachment":[{"href":"https:\/\/www.vidademadrid.com\/es\/wp-json\/wp\/v2\/media?parent=14915"}],"wp:term":[{"taxonomy":"category","embeddable":true,"href":"https:\/\/www.vidademadrid.com\/es\/wp-json\/wp\/v2\/categories?post=14915"},{"taxonomy":"post_tag","embeddable":true,"href":"https:\/\/www.vidademadrid.com\/es\/wp-json\/wp\/v2\/tags?post=14915"}],"curies":[{"name":"wp","href":"https:\/\/api.w.org\/{rel}","templated":true}]}}