{"id":14846,"date":"2019-12-12T18:04:56","date_gmt":"2019-12-12T17:04:56","guid":{"rendered":"http:\/\/www.vidademadrid.com\/es\/?p=14846"},"modified":"2020-03-27T10:54:55","modified_gmt":"2020-03-27T09:54:55","slug":"museo-reina-sofia-en-2020-las-proximas-exposiciones-temporales","status":"publish","type":"post","link":"https:\/\/www.vidademadrid.com\/es\/14846\/museo-reina-sofia-en-2020-las-proximas-exposiciones-temporales\/","title":{"rendered":"Museo Reina Sof\u00eda en 2020: las pr\u00f3ximas exposiciones temporales"},"content":{"rendered":"<p>En este art\u00edculo puedes consultar cu\u00e1les ser\u00e1n <strong>las pr\u00f3ximas exposiciones temporales<\/strong> que acoge <strong>en 2020<\/strong> el <strong>Museo Reina Sof\u00eda<\/strong>.<\/p>\n<p><script async=\"\" src=\"\/\/pagead2.googlesyndication.com\/pagead\/js\/adsbygoogle.js\"><\/script> <!-- Vida 2 --> <ins class=\"adsbygoogle\" style=\"display:inline-block;width:336px;height:280px\" data-ad-client=\"ca-pub-7450064428034605\" data-ad-slot=\"9336835571\"><\/ins> <script> (adsbygoogle = window.adsbygoogle || []).push({}); <\/script><\/p>\n<h2>Museo Reina Sof\u00eda 2020: Ignacio G\u00f3mez de Lia\u00f1o. Abandonar la escritura<\/h2>\n<p>La exposici\u00f3n parte de la donaci\u00f3n del escritor, poeta y fil\u00f3sofo Ignacio G\u00f3mez de Lia\u00f1o al Museo. G\u00f3mez de Lia\u00f1o es una figura clave dentro de la poes\u00eda experimental espa\u00f1ola. Su producci\u00f3n ha sido considerada como una referencia cultural dentro del panorama hispano actual.<\/p>\n<p>En muchas ocasiones se ha dedicado a la organizaci\u00f3n de eventos y exposiciones colectivas en torno a la poes\u00eda experimental, que permitieron dar a conocer a numerosos artistas extranjeros dentro del contexto espa\u00f1ol.<\/p>\n<p>Esta exposici\u00f3n pretende situar la figura de G\u00f3mez de Lia\u00f1o como un catalizador de artistas, as\u00ed como un autor eminente en la pr\u00e1ctica de la poes\u00eda de acci\u00f3n. As\u00ed pues, la muestra est\u00e1 compuesta por obras de arte de autores nacionales e internacionales como Alain Arias-Misson, Elena Asins, Carlo Belloli, Felipe Boso, Henri Chopin, Herminio Molero, Julio Plaza, Manolo Quejido, Paul de Vree o el propio Ignacio G\u00f3mez de Lia\u00f1o.<\/p>\n<ul>\n<li>Cu\u00e1ndo: <strong>del 18 de diciembre de 2019 al 18 de mayo de 2020<\/strong><\/li>\n<li>D\u00f3nde: <strong>Edificio Sabatini, Planta 4 (Museo Reina Sof\u00eda)<\/strong><\/li>\n<\/ul>\n<p><script async=\"\" src=\"\/\/pagead2.googlesyndication.com\/pagead\/js\/adsbygoogle.js\"><\/script> <!-- Vida vertical --> <ins class=\"adsbygoogle\" style=\"display:inline-block;width:300px;height:600px\" data-ad-client=\"ca-pub-7450064428034605\" data-ad-slot=\"7296098777\"><\/ins> <script> (adsbygoogle = window.adsbygoogle || []).push({}); <\/script><\/p>\n<h2>Museo Reina Sof\u00eda 2020: Petrit Halilaj<\/h2>\n<p>El trabajo de Petrit Halilaj est\u00e1 estrechamente vinculado con su biograf\u00eda, la historia reciente de su pa\u00eds, Kosovo, y las consecuencias de las tensiones pol\u00edticas y culturales en la regi\u00f3n.<\/p>\n<p>A pesar de su corta edad, Petrit Halilaj se convirti\u00f3 en un refugiado expulsado de su territorio debido a la persecuci\u00f3n durante los conflictos armados en Kosovo. Este contexto fue objeto de inspiraci\u00f3n para el artista que recurre a los recuerdos de su ni\u00f1ez y los materializa en esculturas que se traducen en hogar, naci\u00f3n e identidad cultural.<\/p>\n<p>As\u00ed, Halilaj interviene en el Palacio de Cristal para crear una instalaci\u00f3n a partir de elementos escult\u00f3ricos y formas vegetales que guardan cierto parecido con el Parque del Retiro.<\/p>\n<ul>\n<li>Cu\u00e1ndo: <strong>del 2 de abril al 6 de septiembre de 2020<\/strong><\/li>\n<li>D\u00f3nde: <strong>Palacio de Cristal (Parque del Retiro)<\/strong><\/li>\n<\/ul>\n<h2>Museo Reina Sof\u00eda 2020: Anna-Eva Bergman. De norte a sur, ritmos<\/h2>\n<p>La exposici\u00f3n re\u00fane una selecci\u00f3n de obras de Anna-Eva Bergman, una artista noruega que realiz\u00f3 uno de los proyectos abstractos m\u00e1s importantes y rigurosos del siglo XX.<\/p>\n<p>La muestra re\u00fane el trabajo realizado entre 1962 y 1971, d\u00e9cada considerada cl\u00e1sica en su producci\u00f3n y que coincide con una serie de viajes que realiza a Noruega y al sur de Espa\u00f1a. Se trata de un trabajo pict\u00f3rico que inscribe a la artista en la l\u00ednea de la representaci\u00f3n del paisaje propia de la abstracci\u00f3n rom\u00e1ntica europea.<\/p>\n<p>Piedras, horizontes, monta\u00f1as, fiordos, astros, barcas y \u00e1rboles son los motivos que Bergman pint\u00f3 a lo largo de su vida y que se encuentran presentes en esta exposici\u00f3n.<\/p>\n<ul>\n<li>Cu\u00e1ndo: <strong>del 7 de mayo al 21 de octubre de 2020<\/strong><\/li>\n<li>D\u00f3nde: <strong>Palacio de Vel\u00e1zquez (Parque del Retiro)<\/strong><\/li>\n<\/ul>\n<h2>Museo Reina Sof\u00eda 2020: Audiosfera. Audio experimental social, pre- y pos-Internet<\/h2>\n<p>Se trata de una selecci\u00f3n de m\u00e1s de mil obras sonoras, concebida desde una perspectiva social, con el objetivo de revelar y proporcionar un contexto para la reflexi\u00f3n y discusi\u00f3n sobre los cambios tecnoculturales ocurridos desde la d\u00e9cada de los 80, la exposici\u00f3n presentar\u00e1 el trabajo de un gran n\u00famero de artistas sonoros experimentales, la mayor\u00eda desconocidos para el p\u00fablico de arte contempor\u00e1neo.<\/p>\n<p>La muestra se articular\u00e1 en torno a las genealog\u00edas, redes, mega-accesibilidad, ciborgizaci\u00f3n, estetog\u00e9nica, recombinaci\u00f3n y derechos. Siete secciones que se han ido generando colectivamente y est\u00e1n ampliamente extendidos hoy en d\u00eda.<\/p>\n<p><em>Audioesfera&nbsp;<\/em>trata de ser una exposici\u00f3n de arte contempor\u00e1neo no conceptual a gran escala sin im\u00e1genes ni objetos, apoyada \u00fanicamente en las obras sonoras y en un dise\u00f1o expositivo que facilita la escucha a un nivel experiencial, profundo y prolongado.<\/p>\n<ul>\n<li>Cu\u00e1ndo: <strong>del 27 de mayo al 21 de septiembre de 2020<\/strong><\/li>\n<li>D\u00f3nde: <strong>Edificio Sabatini, Planta 3 (Museo Reina Sof\u00eda)<\/strong><\/li>\n<\/ul>\n<p>Foto: Vida de Madrid<\/p>\n<p><script async=\"\" src=\"\/\/pagead2.googlesyndication.com\/pagead\/js\/adsbygoogle.js\"><\/script> <!-- Vida 1 --> <ins class=\"adsbygoogle\" style=\"display:block\" data-ad-client=\"ca-pub-7450064428034605\" data-ad-slot=\"2284573579\" data-ad-format=\"auto\"><\/ins> <script> (adsbygoogle = window.adsbygoogle || []).push({}); <\/script><\/p>\n","protected":false},"excerpt":{"rendered":"<p>La oferta cultural de la capital cuenta con grandes exposiciones que llegan al Museo Nacional Centro de Arte Reina Sof\u00eda en 2020.<\/p>\n","protected":false},"author":7,"featured_media":14853,"comment_status":"open","ping_status":"open","sticky":false,"template":"","format":"standard","meta":{"footnotes":""},"categories":[3],"tags":[63,62],"class_list":{"0":"post-14846","1":"post","2":"type-post","3":"status-publish","4":"format-standard","5":"has-post-thumbnail","7":"category-visita-madrid","8":"tag-museo-reina-sofia","9":"tag-museos"},"_links":{"self":[{"href":"https:\/\/www.vidademadrid.com\/es\/wp-json\/wp\/v2\/posts\/14846","targetHints":{"allow":["GET"]}}],"collection":[{"href":"https:\/\/www.vidademadrid.com\/es\/wp-json\/wp\/v2\/posts"}],"about":[{"href":"https:\/\/www.vidademadrid.com\/es\/wp-json\/wp\/v2\/types\/post"}],"author":[{"embeddable":true,"href":"https:\/\/www.vidademadrid.com\/es\/wp-json\/wp\/v2\/users\/7"}],"replies":[{"embeddable":true,"href":"https:\/\/www.vidademadrid.com\/es\/wp-json\/wp\/v2\/comments?post=14846"}],"version-history":[{"count":6,"href":"https:\/\/www.vidademadrid.com\/es\/wp-json\/wp\/v2\/posts\/14846\/revisions"}],"predecessor-version":[{"id":14854,"href":"https:\/\/www.vidademadrid.com\/es\/wp-json\/wp\/v2\/posts\/14846\/revisions\/14854"}],"wp:featuredmedia":[{"embeddable":true,"href":"https:\/\/www.vidademadrid.com\/es\/wp-json\/wp\/v2\/media\/14853"}],"wp:attachment":[{"href":"https:\/\/www.vidademadrid.com\/es\/wp-json\/wp\/v2\/media?parent=14846"}],"wp:term":[{"taxonomy":"category","embeddable":true,"href":"https:\/\/www.vidademadrid.com\/es\/wp-json\/wp\/v2\/categories?post=14846"},{"taxonomy":"post_tag","embeddable":true,"href":"https:\/\/www.vidademadrid.com\/es\/wp-json\/wp\/v2\/tags?post=14846"}],"curies":[{"name":"wp","href":"https:\/\/api.w.org\/{rel}","templated":true}]}}